{"id":402311,"date":"2025-09-19T12:11:19","date_gmt":"2025-09-19T12:11:19","guid":{"rendered":"https:\/\/www.europesays.com\/fr\/402311\/"},"modified":"2025-09-19T12:11:19","modified_gmt":"2025-09-19T12:11:19","slug":"en-espagne-la-bataille-des-drapeaux-sinvite-dans-les-ecoles-lexpress","status":"publish","type":"post","link":"https:\/\/www.europesays.com\/fr\/402311\/","title":{"rendered":"en Espagne, la bataille des drapeaux s&rsquo;invite dans les \u00e9coles \u2013 L&rsquo;Express"},"content":{"rendered":"<p class=\"paragraph article-body-paragraph article__item   article-body-paragraph--first \">Accrocher un drapeau palestinien sur le fronton des b\u00e2timents publics, pour c\u00e9l\u00e9brer la reconnaissance, lundi 22 septembre, de <a href=\"https:\/\/www.lexpress.fr\/monde\/proche-moyen-orient\/guerre-a-gaza-la-france-veut-accentuer-la-pression-sur-israel-2UVCBLD3WVBGPMW7ZQMXDJ2QLA\/\" target=\"_self\" rel=\"noopener\" title=\"https:\/\/www.lexpress.fr\/monde\/proche-moyen-orient\/guerre-a-gaza-la-france-veut-accentuer-la-pression-sur-israel-2UVCBLD3WVBGPMW7ZQMXDJ2QLA\/\">la Palestine<\/a> par Paris, aux Nations Unies. En France, <a href=\"https:\/\/www.lexpress.fr\/politique\/drapeaux-palestiniens-sur-les-mairies-bruno-retailleau-demande-aux-prefets-de-sy-opposer-5BKEEGFM45BQHM74HZZ6WYJUPA\/\" target=\"_self\" rel=\"noopener\" title=\"https:\/\/www.lexpress.fr\/politique\/drapeaux-palestiniens-sur-les-mairies-bruno-retailleau-demande-aux-prefets-de-sy-opposer-5BKEEGFM45BQHM74HZZ6WYJUPA\/\">cette proposition du patron du Parti socialiste Olivier Faure<\/a> fait grincer des dents au minist\u00e8re de l\u2019Int\u00e9rieur.<\/p>\n<p class=\"paragraph article-body-paragraph article__item   \">Vendredi 19 septembre, les pr\u00e9fets ont re\u00e7u un t\u00e9l\u00e9gramme, consult\u00e9 par l\u2019AFP, leur demandant de s\u2019opposer \u00e0 une telle initiative. \u00ab\u00a0Le principe de neutralit\u00e9 du service public interdit de tels pavoisements\u00a0\u00bb, indique la place Beauvau, demandant \u00e0 ses relais de saisir la justice administrative, contre les mairies qui ne respecteraient pas cette d\u00e9cision. Les h\u00f4tels de villes de Nantes et Saint-Denis avaient, par exemple, d\u00e9j\u00e0 annonc\u00e9 vouloir afficher le drapeau palestinien sur leur fronton.<\/p>\n<p><strong class=\"article-body-link-list__item text-gray-800 article-body-link-list__item--one-item\">LIRE AUSSI : <a class=\"article-body-link-list__item-link\" href=\"https:\/\/www.lexpress.fr\/politique\/de-sebastien-lecornu-a-la-palestine-emmanuel-macron-la-diplomatie-pour-oublier-ANI5V2G3KFCQFGU2LNVDBANW64\/\" target=\"_blank\" rel=\"noopener\">De S\u00e9bastien Lecornu \u00e0 la Palestine : Emmanuel Macron, la diplomatie pour oublier<\/a><\/strong><\/p>\n<p class=\"paragraph article-body-paragraph article__item   \">Mais de l\u2019autre c\u00f4t\u00e9 des Pyr\u00e9n\u00e9es, le ton est tout autre. Tandis que le gouvernement de la r\u00e9gion de Madrid tente de faire retirer des symboles de solidarit\u00e9 avec Gaza des \u00e9coles, la communaut\u00e9 enseignante, ainsi que la gauche, s\u2019opposent farouchement \u00e0 cette d\u00e9cision. Pour rappel, l\u2019Espagne, gouvern\u00e9e par le socialiste Pedro S\u00e1nchez (proche du parti d\u2019Olivier Faure, en France), est un important d\u00e9fenseur de la cause palestinienne en Europe. Dimanche 14 septembre, plus de 100 000 manifestants \u00ab\u00a0contre le g\u00e9nocide \u00e0 Gaza\u00a0\u00bb et la participation de l\u2019\u00e9quipe isra\u00e9lienne \u00e0 \u00ab\u00a0<a href=\"https:\/\/www.lexpress.fr\/monde\/europe\/espagne-la-fin-chaotique-de-la-vuelta-ravive-les-tensions-avec-israel-WW7DUBMPNBEZPOQQJSTPGHTBPM\/?utm_medium=Social&amp;utm_source=Linkedin\" target=\"_self\" rel=\"noopener\" title=\"https:\/\/www.lexpress.fr\/monde\/europe\/espagne-la-fin-chaotique-de-la-vuelta-ravive-les-tensions-avec-israel-WW7DUBMPNBEZPOQQJSTPGHTBPM\/?utm_medium=Social&amp;utm_source=Linkedin\">la Vuelta<\/a>\u00a0\u00bb avaient mis fin pr\u00e9matur\u00e9ment \u00e0 la comp\u00e9tition sportive \u00e0 Madrid, avec le soutien du gouvernement.<\/p>\n<p>Les \u00e9coles doivent rester \u00ab\u00a0absolument apolitiques\u00a0\u00bb, selon la droite<\/p>\n<p class=\"paragraph article-body-paragraph article__item   \">L\u2019opposition du Parti populaire (droite) n\u2019a pas tard\u00e9 \u00e0 se faire entendre apr\u00e8s cette pol\u00e9mique, qualifi\u00e9e de \u00ab\u00a0honte internationale\u00a0\u00bb, par son chef Alberto Nunez Feijoo. Dans la foul\u00e9e, la communaut\u00e9 de Madrid, pr\u00e9sid\u00e9e par Isabel D\u00edaz Ayuso (issue de cette formation), a demand\u00e9 aux \u00e9tablissements scolaires publics et priv\u00e9s de retirer les symboles palestiniens de leurs b\u00e2timents, avec l\u2019argument que les \u00e9coles doivent rester \u00ab\u00a0absolument apolitiques\u00a0\u00bb.<\/p>\n<p><strong class=\"article-body-link-list__item text-gray-800 article-body-link-list__item--one-item\">LIRE AUSSI : <a class=\"article-body-link-list__item-link\" href=\"https:\/\/www.lexpress.fr\/monde\/europe\/cest-un-long-et-difficile-chemin-mort-il-y-a-cinquante-ans-franco-divise-encore-lespagne-HXMZCLCXCJDL7IVQPRIGKS563U\/\" target=\"_blank\" rel=\"noopener\">\u00ab\u00a0C\u2019est un long et difficile chemin\u00a0\u00bb : mort il y a cinquante ans, Franco divise encore l\u2019Espagne<\/a><\/strong><\/p>\n<p class=\"paragraph article-body-paragraph article__item   \">Pourtant \u00ab\u00a0l\u2019administration r\u00e9gionale avait autoris\u00e9 et encourag\u00e9 la solidarit\u00e9 avec l\u2019Ukraine\u00a0\u00bb, promouvant des campagnes de recueil de dons, rappelle le premier journal d\u2019Espagne, <a href=\"https:\/\/elpais.com\/espana\/madrid\/2025-09-19\/madrid-la-excepcion-por-ahora-el-resto-de-comunidades-autonomas-no-vetan-muestras-de-apoyo-a-gaza-en-los-centros-educativos.html\" target=\"_self\" rel=\"noopener\" title=\"https:\/\/elpais.com\/espana\/madrid\/2025-09-19\/madrid-la-excepcion-por-ahora-el-resto-de-comunidades-autonomas-no-vetan-muestras-de-apoyo-a-gaza-en-los-centros-educativos.html\">El Pa\u00eds<\/a>, pointant cette contradiction. Une mesure \u00e0 laquelle le mouvement politique Marea Palestina et la communaut\u00e9 \u00e9ducative ont r\u00e9agi. \u00ab\u00a0Alors que nous, les enseignants, expliquons \u00e0 nos \u00e9l\u00e8ves qu\u2019un g\u00e9nocide est en train d\u2019\u00eatre commis \u00e0 Gaza et que tous les droits humains sont bafou\u00e9s, le minist\u00e8re r\u00e9gional nie ces faits et tente de nous emp\u00eacher d\u2019en parler\u00a0\u00bb, d\u00e9nonce un professeur dans le quotidien <a href=\"https:\/\/www.publico.es\/sociedad\/colegios-ayuso-bernabeu-florentino-aqui-son-bienvenidas-banderas-palestinas.html\" target=\"_self\" rel=\"noopener\" title=\"https:\/\/www.publico.es\/sociedad\/colegios-ayuso-bernabeu-florentino-aqui-son-bienvenidas-banderas-palestinas.html\">P\u00fablico<\/a>.<\/p>\n<p class=\"paragraph article-body-paragraph article__item   \">La pol\u00e9mique est telle que la formation d\u2019opposition \u00ab\u00a0M\u00e1s Madrid\u00a0\u00bb (gauche) a annonc\u00e9 sur X que son groupe n\u2019h\u00e9sitera pas \u00e0 poursuivre le gouvernement madril\u00e8ne devant la justice, s\u2019il persistait \u00e0 vouloir faire taire \u00ab\u00a0les gestes de solidarit\u00e9\u00a0\u00bb avec Gaza. Exacerb\u00e9 par les mobilisations populaires, le d\u00e9bat a \u00e9galement eu des r\u00e9percussions en Andalousie, o\u00f9 le lyc\u00e9e Columela, \u00e0 Cadiz, s\u2019est vu oblig\u00e9 de retirer les drapeaux palestinien et ukrainien accroch\u00e9s depuis plusieurs mois sur son fronton. L\u2019\u00e9tablissement s\u2019est ex\u00e9cut\u00e9, mais les a remplac\u00e9s par une banderole aux couleurs de la Palestine, sur laquelle on peut lire \u00ab\u00a0Stop au g\u00e9nocide\u00a0\u00bb, avec des dessins issus du tableau \u00ab\u00a0Guernica\u00a0\u00bb de Picasso, d\u00e9non\u00e7ant les bombardements indiscrimin\u00e9s contre les civils lors de la guerre espagnole, et repris r\u00e9guli\u00e8rement dans les manifestations.<\/p>\n<p class=\"paragraph article-body-paragraph article__item   \">La banderole n\u2019a toujours pas \u00e9t\u00e9 interdite, n\u2019enfreignant officiellement aucun r\u00e8glement : pour interdire les \u00e9tendards, \u00ab\u00a0le minist\u00e8re r\u00e9gional de l\u2019\u00c9ducation de l\u2019Andalousie se r\u00e9f\u00e8re \u00e0 la loi en vigueur sur l\u2019utilisation des drapeaux dans les b\u00e2timents publics [\u2026] et \u00e0 la jurisprudence de la Cour supr\u00eame, qui stipulent qu\u2019il n\u2019est pas possible d\u2019utiliser des drapeaux non officiels \u00e0 l\u2019ext\u00e9rieur des b\u00e2timents publics. C\u2019est pr\u00e9cis\u00e9ment pour cette raison que le lyc\u00e9e a command\u00e9 une b\u00e2che\u00a0\u00bb, explique El Pa\u00eds.<\/p>\n<p>Une question d\u2019autonomie<\/p>\n<p class=\"paragraph article-body-paragraph article__item   \">Dans le reste de l\u2019Espagne, les communaut\u00e9s autonomes n\u2019ont en revanche pas impos\u00e9 de consignes sp\u00e9cifiques ni marqu\u00e9 d\u2019opposition \u00e0 ces expressions pro-palestiniennes. En Catalogne, o\u00f9 les syndicats enseignants ont appel\u00e9 \u00e0 des journ\u00e9es d\u2019actions de solidarit\u00e9 avec Gaza jeudi, dont des manifestations de professeurs et d\u2019\u00e9l\u00e8ves, le gouvernement a demand\u00e9 aux directions de ne pas sortir du cadre p\u00e9dagogique ou du calendrier scolaire, sans pour autant les interdire.<\/p>\n<p><strong class=\"article-body-link-list__item text-gray-800 article-body-link-list__item--one-item\">LIRE AUSSI : <a class=\"article-body-link-list__item-link\" href=\"https:\/\/www.lexpress.fr\/monde\/europe\/pourquoi-lespagne-est-le-premier-avocat-de-la-cause-palestinienne-en-europe-Z2REHQDHOVB6HNGMI6377ARVSA\/\" target=\"_blank\" rel=\"noopener\">Pourquoi l\u2019Espagne est le premier avocat de la cause palestinienne en Europe<\/a><\/strong><\/p>\n<p class=\"paragraph article-body-paragraph article__item    article__text__endpicto\">Pour le gouvernement des Canaries encore, \u00e9voquer le conflit en classe ne doit pas \u00eatre un tabou : les enseignants adaptent leur travail en classe au contexte social, \u00ab\u00a0c\u2019est l\u2019une des cl\u00e9s pour parvenir \u00e0 un apprentissage significatif\u00a0\u00bb, de sorte \u00ab\u00a0qu\u2019il ne serait pas surprenant, bien au contraire\u00a0\u00bb, que l\u2019on parle du conflit dans les salles de classe des Canaries, indique le minist\u00e8re r\u00e9gional de l\u2019Education, cit\u00e9 par El Pa\u00eds. \u00ab\u00a0Il est courant que les enseignants utilisent des sujets d\u2019actualit\u00e9 mais cela reste \u00e0 la discr\u00e9tion de chaque professeur\u00a0\u00bb. In fine, dans plusieurs r\u00e9gions, \u00ab\u00a0les gouvernements locaux insistent sur l\u2019autonomie des \u00e9coles, et le fait que la participation \u00e0 des activit\u00e9s de solidarit\u00e9 rel\u00e8ve du libre choix des directions d\u2019\u00e9tablissements\u00a0\u00bb, conclut le quotidien. Une r\u00e9alit\u00e9 bien diff\u00e9rente de la France, o\u00f9 l\u2019Education nationale a un fonctionnement plus homog\u00e8ne et centralis\u00e9.<\/p>\n","protected":false},"excerpt":{"rendered":"Accrocher un drapeau palestinien sur le fronton des b\u00e2timents publics, pour c\u00e9l\u00e9brer la reconnaissance, lundi 22 septembre, de&hellip;\n","protected":false},"author":2,"featured_media":402312,"comment_status":"","ping_status":"","sticky":false,"template":"","format":"standard","meta":{"footnotes":""},"categories":[1586],"tags":[11,1057,1777,674,1011,27,74,12,31,25,104],"class_list":{"0":"post-402311","1":"post","2":"type-post","3":"status-publish","4":"format-standard","5":"has-post-thumbnail","7":"category-europe","8":"tag-actualites","9":"tag-education","10":"tag-eu","11":"tag-europe","12":"tag-fr","13":"tag-france","14":"tag-monde","15":"tag-news","16":"tag-proche-et-moyen-orient","17":"tag-republique-francaise","18":"tag-societe"},"share_on_mastodon":{"url":"https:\/\/pubeurope.com\/@fr\/115230899158910883","error":""},"_links":{"self":[{"href":"https:\/\/www.europesays.com\/fr\/wp-json\/wp\/v2\/posts\/402311","targetHints":{"allow":["GET"]}}],"collection":[{"href":"https:\/\/www.europesays.com\/fr\/wp-json\/wp\/v2\/posts"}],"about":[{"href":"https:\/\/www.europesays.com\/fr\/wp-json\/wp\/v2\/types\/post"}],"author":[{"embeddable":true,"href":"https:\/\/www.europesays.com\/fr\/wp-json\/wp\/v2\/users\/2"}],"replies":[{"embeddable":true,"href":"https:\/\/www.europesays.com\/fr\/wp-json\/wp\/v2\/comments?post=402311"}],"version-history":[{"count":0,"href":"https:\/\/www.europesays.com\/fr\/wp-json\/wp\/v2\/posts\/402311\/revisions"}],"wp:featuredmedia":[{"embeddable":true,"href":"https:\/\/www.europesays.com\/fr\/wp-json\/wp\/v2\/media\/402312"}],"wp:attachment":[{"href":"https:\/\/www.europesays.com\/fr\/wp-json\/wp\/v2\/media?parent=402311"}],"wp:term":[{"taxonomy":"category","embeddable":true,"href":"https:\/\/www.europesays.com\/fr\/wp-json\/wp\/v2\/categories?post=402311"},{"taxonomy":"post_tag","embeddable":true,"href":"https:\/\/www.europesays.com\/fr\/wp-json\/wp\/v2\/tags?post=402311"}],"curies":[{"name":"wp","href":"https:\/\/api.w.org\/{rel}","templated":true}]}}