{"id":402315,"date":"2025-09-19T12:13:11","date_gmt":"2025-09-19T12:13:11","guid":{"rendered":"https:\/\/www.europesays.com\/fr\/402315\/"},"modified":"2025-09-19T12:13:11","modified_gmt":"2025-09-19T12:13:11","slug":"au-lendemain-de-la-journee-de-mobilisation-les-syndicats-adressent-un-ultimatum-a-lecornu-liberation","status":"publish","type":"post","link":"https:\/\/www.europesays.com\/fr\/402315\/","title":{"rendered":"Au lendemain de la journ\u00e9e de mobilisation, les syndicats adressent un \u00abultimatum\u00bb \u00e0 Lecornu \u2013 Lib\u00e9ration"},"content":{"rendered":"<p class=\"sc-cPiKLX AiZTS text-element\">Au moment o\u00f9 \u00ables travailleurs et les travailleuses [sont] en position de force\u00bb, les organisations de salari\u00e9s fixent \u00abun ultimatum\u00bb \u00e0 S\u00e9bastien Lecornu. <a href=\"https:\/\/www.liberation.fr\/societe\/mobilisation-du-18-septembre-ce-quil-faut-savoir-a-la-mi-journee-20250918_JRCCXZ5ZBBFNHCAQD3T4IRRWEY\/\" target=\"_blank\" rel=\"noreferrer noopener\" title=\"https:\/\/www.liberation.fr\/societe\/mobilisation-du-18-septembre-ce-quil-faut-savoir-a-la-mi-journee-20250918_JRCCXZ5ZBBFNHCAQD3T4IRRWEY\/\">Au lendemain de la mobilisation du 18\u00a0septembre,<\/a> qui a r\u00e9uni 1,1\u00a0million de personnes \u00e0 travers la France selon le dernier comptage de la CGT (500\u00a0000 selon l\u2019Int\u00e9rieur), l\u2019intersyndicale a donn\u00e9 jusqu\u2019au mercredi 24\u00a0septembre au Premier ministre pour \u00abr\u00e9pondre \u00e0 [ses] revendications\u00bb concernant le budget 2026. Sans quoi, les huit organisations syndicales (CFDT, CGT, FO, CFE-CGC, CFTC, Unsa, FSU et Solidaires) \u00abse retrouveront pour d\u00e9cider tr\u00e8s rapidement d\u2019une nouvelle journ\u00e9e de gr\u00e8ve et de manifestations\u00bb, pr\u00e9viennent-elles dans un communiqu\u00e9 lu devant le si\u00e8ge de la CGT par l\u2019un de ses secr\u00e9taires conf\u00e9d\u00e9raux, Thomas Vacheron. <\/p>\n<p class=\"sc-cPiKLX AiZTS text-element\">D\u2019apr\u00e8s un responsable syndical, les num\u00e9ros\u00a01 se sont vus jeudi apr\u00e8s-midi \u00e0 la Bourse du travail \u00e0 Paris, en marge du cort\u00e8ge qui d\u00e9filait dans la capitale, pour d\u00e9cider des suites \u00e0 donner \u00e0 <a href=\"https:\/\/www.liberation.fr\/economie\/social\/mobilisation-du-18-septembre-la-rue-interpelle-lecornu-20250918_4VZNEKXC3NHTXPOKTLU4WZKIHA\/\" target=\"_blank\" rel=\"noreferrer noopener\" title=\"https:\/\/www.liberation.fr\/economie\/social\/mobilisation-du-18-septembre-la-rue-interpelle-lecornu-20250918_4VZNEKXC3NHTXPOKTLU4WZKIHA\/\">une premi\u00e8re journ\u00e9e de mobilisation consid\u00e9r\u00e9e comme r\u00e9ussie<\/a>. Plusieurs organisations, dont la CFTC, ont plaid\u00e9 pour temporiser, a expliqu\u00e9 le pr\u00e9sident de ce syndicat, Cyril Chabanier, ce vendredi sur BFM TV\u00a0: \u00abC\u2019\u00e9tait important de laisser au Premier ministre quelques jours et un petit peu de temps pour envoyer des signes positifs. On poussait \u00e7a et on s\u2019est mis assez rapidement d\u2019accord.\u00bb La r\u00e9union de ce vendredi 19\u00a0septembre visait \u00e0 r\u00e9diger le communiqu\u00e9 \u00abconform\u00e9ment aux d\u00e9cisions prises\u00bb la veille. <\/p>\n<p class=\"sc-cPiKLX AiZTS text-element\">Il en r\u00e9sulte un exercice d\u2019\u00e9quilibre dans lequel chaque formule est pes\u00e9e pour convenir aux orientations \u2013 parfois tr\u00e8s diff\u00e9rentes \u2013 des uns et des autres. Les revendications soumises aux Premier ministre sont globalement les m\u00eames que dans le communiqu\u00e9 commun du 29\u00a0ao\u00fbt. Elles portent notamment sur \u00abl\u2019abandon de l\u2019ensemble du projet de budget\u00bb (sont cit\u00e9s le doublement des franchises m\u00e9dicales, l\u2019ann\u00e9e blanche sur les prestations, les suppressions de postes de fonctionnaires, la r\u00e9forme de l\u2019assurance ch\u00f4mage mais aussi \u00abdes projets attaquant le code du travail, et <a href=\"https:\/\/www.liberation.fr\/economie\/social\/les-syndicats-alertent-sur-une-proposition-de-loi-qui-ouvrirait-une-breche-dans-le-caractere-chome-du-1er-mai-20250702_P7SMBBLQ4FGWTF4FVJKY2SMYNY\/?redirected=1\" target=\"_blank\" rel=\"noreferrer noopener\" title=\"https:\/\/www.liberation.fr\/economie\/social\/les-syndicats-alertent-sur-une-proposition-de-loi-qui-ouvrirait-une-breche-dans-le-caractere-chome-du-1er-mai-20250702_P7SMBBLQ4FGWTF4FVJKY2SMYNY\/?redirected=1\">le 1er\u00a0mai<\/a>\u00bb). Les syndicats r\u00e9clament aussi \u00abla mise en place de dispositifs qui taxent les gros patrimoines et les tr\u00e8s hauts revenus\u00bb, sans citer explicitement la <a href=\"https:\/\/www.liberation.fr\/economie\/impot-sur-les-ultrariches-la-taxe-zucman-en-six-questions-20250911_W54LZ6RL5VEMJMV3HT5UG2JQFQ\/\" target=\"_blank\" rel=\"noreferrer noopener\" title=\"https:\/\/www.liberation.fr\/economie\/impot-sur-les-ultrariches-la-taxe-zucman-en-six-questions-20250911_W54LZ6RL5VEMJMV3HT5UG2JQFQ\/\">taxe Zucman<\/a> qui suscite des r\u00e9serves chez certains. La \u00abconditionnalit\u00e9 sociale et environnementale des <a href=\"https:\/\/www.liberation.fr\/economie\/un-rapport-senatorial-suggere-de-rationaliser-les-211-milliards-deuros-daides-aux-entreprises-20250708_YJ5UY5VDEBDE3CHKPV4GCCPREE\/\" target=\"_blank\" rel=\"noreferrer noopener\" title=\"https:\/\/www.liberation.fr\/economie\/un-rapport-senatorial-suggere-de-rationaliser-les-211-milliards-deuros-daides-aux-entreprises-20250708_YJ5UY5VDEBDE3CHKPV4GCCPREE\/\">211\u00a0milliards d\u2019euros<\/a> d\u2019aides publiques aux entreprises priv\u00e9es\u00bb ressort aussi comme un \u00abpoint fondamental\u00bb, pr\u00e9cise Thomas Vacheron \u00e0 Lib\u00e9ration. <\/p>\n<p class=\"sc-cPiKLX AiZTS text-element\">Enfin, le communiqu\u00e9 demande \u00abl\u2019abandon du recul de l\u2019\u00e2ge l\u00e9gal de d\u00e9part \u00e0 la retraite \u00e0 64 ans\u00bb. Ce qui laisse ouverte la porte aussi bien \u00e0 une abrogation (retour aux 62 ans), r\u00e9clam\u00e9e par la CGT, qu\u2019\u00e0 une suspension, dont la CFDT a fait sa priorit\u00e9. En cas de suspension, en raison de la mont\u00e9e en charge progressive de la r\u00e9forme, la borne de d\u00e9part pourrait \u00eatre bloqu\u00e9e \u00e0 63\u00a0ans. <\/p>\n<p class=\"sc-cPiKLX AiZTS text-element\">Jeudi soir, S\u00e9bastien Lecornu a annonc\u00e9 dans une d\u00e9claration transmise \u00e0 la presse qu\u2019il recevrait \u00e0 nouveau les organisations de salari\u00e9s ces prochains jours, les \u00abrevendications\u00bb exprim\u00e9es par les manifestants \u00e9tant \u00abau c\u0153ur des consultations\u00bb qu\u2019il m\u00e8ne actuellement avec les partis politiques. <\/p>\n<p class=\"sc-cPiKLX AiZTS text-element\"><b>Mise \u00e0 jour vendredi 19\u00a0septembre \u00e0 13h06\u00a0: avec les pr\u00e9cisions de Cyril Chabanier sur BFM TV.<\/b> <\/p>\n","protected":false},"excerpt":{"rendered":"Au moment o\u00f9 \u00ables travailleurs et les travailleuses [sont] en position de force\u00bb, les organisations de salari\u00e9s fixent&hellip;\n","protected":false},"author":2,"featured_media":402316,"comment_status":"","ping_status":"","sticky":false,"template":"","format":"standard","meta":{"footnotes":""},"categories":[2],"tags":[11,1270,32577,32578,1271,1011,27,14712,12,25,11067,9413],"class_list":{"0":"post-402315","1":"post","2":"type-post","3":"status-publish","4":"format-standard","5":"has-post-thumbnail","7":"category-actualites","8":"tag-actualites","9":"tag-cfdt","10":"tag-cfe-cgc","11":"tag-cftc","12":"tag-cgt","13":"tag-fr","14":"tag-france","15":"tag-fsu","16":"tag-news","17":"tag-republique-francaise","18":"tag-sebastien-lecornu","19":"tag-syndicalisme"},"share_on_mastodon":{"url":"https:\/\/pubeurope.com\/@fr\/115230907046323345","error":""},"_links":{"self":[{"href":"https:\/\/www.europesays.com\/fr\/wp-json\/wp\/v2\/posts\/402315","targetHints":{"allow":["GET"]}}],"collection":[{"href":"https:\/\/www.europesays.com\/fr\/wp-json\/wp\/v2\/posts"}],"about":[{"href":"https:\/\/www.europesays.com\/fr\/wp-json\/wp\/v2\/types\/post"}],"author":[{"embeddable":true,"href":"https:\/\/www.europesays.com\/fr\/wp-json\/wp\/v2\/users\/2"}],"replies":[{"embeddable":true,"href":"https:\/\/www.europesays.com\/fr\/wp-json\/wp\/v2\/comments?post=402315"}],"version-history":[{"count":0,"href":"https:\/\/www.europesays.com\/fr\/wp-json\/wp\/v2\/posts\/402315\/revisions"}],"wp:featuredmedia":[{"embeddable":true,"href":"https:\/\/www.europesays.com\/fr\/wp-json\/wp\/v2\/media\/402316"}],"wp:attachment":[{"href":"https:\/\/www.europesays.com\/fr\/wp-json\/wp\/v2\/media?parent=402315"}],"wp:term":[{"taxonomy":"category","embeddable":true,"href":"https:\/\/www.europesays.com\/fr\/wp-json\/wp\/v2\/categories?post=402315"},{"taxonomy":"post_tag","embeddable":true,"href":"https:\/\/www.europesays.com\/fr\/wp-json\/wp\/v2\/tags?post=402315"}],"curies":[{"name":"wp","href":"https:\/\/api.w.org\/{rel}","templated":true}]}}