{"id":402329,"date":"2025-09-19T12:25:10","date_gmt":"2025-09-19T12:25:10","guid":{"rendered":"https:\/\/www.europesays.com\/fr\/402329\/"},"modified":"2025-09-19T12:25:10","modified_gmt":"2025-09-19T12:25:10","slug":"blessee-lors-dun-accident-de-la-route-isabelle-nanty-a-du-quitter-le-tournage-dune-serie-pour-tf1","status":"publish","type":"post","link":"https:\/\/www.europesays.com\/fr\/402329\/","title":{"rendered":"Bless\u00e9e lors d\u2019un accident de la route, Isabelle Nanty a d\u00fb quitter le tournage d\u2019une s\u00e9rie pour TF1"},"content":{"rendered":"<p>Eloign\u00e9e des cam\u00e9ras. Vendredi dernier, Isabelle Nanty a \u00e9t\u00e9 victime d\u2019une <a href=\"https:\/\/www.20minutes.fr\/arts-stars\/people\/4173126-20250915-isabelle-nanty-actrice-saga-tuche-victime-grave-accident-route-yvelines\" target=\"_blank\" class=\"c-link c-link--is-underlined\" rel=\"noopener\">violente sortie de route<\/a> dans les <a href=\"https:\/\/www.20minutes.fr\/societe\/yvelines\/\" class=\"c-link c-link--is-underlined\" target=\"_blank\" rel=\"noopener\">Yvelines<\/a>. La com\u00e9dienne de 63 ans (<a href=\"https:\/\/www.20minutes.fr\/culture\/asterix\/\" class=\"c-link c-link--is-underlined\" target=\"_blank\" rel=\"noopener\">Ast\u00e9rix<\/a> et Ob\u00e9lix\u00a0: Mission Cl\u00e9op\u00e2tre, <a href=\"https:\/\/www.20minutes.fr\/arts-stars\/cinema\/tuche\/\" class=\"c-link c-link--is-underlined\" target=\"_blank\" rel=\"noopener\">Les Tuche<\/a>\u2026), qui souffre notamment d\u2019un traumatisme cervical et de trois c\u00f4tes cass\u00e9es, revenait alors du Cantal, o\u00f9 elle tournait pour Marie-Line, incognito, une s\u00e9rie pour <a href=\"https:\/\/www.20minutes.fr\/dossier\/tf1\" class=\"c-link c-link--is-underlined\" target=\"_blank\" rel=\"noopener\">TF1<\/a> o\u00f9 elle tient le r\u00f4le-titre, rapporte <a href=\"https:\/\/www.leparisien.fr\/culture-loisirs\/cinema\/accident-disabelle-nanty-blessee-lactrice-a-du-quitter-le-tournage-dune-serie-pour-tf1-18-09-2025-5T43U3LZEVA7XESZ36UAVF2654.php?ts=1758268524822\" rel=\"nofollow noopener\" target=\"_blank\" class=\"c-link c-link--is-underlined\">Le Parisien<\/a>.<\/p>\n<p>Le tournage se poursuit sans la com\u00e9dienne<\/p>\n<p>Le tournage de cette fiction de TF1 avait commenc\u00e9 le 24\u00a0juin, avant de s\u2019interrompre le 7\u00a0ao\u00fbt et de reprendre le 24, dans les environs d\u2019Aurillac. Selon l\u2019\u00e9quipe de production de la s\u00e9rie, il ne restait que quelques sc\u00e8nes \u00e0 mettre en bo\u00eete avec Isabelle Nanty. Le tournage, qui devait initialement s\u2019achever le 5\u00a0octobre, se poursuit actuellement sans sa t\u00eate d\u2019affiche.<\/p>\n<p>La com\u00e9dienne ne devrait reprendre le chemin du lieu de tournage que lorsqu\u2019elle sera en mesure de le faire. \u00ab\u00a0On avance le c\u0153ur serr\u00e9 pour Isabelle, en esp\u00e9rant qu\u2019elle se r\u00e9tablisse vite\u00a0\u00bb, a t\u00e9moign\u00e9 un membre de l\u2019\u00e9quipe au Parisien.<\/p>\n<p>Un retour programm\u00e9 au cin\u00e9ma<\/p>\n<p>Dans la s\u00e9rie pr\u00e9vue pour TF1, intitul\u00e9e Marie-Line, incognito, Isabelle Nanty joue le r\u00f4le principal, celui de Marie-Line Maupain. Espionne de la <a href=\"https:\/\/www.20minutes.fr\/dossier\/dgse\" class=\"c-link c-link--is-underlined\" target=\"_blank\" rel=\"noopener\">DGSE<\/a> (Direction g\u00e9n\u00e9rale de la s\u00e9curit\u00e9 ext\u00e9rieure) en <a href=\"https:\/\/www.20minutes.fr\/monde\/russie\/\" class=\"c-link c-link--is-underlined\" target=\"_blank\" rel=\"noopener\">Russie<\/a> pendant trente ans est contrainte est forc\u00e9e de se mettre au vert dans son Cantal natal. Dans cette fiction sign\u00e9e Arnauld Mercadier (Disparition inqui\u00e9tante, La Famille Katz\u2026), qui sera diffus\u00e9e sur la Une en\u00a02026, Marie-Line Maupain va se retrouver m\u00eal\u00e9e \u00e0 une s\u00e9rie de meurtres et va devoir mettre \u00e0 contribution son exp\u00e9rience d\u2019espionne.<\/p>\n<\/p>\n<p>Avant de d\u00e9couvrir Marie-Line, incognito \u00e0 la t\u00e9l\u00e9vision, Isabelle Nanty sera \u00e0 l\u2019affiche d\u2019\u00c0 la poursuite du P\u00e8re No\u00ebl\u00a0!, une com\u00e9die de James Huth, avec Patrick Timsit et Antoine Gouy, qui sortira au <a href=\"https:\/\/www.20minutes.fr\/arts-stars\/cinema\/\" class=\"c-link c-link--is-underlined\" target=\"_blank\" rel=\"noopener\">cin\u00e9ma<\/a> le 10\u00a0d\u00e9cembre.<\/p>\n","protected":false},"excerpt":{"rendered":"Eloign\u00e9e des cam\u00e9ras. Vendredi dernier, Isabelle Nanty a \u00e9t\u00e9 victime d\u2019une violente sortie de route dans les Yvelines.&hellip;\n","protected":false},"author":2,"featured_media":402330,"comment_status":"","ping_status":"","sticky":false,"template":"","format":"standard","meta":{"footnotes":""},"categories":[1359],"tags":[6733,2430,37926,58,59,1011,27,662,5517,973,252,199,1938],"class_list":{"0":"post-402329","1":"post","2":"type-post","3":"status-publish","4":"format-standard","5":"has-post-thumbnail","7":"category-people","8":"tag-auvergne","9":"tag-auvergne-rhone-alpes","10":"tag-cantal","11":"tag-divertissement","12":"tag-entertainment","13":"tag-fr","14":"tag-france","15":"tag-ile-de-france","16":"tag-les-tuche","17":"tag-people","18":"tag-television","19":"tag-tf1","20":"tag-yvelines"},"share_on_mastodon":{"url":"https:\/\/pubeurope.com\/@fr\/115230954324420400","error":""},"_links":{"self":[{"href":"https:\/\/www.europesays.com\/fr\/wp-json\/wp\/v2\/posts\/402329","targetHints":{"allow":["GET"]}}],"collection":[{"href":"https:\/\/www.europesays.com\/fr\/wp-json\/wp\/v2\/posts"}],"about":[{"href":"https:\/\/www.europesays.com\/fr\/wp-json\/wp\/v2\/types\/post"}],"author":[{"embeddable":true,"href":"https:\/\/www.europesays.com\/fr\/wp-json\/wp\/v2\/users\/2"}],"replies":[{"embeddable":true,"href":"https:\/\/www.europesays.com\/fr\/wp-json\/wp\/v2\/comments?post=402329"}],"version-history":[{"count":0,"href":"https:\/\/www.europesays.com\/fr\/wp-json\/wp\/v2\/posts\/402329\/revisions"}],"wp:featuredmedia":[{"embeddable":true,"href":"https:\/\/www.europesays.com\/fr\/wp-json\/wp\/v2\/media\/402330"}],"wp:attachment":[{"href":"https:\/\/www.europesays.com\/fr\/wp-json\/wp\/v2\/media?parent=402329"}],"wp:term":[{"taxonomy":"category","embeddable":true,"href":"https:\/\/www.europesays.com\/fr\/wp-json\/wp\/v2\/categories?post=402329"},{"taxonomy":"post_tag","embeddable":true,"href":"https:\/\/www.europesays.com\/fr\/wp-json\/wp\/v2\/tags?post=402329"}],"curies":[{"name":"wp","href":"https:\/\/api.w.org\/{rel}","templated":true}]}}