{"id":402333,"date":"2025-09-19T12:27:21","date_gmt":"2025-09-19T12:27:21","guid":{"rendered":"https:\/\/www.europesays.com\/fr\/402333\/"},"modified":"2025-09-19T12:27:21","modified_gmt":"2025-09-19T12:27:21","slug":"pour-la-montagne-a-la-rencontre-de-ceux-qui-fabriquent-lavenir","status":"publish","type":"post","link":"https:\/\/www.europesays.com\/fr\/402333\/","title":{"rendered":"Pour la montagne (\u00e0 la rencontre de ceux qui fabriquent l\u2019avenir)"},"content":{"rendered":"<p>Dans ce livre choral, le journaliste et montagnard <a href=\"https:\/\/www.glenat.com\/auteur\/guillaume-desmurs\/\" target=\"_blank\" rel=\"noopener\">Guillaume Desmurs<\/a> raconte la r\u00e9alit\u00e9 de l\u2019engagement pour la montagne de demain. Pour ce faire, il a fait appel \u00e0 \u00ab\u00a0des montagnards remarquables de courage, d\u2019engagement personnel, de prise de risque et d\u2019inventivit\u00e9\u00a0\u00bb.<\/p>\n<p>\u00ab\u00a0Je me tourne vers ceux qui parle de prosp\u00e9rit\u00e9, de beaut\u00e9, de soin du territoire, d\u2019autonomie, d\u2019\u00e9nergie locale\u00a0\u00bb, explique l\u2019auteur.\u00a0\u00ab\u00a0Vers ceux qui vivent la montagne, qui y sont aujourd\u2019hui, y seront encore demain quand les piquets olympiques auront \u00e9t\u00e9 retir\u00e9s et les cam\u00e9ras \u00e9teintes.\u00a0\u00bb<\/p>\n<p>  \u00ab Impossible d&rsquo;ignorer le changement climatique\u00a0\u00bb<\/p>\n<p>Parmi eux, Xavier Caihol, guide de montagne pour qui il est \u00ab\u00a0impossible d\u2019ignorer le changement climatique\u00a0\u00bb et Nolwen Berthier, grimpeuse professionnelle, qui voit dans sa discipline \u00ab\u00a0une forme d\u2019humilit\u00e9 dans notre relation \u00e0 l\u2019ext\u00e9rieur et au vivant\u00a0\u00bb.<\/p>\n<p>\u00c0 travers une douzaine d\u2019entretiens et de portraits, ces acteurs venus de divers horizons \u2013 mais tous convaincus que c\u2019est aujourd\u2019hui que se construit la montagne de demain \u2013 d\u00e9voilent leur combat et leurs actions men\u00e9es au quotidien.<\/p>\n<p>Parce que le constat est sans appel\u00a0: en montagne, le r\u00e9chauffement climatique est deux fois plus rapide qu\u2019ailleurs\u00a0! Page apr\u00e8s page, on y d\u00e9couvre ainsi comment cette transition devenue n\u00e9cessaire s\u2019organise sur le terrain\u2026 loin des discours politiques et du marketing.<\/p>\n<p>Pour la montagne (\u00e0 la rencontre de ceux qui fabriquent l\u2019avenir) de Guillaume Desmurs, <a href=\"https:\/\/www.glenat.com\/\" target=\"_blank\" rel=\"noopener\">Gl\u00e9nat<\/a> (Collection <a href=\"https:\/\/www.glenat.com\/glenat-livres\/collections-hommes-et-montagnes\/\" target=\"_blank\" rel=\"noopener\">Hommes et montagnes<\/a>), 192 pages, 19,95 euros<\/p>\n","protected":false},"excerpt":{"rendered":"Dans ce livre choral, le journaliste et montagnard Guillaume Desmurs raconte la r\u00e9alit\u00e9 de l\u2019engagement pour la montagne&hellip;\n","protected":false},"author":2,"featured_media":402334,"comment_status":"","ping_status":"","sticky":false,"template":"","format":"standard","meta":{"footnotes":""},"categories":[1357],"tags":[1379,1687,58,59,107,1701,1011,27,329,1380,2410,5324,517,1947,9589],"class_list":{"0":"post-402333","1":"post","2":"type-post","3":"status-publish","4":"format-standard","5":"has-post-thumbnail","7":"category-livres","8":"tag-books","9":"tag-culture-loisirs","10":"tag-divertissement","11":"tag-entertainment","12":"tag-fil-info","13":"tag-fil-info-sport","14":"tag-fr","15":"tag-france","16":"tag-france-monde","17":"tag-livres","18":"tag-livres-bd","19":"tag-montagne","20":"tag-sport","21":"tag-sport-national","22":"tag-sports-dhiver"},"share_on_mastodon":{"url":"https:\/\/pubeurope.com\/@fr\/115230962014716987","error":""},"_links":{"self":[{"href":"https:\/\/www.europesays.com\/fr\/wp-json\/wp\/v2\/posts\/402333","targetHints":{"allow":["GET"]}}],"collection":[{"href":"https:\/\/www.europesays.com\/fr\/wp-json\/wp\/v2\/posts"}],"about":[{"href":"https:\/\/www.europesays.com\/fr\/wp-json\/wp\/v2\/types\/post"}],"author":[{"embeddable":true,"href":"https:\/\/www.europesays.com\/fr\/wp-json\/wp\/v2\/users\/2"}],"replies":[{"embeddable":true,"href":"https:\/\/www.europesays.com\/fr\/wp-json\/wp\/v2\/comments?post=402333"}],"version-history":[{"count":0,"href":"https:\/\/www.europesays.com\/fr\/wp-json\/wp\/v2\/posts\/402333\/revisions"}],"wp:featuredmedia":[{"embeddable":true,"href":"https:\/\/www.europesays.com\/fr\/wp-json\/wp\/v2\/media\/402334"}],"wp:attachment":[{"href":"https:\/\/www.europesays.com\/fr\/wp-json\/wp\/v2\/media?parent=402333"}],"wp:term":[{"taxonomy":"category","embeddable":true,"href":"https:\/\/www.europesays.com\/fr\/wp-json\/wp\/v2\/categories?post=402333"},{"taxonomy":"post_tag","embeddable":true,"href":"https:\/\/www.europesays.com\/fr\/wp-json\/wp\/v2\/tags?post=402333"}],"curies":[{"name":"wp","href":"https:\/\/api.w.org\/{rel}","templated":true}]}}