{"id":402335,"date":"2025-09-19T12:28:09","date_gmt":"2025-09-19T12:28:09","guid":{"rendered":"https:\/\/www.europesays.com\/fr\/402335\/"},"modified":"2025-09-19T12:28:09","modified_gmt":"2025-09-19T12:28:09","slug":"larcom-decide-de-ne-pas-lancer-de-nouvelles-chaines-sur-la-tnt-alors-que-canal-a-libere-quatre-canaux-en-retirant-ses-chaines-payantes-en-juin-dernier","status":"publish","type":"post","link":"https:\/\/www.europesays.com\/fr\/402335\/","title":{"rendered":"L&rsquo;Arcom d\u00e9cide de ne pas lancer de nouvelles cha\u00eenes sur la TNT, alors que Canal+ a lib\u00e9r\u00e9 quatre canaux en retirant ses cha\u00eenes payantes en juin dernier"},"content":{"rendered":"<p>Le r\u00e9gulateur de l&rsquo;audiovisuel, l&rsquo;Arcom, renonce pour l&rsquo;instant \u00e0 lancer de nouvelles cha\u00eenes sur la t\u00e9l\u00e9vision num\u00e9rique terrestre (TNT) pour remplacer les quatre payantes de Canal+, qui en sont parties en juin, a-t-il annonc\u00e9 vendredi.<\/p>\n<p>\u00ab\u00a0La situation \u00e9conomique du march\u00e9 (&#8230;) n&rsquo;est pas favorable au lancement d&rsquo;un appel \u00e0 candidatures\u00a0\u00bb pour attribuer les canaux vacants, a expliqu\u00e9 l&rsquo;Arcom pour justifier sa d\u00e9cision de \u00ab\u00a0reporter le lancement\u00a0\u00bb de cette proc\u00e9dure. Lancer de nouvelles cha\u00eenes pourrait nuire aux revenus de celles qui existent d\u00e9j\u00e0, \u00ab\u00a0dans un contexte d&rsquo;\u00e9rosion de la consommation t\u00e9l\u00e9visuelle et d&rsquo;un march\u00e9 publicitaire atone\u00a0\u00bb.<\/p>\n<p>\u00ab\u00a0Entre 2025 et 2030, le march\u00e9 publicitaire t\u00e9l\u00e9vis\u00e9 en France devrait enregistrer une d\u00e9croissance progressive, avec un recul moyen estim\u00e9 \u00e0 -1,7% par an\u00a0\u00bb, d\u00e9veloppe le r\u00e9gulateur.<\/p>\n<p>D\u00e9but juin, le groupe Canal+ a retir\u00e9 de la TNT ses quatre cha\u00eenes payantes (Canal+, Canal+ Cin\u00e9ma, Canal+ Sport, Plan\u00e8te), comme il l&rsquo;avait annonc\u00e9 en d\u00e9cembre 2024. Il avait alors justifi\u00e9 cette d\u00e9cision par \u00ab\u00a0un environnement fiscal et r\u00e9glementaire de plus en plus contraignant\u00a0\u00bb et par l&rsquo;arr\u00eat de sa cha\u00eene C8.<\/p>\n<p>Cette cha\u00eene a cess\u00e9 d&rsquo;\u00e9mettre fin f\u00e9vrier apr\u00e8s le non-renouvellement de sa fr\u00e9quence par l&rsquo;Arcom. Elle avait cumul\u00e9 7,6 millions d&rsquo;euros d&rsquo;amendes \u00e0 cause des d\u00e9rapages de son animateur vedette, Cyril Hanouna, qui a d\u00e9sormais rejoint le groupe M6. Plus largement, \u00e0 la lumi\u00e8re de ce contexte difficile, l&rsquo;Arcom \u00ab\u00a0lance des travaux visant \u00e0 approfondir le mod\u00e8le \u00e9conomique de la diffusion de la TNT\u00a0\u00bb. Ces travaux aborderont \u00ab\u00a0le cadre de la r\u00e9gulation des m\u00e9dias t\u00e9l\u00e9visuels\u00a0\u00bb.<\/p>\n<p>Les cha\u00eenes traditionnelles d\u00e9noncent fr\u00e9quemment le fait que les grandes plateformes am\u00e9ricaines, avec lesquelles elles sont en concurrence, ne soient pas soumises aux m\u00eames r\u00e8gles qu&rsquo;elles. Ce chantier doit aboutir d\u00e9but 2027 et pourra \u00ab\u00a0donner lieu \u00e0 des propositions d'\u00a0\u00bb\u00e9volution du cadre juridique\u00a0\u00bb, selon l&rsquo;Arcom.<\/p>\n<p>Le r\u00e9gulateur fera \u00ab\u00a0des points d&rsquo;\u00e9tape\u00a0\u00bb, notamment au printemps 2026. C&rsquo;est \u00e0 ce moment-l\u00e0 que doit \u00eatre lanc\u00e9e la proc\u00e9dure de r\u00e9attribution de six fr\u00e9quences de la TNT qui expireront fin 2027 (TF1 S\u00e9ries Films, L&rsquo;Equipe, 6Ter, RMC Story, RMC D\u00e9couverte et Ch\u00e9rie 25, qui vient d&rsquo;\u00eatre rachet\u00e9e et renomm\u00e9e RMC Life).<\/p>\n<p>Outre la transformation de Ch\u00e9rie 25 en RMC Life, deux nouvelles cha\u00eenes ont fait leur apparition sur la TNT cette ann\u00e9e, pour remplacer C8 et NRJ12: T18 (groupe CMI France) et NOVO19 (groupe Ouest-France).<\/p>\n","protected":false},"excerpt":{"rendered":"Le r\u00e9gulateur de l&rsquo;audiovisuel, l&rsquo;Arcom, renonce pour l&rsquo;instant \u00e0 lancer de nouvelles cha\u00eenes sur la t\u00e9l\u00e9vision num\u00e9rique terrestre&hellip;\n","protected":false},"author":2,"featured_media":402336,"comment_status":"","ping_status":"","sticky":false,"template":"","format":"standard","meta":{"footnotes":""},"categories":[1356],"tags":[4690,1419,58,59,1011,27,252,3171,26964,1364],"class_list":{"0":"post-402335","1":"post","2":"type-post","3":"status-publish","4":"format-standard","5":"has-post-thumbnail","7":"category-television","8":"tag-arcom","9":"tag-canal-plus","10":"tag-divertissement","11":"tag-entertainment","12":"tag-fr","13":"tag-france","14":"tag-television","15":"tag-tnt","16":"tag-tu00e9lu00e9vision","17":"tag-tv"},"share_on_mastodon":{"url":"https:\/\/pubeurope.com\/@fr\/115230966183280077","error":""},"_links":{"self":[{"href":"https:\/\/www.europesays.com\/fr\/wp-json\/wp\/v2\/posts\/402335","targetHints":{"allow":["GET"]}}],"collection":[{"href":"https:\/\/www.europesays.com\/fr\/wp-json\/wp\/v2\/posts"}],"about":[{"href":"https:\/\/www.europesays.com\/fr\/wp-json\/wp\/v2\/types\/post"}],"author":[{"embeddable":true,"href":"https:\/\/www.europesays.com\/fr\/wp-json\/wp\/v2\/users\/2"}],"replies":[{"embeddable":true,"href":"https:\/\/www.europesays.com\/fr\/wp-json\/wp\/v2\/comments?post=402335"}],"version-history":[{"count":0,"href":"https:\/\/www.europesays.com\/fr\/wp-json\/wp\/v2\/posts\/402335\/revisions"}],"wp:featuredmedia":[{"embeddable":true,"href":"https:\/\/www.europesays.com\/fr\/wp-json\/wp\/v2\/media\/402336"}],"wp:attachment":[{"href":"https:\/\/www.europesays.com\/fr\/wp-json\/wp\/v2\/media?parent=402335"}],"wp:term":[{"taxonomy":"category","embeddable":true,"href":"https:\/\/www.europesays.com\/fr\/wp-json\/wp\/v2\/categories?post=402335"},{"taxonomy":"post_tag","embeddable":true,"href":"https:\/\/www.europesays.com\/fr\/wp-json\/wp\/v2\/tags?post=402335"}],"curies":[{"name":"wp","href":"https:\/\/api.w.org\/{rel}","templated":true}]}}