{"id":402345,"date":"2025-09-19T12:33:11","date_gmt":"2025-09-19T12:33:11","guid":{"rendered":"https:\/\/www.europesays.com\/fr\/402345\/"},"modified":"2025-09-19T12:33:11","modified_gmt":"2025-09-19T12:33:11","slug":"tim-burton-et-monica-bellucci-annoncent-leur-separation-apres-trois-ans-de-relation","status":"publish","type":"post","link":"https:\/\/www.europesays.com\/fr\/402345\/","title":{"rendered":"Tim Burton et Monica Bellucci annoncent leur s\u00e9paration apr\u00e8s trois ans de relation"},"content":{"rendered":"<p>        <img decoding=\"async\" loading=\"lazy\" src=\"https:\/\/www.europesays.com\/fr\/wp-content\/uploads\/2025\/09\/c18335b_upload-1-ypdpaas4wv82-afp-20250725-aa-25072025-2345189-v1-highres-giffonifilmfestival2025.jp.jpeg\"  width=\"728\" height=\"410\" alt=\"Tim Burton et Monica Bellucci, ici \u00e0 Giffoni Valle Piana, en Italie, en juillet 2025.\"\/>  <\/p>\n<p>ISO EKLE \/ Anadolu via AFP<\/p>\n<p>Tim Burton et Monica Bellucci, ici \u00e0 Giffoni Valle Piana, en Italie, en juillet 2025.<\/p>\n<p class=\"asset asset-text\">PEOPLE &#8211; Tim Burton et Monica Bellucci, c\u2019est fini. Le couple de stars form\u00e9 par <a href=\"https:\/\/www.huffingtonpost.fr\/culture\/article\/tim-burton-revient-a-sa-passion-premiere-et-ses-fans-seront-ravis_252180.html\" target=\"_blank\" rel=\"noopener\">le r\u00e9alisateur am\u00e9ricain<\/a> et <a href=\"https:\/\/www.huffingtonpost.fr\/people\/article\/monica-bellucci-officialise-son-couple-avec-tim-burton-apres-plusieurs-mois-de-rumeurs_219818.html\" target=\"_blank\" rel=\"noopener\">l\u2019actrice italienne<\/a> a annonc\u00e9 sa s\u00e9paration, ce vendredi 19\u00a0septembre dans un communiqu\u00e9 transmis \u00e0 l\u2019AFP. \u00ab\u00a0C\u2019est avec beaucoup de respect et d\u2019affection mutuelle qu\u2019ils ont d\u00e9cid\u00e9 de se s\u00e9parer\u00a0\u00bb, ont d\u00e9clar\u00e9 les deux c\u00e9l\u00e9brit\u00e9s.<\/p>\n<p class=\"asset asset-text\"><a href=\"https:\/\/www.huffingtonpost.fr\/culture\/video\/dans-beetlejuice-beetlejuice-de-tim-burton-ni-michael-keaton-ni-le-fun-n-ont-pris-de-ride-clx1_239264.html\" target=\"_blank\" rel=\"noopener\">Le r\u00e9alisateur<\/a> d\u2019Edward aux mains d\u2019argent et Sleepy Hollow et l\u2019actrice de Mission Cl\u00e9op\u00e2tre ou Irr\u00e9versible s\u2019\u00e9taient rencontr\u00e9s lors du festival Lumi\u00e8re \u00e0 Lyon en octobre\u00a02022, lors duquel l\u2019actrice lui avait remis le prix Lumi\u00e8re pour l\u2019ensemble de sa carri\u00e8re.<\/p>\n<p class=\"asset asset-text\">Tim Burton et Monica Bellucci ont ensuite entam\u00e9 une relation qui a d\u00e9bouch\u00e9 sur une collaboration artistique avec le film Beetlejuice Beetlejuice, pr\u00e9sent\u00e9 en ouverture \u00e0 la Mostra de Venise en 2024.<\/p>\n<p class=\"asset asset-text\">Dans ce long-m\u00e9trage, suite de la com\u00e9die macabre r\u00e9alis\u00e9e par Tim Burton en 1988, Monica Bellucci incarne Delores, une cr\u00e9ature mal\u00e9fique \u00e0 la Frankenstein d\u00e9termin\u00e9e \u00e0 se venger de son ex-mari Beetlejuice (Michael Keaton). Beetlejuice Beetlejuice a fait un carton au box-office nord-am\u00e9ricain, engrangeant pr\u00e8s de 300\u00a0millions de dollars.<\/p>\n<p>                     Tim Burton et Monica Bellucci en Italie    <\/p>\n<p class=\"asset asset-text\">Le couple \u00e9tait apparu ensemble pendant l\u2019\u00e9t\u00e9, notamment en juillet, au festival du film de Giffoni, dans le sud de l\u2019Italie, o\u00f9 le r\u00e9alisateur de 67\u00a0ans pr\u00e9sentait la deuxi\u00e8me saison de la s\u00e9rie Netflix Mercredi, dont il est le producteur.<\/p>\n<p class=\"asset asset-text\">Le ma\u00eetre du gothique am\u00e9ricain cor\u00e9alise aussi cette s\u00e9rie inspir\u00e9e de l\u2019univers de la famille Addams, plus gros succ\u00e8s \u00e0 ce jour pour une s\u00e9rie en langue anglaise sur la plateforme, et deuxi\u00e8me s\u00e9rie la plus regard\u00e9e derri\u00e8re la saison 1 de Squid Game.<\/p>\n<p class=\"asset asset-text\">Dans une interview parue d\u00e9but juillet dans Le Figaro Magazine, Monica Bellucci, 60\u00a0ans, avait, elle, \u00e9voqu\u00e9 son dernier tournage, un thriller r\u00e9alis\u00e9 par la Fran\u00e7aise L\u00e9a Mysius avec Bastien Bouillon, Beno\u00eet Magimel et Hafsia Herzi, adapt\u00e9 d\u2019un roman de Laurent Mauvignier.<\/p>\n<p class=\"asset asset-text\">Tim Burton a pour sa part longtemps \u00e9t\u00e9 en couple avec l\u2019actrice britannique Helena Bonham\u00a0Carter, dont il s\u2019est s\u00e9par\u00e9 en 2014 et avec qui il a deux enfants. Quant \u00e0 Monica Bellucci, cette derni\u00e8re a, elle, \u00e9t\u00e9 mari\u00e9e pendant 14\u00a0ans \u00e0 l\u2019acteur fran\u00e7ais Vincent Cassel, avec qui elle a eu deux filles.<\/p>\n","protected":false},"excerpt":{"rendered":"ISO EKLE \/ Anadolu via AFP Tim Burton et Monica Bellucci, ici \u00e0 Giffoni Valle Piana, en Italie,&hellip;\n","protected":false},"author":2,"featured_media":402346,"comment_status":"","ping_status":"","sticky":false,"template":"","format":"standard","meta":{"footnotes":""},"categories":[8],"tags":[58,59,1011,27,20642,973,6685,43196],"class_list":{"0":"post-402345","1":"post","2":"type-post","3":"status-publish","4":"format-standard","5":"has-post-thumbnail","7":"category-divertissement","8":"tag-divertissement","9":"tag-entertainment","10":"tag-fr","11":"tag-france","12":"tag-monica-bellucci","13":"tag-people","14":"tag-separation","15":"tag-tim-burton"},"share_on_mastodon":{"url":"https:\/\/pubeurope.com\/@fr\/115230985737027870","error":""},"_links":{"self":[{"href":"https:\/\/www.europesays.com\/fr\/wp-json\/wp\/v2\/posts\/402345","targetHints":{"allow":["GET"]}}],"collection":[{"href":"https:\/\/www.europesays.com\/fr\/wp-json\/wp\/v2\/posts"}],"about":[{"href":"https:\/\/www.europesays.com\/fr\/wp-json\/wp\/v2\/types\/post"}],"author":[{"embeddable":true,"href":"https:\/\/www.europesays.com\/fr\/wp-json\/wp\/v2\/users\/2"}],"replies":[{"embeddable":true,"href":"https:\/\/www.europesays.com\/fr\/wp-json\/wp\/v2\/comments?post=402345"}],"version-history":[{"count":0,"href":"https:\/\/www.europesays.com\/fr\/wp-json\/wp\/v2\/posts\/402345\/revisions"}],"wp:featuredmedia":[{"embeddable":true,"href":"https:\/\/www.europesays.com\/fr\/wp-json\/wp\/v2\/media\/402346"}],"wp:attachment":[{"href":"https:\/\/www.europesays.com\/fr\/wp-json\/wp\/v2\/media?parent=402345"}],"wp:term":[{"taxonomy":"category","embeddable":true,"href":"https:\/\/www.europesays.com\/fr\/wp-json\/wp\/v2\/categories?post=402345"},{"taxonomy":"post_tag","embeddable":true,"href":"https:\/\/www.europesays.com\/fr\/wp-json\/wp\/v2\/tags?post=402345"}],"curies":[{"name":"wp","href":"https:\/\/api.w.org\/{rel}","templated":true}]}}