{"id":402349,"date":"2025-09-19T12:35:11","date_gmt":"2025-09-19T12:35:11","guid":{"rendered":"https:\/\/www.europesays.com\/fr\/402349\/"},"modified":"2025-09-19T12:35:11","modified_gmt":"2025-09-19T12:35:11","slug":"ferghane-azihari-pourquoi-gabriel-zucman-veut-detruire-leconomie-francaise","status":"publish","type":"post","link":"https:\/\/www.europesays.com\/fr\/402349\/","title":{"rendered":"Ferghane Azihari\u00a0:\u00a0\u00abPourquoi Gabriel Zucman veut d\u00e9truire l\u2019\u00e9conomie fran\u00e7aise\u00bb"},"content":{"rendered":"<p><strong>CHRONIQUE &#8211; <\/strong>Ce qui motive l\u2019\u00e9conomiste star du PS n\u2019est pas la recherche du bien commun, mais le d\u00e9sir de punition des plus riches.<\/p>\n<p class=\"fig-paragraph\">En 2019, quatre \u00e9conomistes diss\u00e9quaient dans une revue savante les effets de la taxation du patrimoine au Danemark, jugeant qu\u2019elle freinait la constitution de grandes fortunes. Parmi eux, un certain\u00a0<a href=\"http:\/\/www.lefigaro.fr\/conjoncture\/taxe-zucman-retraite-tva-impots-retrouvez-les-reponses-de-la-redaction-a-vos-questions-sur-le-budget-2026-20250917\" data-fig-type=\"Article\" data-gtm-custom-categorie=\"navigation\" data-gtm-custom-action=\"crossclick\" data-gtm-custom-label=\"Contextuel\" data-gtm-event=\"customEventSPE\" data-fig-domain=\"LEFIGARO\" target=\"_blank\" rel=\"noopener\">Zucman<\/a>\u00a0qui, aujourd\u2019hui, arpente les plateaux de t\u00e9l\u00e9vision pour d\u00e9fendre la confiscation de 2 % du patrimoine au-del\u00e0 de 100 millions d\u2019euros, sans \u00e9gard pour la solvabilit\u00e9 ou les revenus de leurs d\u00e9tenteurs.<\/p>\n<p class=\"fig-paragraph\">M. Zucman a remport\u00e9 une belle victoire m\u00e9diatique. Il est parvenu \u00e0 persuader une nation \u00e9cras\u00e9e par les pr\u00e9l\u00e8vements fiscaux que son salut r\u00e9side dans la spoliation de ses entrepreneurs les plus audacieux. M. Zucman soutient que son imp\u00f4t ne frapperait que 1800 foyers fiscaux. Cette pr\u00e9cision souligne surtout la difficult\u00e9 de la France \u00e0 b\u00e2tir de grandes fortunes dans les industries les plus innovantes, \u00e0 l\u2019origine de la croissance moderne.<\/p>\n<p class=\"fig-body-link\">\n            \u00c0 lire aussi<br \/>\n        <a class=\"fig-body-link__link fig-premium-mark\" href=\"http:\/\/www.lefigaro.fr\/conjoncture\/le-vrai-du-faux-de-la-taxe-zucman-cet-impot-confiscatoire-qui-n-existe-nulle-part-dans-le-monde-20250917\" data-fig-type=\"Article\" data-gtm-custom-categorie=\"navigation\" data-gtm-custom-action=\"crossclick\" data-gtm-custom-label=\"Contextuel\" data-gtm-event=\"customEventSPE\" data-fig-domain=\"LEFIGARO\" target=\"_blank\" rel=\"noopener\">Le vrai du faux de la taxe Zucman, cet imp\u00f4t confiscatoire qui n\u2019existe nulle part dans le monde<br \/>\n    <\/a>\n<\/p>\n<p class=\"fig-paragraph\">Innovation, croissance\u00a0: autant de mots absents du lexique de l\u2019\u00e9conomiste, absorb\u00e9 par des in\u00e9galit\u00e9s patrimoniales qui ne disent rien des\u2026<\/p>\n<p class=\"fig-premium-paywall__infos\">\n        Cet article est r\u00e9serv\u00e9 aux abonn\u00e9s.        Il vous reste 64% \u00e0 d\u00e9couvrir.\n    <\/p>\n<p>                <img  data- alt=\"Le Figaro\" class=\"fig-img--complete fig-img\"\/><\/p>\n<p class=\"fig-premium-paywall__title\">Vous avez envie de lire la suite ?<\/p>\n<p class=\"fig-premium-paywall__subtitle\">D\u00e9bloquez tous les articles imm\u00e9diatement.<\/p>\n<p class=\"fig-premium-paywall__connect\">\n                D\u00e9j\u00e0 abonn\u00e9\u00a0?                <a class=\"fig-premium-paywall__connect-link\" href=\"https:\/\/connect.lefigaro.fr\/login?client=horizon_web&amp;type=main&amp;redirect_uri=https%3A%2F%2Fwww.lefigaro.fr%2Fvox%2Feconomie%2Fferghane-azihari-pourquoi-gabriel-zucman-veut-detruire-l-economie-francaise-20250919\" data-js-gtm=\"{&quot;customCategorie&quot;: &quot;conversion&quot;, &quot;customAction&quot;: &quot;before_Landing_Connexion_paywall_auto&quot;, &quot;customLabel&quot;: &quot;bGVmaWdhcm8uZnJfXzFmMDk0NTVjLTZhOTEtNmQwYS05MTMwLTVmMDdkOTM5YjNiM19fQXJ0aWNsZQ==_Ferghane Azihari\u00a0:\u00a0\u00abPourquoi Gabriel Zucman veut d\u00e9truire l\u2019\u00e9conomie fran\u00e7aise\u00bb_143&quot;, &quot;customIDSPE&quot;: &quot;bGVmaWdhcm8uZnJfXzFmMDk0NTVjLTZhOTEtNmQwYS05MTMwLTVmMDdkOTM5YjNiM19fQXJ0aWNsZQ==&quot;, &quot;event&quot;: &quot;customEventSPE&quot;}\" target=\"_blank\" rel=\"noopener\"><br \/>\n                    Connectez-vous<br \/>\n                <\/a>\n            <\/p>\n","protected":false},"excerpt":{"rendered":"CHRONIQUE &#8211; Ce qui motive l\u2019\u00e9conomiste star du PS n\u2019est pas la recherche du bien commun, mais le&hellip;\n","protected":false},"author":2,"featured_media":402350,"comment_status":"","ping_status":"","sticky":false,"template":"","format":"standard","meta":{"footnotes":""},"categories":[6],"tags":[35,33,34,1011,27,2549],"class_list":{"0":"post-402349","1":"post","2":"type-post","3":"status-publish","4":"format-standard","5":"has-post-thumbnail","7":"category-economie","8":"tag-business","9":"tag-economie","10":"tag-economy","11":"tag-fr","12":"tag-france","13":"tag-taxe"},"share_on_mastodon":{"url":"https:\/\/pubeurope.com\/@fr\/115230993855269505","error":""},"_links":{"self":[{"href":"https:\/\/www.europesays.com\/fr\/wp-json\/wp\/v2\/posts\/402349","targetHints":{"allow":["GET"]}}],"collection":[{"href":"https:\/\/www.europesays.com\/fr\/wp-json\/wp\/v2\/posts"}],"about":[{"href":"https:\/\/www.europesays.com\/fr\/wp-json\/wp\/v2\/types\/post"}],"author":[{"embeddable":true,"href":"https:\/\/www.europesays.com\/fr\/wp-json\/wp\/v2\/users\/2"}],"replies":[{"embeddable":true,"href":"https:\/\/www.europesays.com\/fr\/wp-json\/wp\/v2\/comments?post=402349"}],"version-history":[{"count":0,"href":"https:\/\/www.europesays.com\/fr\/wp-json\/wp\/v2\/posts\/402349\/revisions"}],"wp:featuredmedia":[{"embeddable":true,"href":"https:\/\/www.europesays.com\/fr\/wp-json\/wp\/v2\/media\/402350"}],"wp:attachment":[{"href":"https:\/\/www.europesays.com\/fr\/wp-json\/wp\/v2\/media?parent=402349"}],"wp:term":[{"taxonomy":"category","embeddable":true,"href":"https:\/\/www.europesays.com\/fr\/wp-json\/wp\/v2\/categories?post=402349"},{"taxonomy":"post_tag","embeddable":true,"href":"https:\/\/www.europesays.com\/fr\/wp-json\/wp\/v2\/tags?post=402349"}],"curies":[{"name":"wp","href":"https:\/\/api.w.org\/{rel}","templated":true}]}}