{"id":402351,"date":"2025-09-19T12:36:22","date_gmt":"2025-09-19T12:36:22","guid":{"rendered":"https:\/\/www.europesays.com\/fr\/402351\/"},"modified":"2025-09-19T12:36:22","modified_gmt":"2025-09-19T12:36:22","slug":"un-bebe-de-trois-mois-meurt-ecrase-par-un-tracteur-conduit-par-son-oncle","status":"publish","type":"post","link":"https:\/\/www.europesays.com\/fr\/402351\/","title":{"rendered":"Un b\u00e9b\u00e9 de trois mois meurt \u00e9cras\u00e9 par un tracteur conduit par son oncle"},"content":{"rendered":"<p>Un petit village <a href=\"https:\/\/www.20minutes.fr\/dossier\/italie\" class=\"c-link c-link--is-underlined\" target=\"_blank\" rel=\"noopener\">italien<\/a> de la vall\u00e9e d\u2019Aoste, au nord du pays, a \u00e9t\u00e9 le th\u00e9\u00e2tre d\u2019un dramatique accident mercredi vers 17 heures. Un <a href=\"https:\/\/www.20minutes.fr\/dossier\/bebe\" class=\"c-link c-link--is-underlined\" target=\"_blank\" rel=\"noopener\">b\u00e9b\u00e9<\/a> de trois mois qui se trouvait dans une poussette a \u00e9t\u00e9 \u00e9cras\u00e9 par un <a href=\"https:\/\/www.20minutes.fr\/dossier\/tracteur\" class=\"c-link c-link--is-underlined\" target=\"_blank\" rel=\"noopener\">tracteur<\/a>, rapporte <a href=\"https:\/\/www.lastampa.it\/aosta\/2025\/09\/17\/news\/bimbo_tre_mesi_travolto_trattore_saint-pierre-15313348\/amp\/\" target=\"_blank\" class=\"c-link c-link--is-underlined\" rel=\"noopener\">La Stampa<\/a>.<\/p>\n<p>Le drame s\u2019est\u00a0nou\u00e9 \u00e0 Saint-Pierre sur un domaine viticole, qui appartient \u00e0 la famille du b\u00e9b\u00e9.\u00a0L\u2019oncle de la jeune <a href=\"https:\/\/www.20minutes.fr\/dossier\/victime\" class=\"c-link c-link--is-underlined\" target=\"_blank\" rel=\"noopener\">victime<\/a> \u00e9tait au volant du tracteur au moment des faits. Il \u00e9tait en train de tirer un tonneau dans la cour. D\u2019apr\u00e8s les premiers \u00e9l\u00e9ments, il n\u2019aurait alors pas vu la poussette et l\u2019a heurt\u00e9e.<\/p>\n<p>D\u00e9c\u00e9d\u00e9 \u00e0 l\u2019h\u00f4pital<\/p>\n<p>Les secours ont imm\u00e9diatement \u00e9t\u00e9 alert\u00e9s pour prendre en charge le nourrisson. Un h\u00e9licopt\u00e8re, \u00e9quip\u00e9 d\u2019un r\u00e9animateur, a \u00e9t\u00e9 d\u00e9p\u00each\u00e9 sur place. Un m\u00e9decin a alors tent\u00e9 de ramener \u00e0 la vie le b\u00e9b\u00e9. La d\u00e9cision a ensuite \u00e9t\u00e9 prise de conduire la victime, dans un \u00e9tat critique, \u00e0 l\u2019<a href=\"https:\/\/www.20minutes.fr\/dossier\/hopital\" class=\"c-link c-link--is-underlined\" target=\"_blank\" rel=\"noopener\">h\u00f4pital<\/a> d\u2019Aoste \u00e0 bord d\u2019une ambulance de r\u00e9animation. Il a \u00e9t\u00e9 admis en\u00a0admis en soins intensifs, indique l\u2019<a href=\"https:\/\/www.ansa.it\/sito\/notizie\/cronaca\/2025\/09\/18\/bimbo-muore-travolto-da-trattore-procura-apre-indagine_3578e39d-b366-472f-809e-3520a17d8e2b.html\" target=\"_blank\" class=\"c-link c-link--is-underlined\" rel=\"noopener\">agence de presse Ansa<\/a>. Malheureusement, le petit gar\u00e7on a succomb\u00e9 \u00e0 ses blessures. Son d\u00e9c\u00e8s a \u00e9t\u00e9 prononc\u00e9 vers 21 heures.<\/p>\n<p>Une <a href=\"https:\/\/www.20minutes.fr\/dossier\/enquete\" class=\"c-link c-link--is-underlined\" target=\"_blank\" rel=\"noopener\">enqu\u00eate<\/a> a \u00e9t\u00e9 ouverte pour faire la lumi\u00e8re sur cet accident. Les t\u00e9moins ont \u00e9t\u00e9 interrog\u00e9s pour reconstituer les circonstances des faits.\u00a0Le domaine\u00a0Di Barr\u00f2, o\u00f9 a eu lieu le drame, est l\u2019un des plus r\u00e9put\u00e9s du Val d\u2019Aoste. 20.000 bouteilles y sont produites chaque ann\u00e9e.<\/p>\n","protected":false},"excerpt":{"rendered":"Un petit village italien de la vall\u00e9e d\u2019Aoste, au nord du pays, a \u00e9t\u00e9 le th\u00e9\u00e2tre d\u2019un dramatique&hellip;\n","protected":false},"author":2,"featured_media":402352,"comment_status":"","ping_status":"","sticky":false,"template":"","format":"standard","meta":{"footnotes":""},"categories":[5],"tags":[119,47,11,3493,118,1011,27,14,452,74,12,13936,28],"class_list":{"0":"post-402351","1":"post","2":"type-post","3":"status-publish","4":"format-standard","5":"has-post-thumbnail","7":"category-international","8":"tag-accident","9":"tag-actualite","10":"tag-actualites","11":"tag-bebe","12":"tag-faits-divers","13":"tag-fr","14":"tag-france","15":"tag-international","16":"tag-italie","17":"tag-monde","18":"tag-news","19":"tag-tracteur","20":"tag-world"},"share_on_mastodon":{"url":"https:\/\/pubeurope.com\/@fr\/115230997370145643","error":""},"_links":{"self":[{"href":"https:\/\/www.europesays.com\/fr\/wp-json\/wp\/v2\/posts\/402351","targetHints":{"allow":["GET"]}}],"collection":[{"href":"https:\/\/www.europesays.com\/fr\/wp-json\/wp\/v2\/posts"}],"about":[{"href":"https:\/\/www.europesays.com\/fr\/wp-json\/wp\/v2\/types\/post"}],"author":[{"embeddable":true,"href":"https:\/\/www.europesays.com\/fr\/wp-json\/wp\/v2\/users\/2"}],"replies":[{"embeddable":true,"href":"https:\/\/www.europesays.com\/fr\/wp-json\/wp\/v2\/comments?post=402351"}],"version-history":[{"count":0,"href":"https:\/\/www.europesays.com\/fr\/wp-json\/wp\/v2\/posts\/402351\/revisions"}],"wp:featuredmedia":[{"embeddable":true,"href":"https:\/\/www.europesays.com\/fr\/wp-json\/wp\/v2\/media\/402352"}],"wp:attachment":[{"href":"https:\/\/www.europesays.com\/fr\/wp-json\/wp\/v2\/media?parent=402351"}],"wp:term":[{"taxonomy":"category","embeddable":true,"href":"https:\/\/www.europesays.com\/fr\/wp-json\/wp\/v2\/categories?post=402351"},{"taxonomy":"post_tag","embeddable":true,"href":"https:\/\/www.europesays.com\/fr\/wp-json\/wp\/v2\/tags?post=402351"}],"curies":[{"name":"wp","href":"https:\/\/api.w.org\/{rel}","templated":true}]}}