{"id":402356,"date":"2025-09-19T12:41:10","date_gmt":"2025-09-19T12:41:10","guid":{"rendered":"https:\/\/www.europesays.com\/fr\/402356\/"},"modified":"2025-09-19T12:41:10","modified_gmt":"2025-09-19T12:41:10","slug":"un-fou-du-volant-flashe-en-ville-a-100-km-h-dans-ce-secteur","status":"publish","type":"post","link":"https:\/\/www.europesays.com\/fr\/402356\/","title":{"rendered":"un fou du volant flash\u00e9 en ville \u00e0 100 km\/h dans ce secteur"},"content":{"rendered":"<p>            Par<br \/>\n        <strong><br \/>\n            <a href=\"https:\/\/actu.fr\/auteur\/mathias-souteyrat\" title=\"Consulter tous les articles de Mathias Souteyrat\" target=\"_blank\" rel=\"noopener\">Mathias Souteyrat<\/a><br \/>\n        <\/strong><\/p>\n<p>        Publi\u00e9 le<\/p>\n<p>            19 sept. 2025 \u00e0 14h32        <\/p>\n<p>Ce vendredi 19\u00a0septembre 2025, en milieu de matin\u00e9e, les motards de la BMU (Brigade Motocycliste Urbaine) de la police nationale de la Loire ont intercept\u00e9 un fou du volant.<\/p>\n<p class=\" wall-content\">\u00c0 <a href=\"https:\/\/actu.fr\/saint-etienne\/\" target=\"_blank\" rel=\"noopener\">Saint-Etienne<\/a>, entre le boulevard Vernay-Carron et Thiers, un automobiliste \u00e2g\u00e9 de 31 ans a \u00e9t\u00e9 flash\u00e9 \u00e0 102 km (vitesse retenue 96) <strong>au lieu des 50\u00a0km\/h<\/strong> r\u00e9glementaires.<\/p>\n<p>R\u00e9tention du permis et amende<\/p>\n<p class=\" wall-content\">Son permis de conduire a \u00e9t\u00e9 retenu. Le conducteur a re\u00e7u \u00ab\u2009seulement\u2009\u00bb une amende de <strong>135\u00a0euros<\/strong> car l\u2019exc\u00e8s de vitesse \u00e9gal ou sup\u00e9rieur \u00e0 40\u00a0km\/h et inf\u00e9rieur \u00e0 50\u00a0km\/h, donc de 4e cat\u00e9gorie.<\/p>\n<p class=\" wall-content\">Le v\u00e9hicule a \u00e9t\u00e9 ramen\u00e9 par un membre de sa famille, nous pr\u00e9cise la police lig\u00e9rienne.<\/p>\n<p class=\" wall-content\">Personnalisez votre actualit\u00e9 en ajoutant vos villes et m\u00e9dias en favori avec <a href=\"https:\/\/moncompte.actu.fr\" title=\"D\u00e9couvez Mon Actu\" rel=\"nofollow noopener\" data-trk=\"{&quot;cta&quot;:{&quot;action&quot;:&quot;https:\\\/\\\/moncompte.actu.fr&quot;,&quot;category&quot;:&quot;mon compte&quot;,&quot;from&quot;:&quot;article footer&quot;,&quot;name&quot;:&quot;Mon actu&quot;,&quot;type&quot;:&quot;cta&quot;}}\" target=\"_blank\">Mon Actu<\/a>.<\/p>\n","protected":false},"excerpt":{"rendered":"Par Mathias Souteyrat Publi\u00e9 le 19 sept. 2025 \u00e0 14h32 Ce vendredi 19\u00a0septembre 2025, en milieu de matin\u00e9e,&hellip;\n","protected":false},"author":2,"featured_media":402357,"comment_status":"","ping_status":"","sticky":false,"template":"","format":"standard","meta":{"footnotes":""},"categories":[9653],"tags":[1111,11,2430,1777,674,5915,118,1011,27,12,1072,25,4001,5009],"class_list":{"0":"post-402356","1":"post","2":"type-post","3":"status-publish","4":"format-standard","5":"has-post-thumbnail","7":"category-saint-etienne","8":"tag-actu","9":"tag-actualites","10":"tag-auvergne-rhone-alpes","11":"tag-eu","12":"tag-europe","13":"tag-exces-de-vitesse","14":"tag-faits-divers","15":"tag-fr","16":"tag-france","17":"tag-news","18":"tag-police","19":"tag-republique-francaise","20":"tag-saint-etienne","21":"tag-securite-routiere"},"share_on_mastodon":{"url":"https:\/\/pubeurope.com\/@fr\/115231017182468957","error":""},"_links":{"self":[{"href":"https:\/\/www.europesays.com\/fr\/wp-json\/wp\/v2\/posts\/402356","targetHints":{"allow":["GET"]}}],"collection":[{"href":"https:\/\/www.europesays.com\/fr\/wp-json\/wp\/v2\/posts"}],"about":[{"href":"https:\/\/www.europesays.com\/fr\/wp-json\/wp\/v2\/types\/post"}],"author":[{"embeddable":true,"href":"https:\/\/www.europesays.com\/fr\/wp-json\/wp\/v2\/users\/2"}],"replies":[{"embeddable":true,"href":"https:\/\/www.europesays.com\/fr\/wp-json\/wp\/v2\/comments?post=402356"}],"version-history":[{"count":0,"href":"https:\/\/www.europesays.com\/fr\/wp-json\/wp\/v2\/posts\/402356\/revisions"}],"wp:featuredmedia":[{"embeddable":true,"href":"https:\/\/www.europesays.com\/fr\/wp-json\/wp\/v2\/media\/402357"}],"wp:attachment":[{"href":"https:\/\/www.europesays.com\/fr\/wp-json\/wp\/v2\/media?parent=402356"}],"wp:term":[{"taxonomy":"category","embeddable":true,"href":"https:\/\/www.europesays.com\/fr\/wp-json\/wp\/v2\/categories?post=402356"},{"taxonomy":"post_tag","embeddable":true,"href":"https:\/\/www.europesays.com\/fr\/wp-json\/wp\/v2\/tags?post=402356"}],"curies":[{"name":"wp","href":"https:\/\/api.w.org\/{rel}","templated":true}]}}