{"id":402362,"date":"2025-09-19T12:44:10","date_gmt":"2025-09-19T12:44:10","guid":{"rendered":"https:\/\/www.europesays.com\/fr\/402362\/"},"modified":"2025-09-19T12:44:10","modified_gmt":"2025-09-19T12:44:10","slug":"je-sais-que-parfois-mes-oeuvres-suscitent-de-lincomprehension-lartiste-varois-thierry-loule-expose-son-univers-haut-en-couleur-a-toulon","status":"publish","type":"post","link":"https:\/\/www.europesays.com\/fr\/402362\/","title":{"rendered":"\u00ab\u00a0Je sais que parfois mes \u0153uvres suscitent de l\u2019incompr\u00e9hension\u00a0\u00bb: l\u2019artiste varois Thierry Loul\u00e9 expose son univers haut en couleur \u00e0 Toulon"},"content":{"rendered":"<p>Un jaillissement de couleurs. Une accumulation de mati\u00e8re. Des visages qui se dessinent. Une forme d\u2019introspection aussi, puisque certaines des toiles cachent des autoportraits. L\u2019artiste Thierry Loul\u00e9 prend possession de la Galerie Estade, \u00e0 Toulon, pour pr\u00e9senter une partie de son travail.<\/p>\n<p>\u00ab\u00a0Je ne vais pas r\u00e9inventer l\u2019histoire de l\u2019art. Je sais que parfois mes \u0153uvres suscitent de l\u2019incompr\u00e9hension. Quand je suis devant ma toile, je ne me demande pas si cela va plaire ou non.\u00a0\u00bb Aujourd\u2019hui install\u00e9 dans le quartier de Saint-Jean, l\u2019artiste laisse s\u2019exprimer sa part primaire. Presque animale. Au pinceau, avec les mains, au couteau, il se transforme.<\/p>\n<p>\u00ab\u00a0Il n\u2019est pas le m\u00eame quand il peint. L\u00e0, on voit un homme tranquille, mais il est compl\u00e8tement diff\u00e9rent dans son atelier\u00a0\u00bb, sourit Michel Estade, ami de vingt ans de Loul\u00e9. Les deux hommes entretiennent une relation particuli\u00e8re. Le peintre peut appeler son galeriste \u00e0 tout moment pour lui faire part de ses doutes. Il lui envoie les photos de ses tableaux en gestation. \u00ab\u00a0Parfois, j\u2019ai la sensation de me perdre\u00a0\u00bb, souffle Thierry Loul\u00e9. Il confie: \u00ab\u00a0J\u2019agis un peu comme sous une forme d\u2019emprise, presque un \u00e9tat second. Mais parfois, \u00e7a prend du temps.\u00a0\u00bb<\/p>\n<p>\u00ab\u00a0Un moyen de communiquer avec moi-m\u00eame\u00a0\u00bb<\/p>\n<p>Il se nourrit de tout ce qui l\u2019entoure, des gens qu\u2019il peut croiser dans la rue. \u00ab\u00a0Mon cerveau attrape des choses, il va me les retranscrire en une \u00e9motion. Je me suis souvent demand\u00e9 pourquoi je peignais des personnages. Je crois que c\u2019est juste pour communiquer avec moi-m\u00eame. Ce qui ressort des toiles, c\u2019est une part de moi.\u00a0\u00bb Son art expressionniste peut para\u00eetre difficile d\u2019acc\u00e8s. Pourtant, lorsque l\u2019on se pose devant une de ses \u0153uvres, que l\u2019on soit amateur ou non, on se retrouve travers\u00e9. Chacun peut l\u2019interpr\u00e9ter \u00e0 sa mani\u00e8re. Sur les murs de la galerie, il expose donc ses portraits, mais aussi des natures mortes, plus vivantes que jamais, sous tous les formats.<\/p>\n<p>Exp\u00e9rimentation autour de la c\u00e9ramique<\/p>\n<p>Nouveaut\u00e9 pour l\u2019artiste \u00e9galement: tout un travail sur la c\u00e9ramique. Parti au Portugal, il s\u2019est senti \u00ab\u00a0comme un enfant. Au d\u00e9part, j\u2019y suis all\u00e9 avec une boule au ventre. Mais je suis sorti de ma zone de confort et je me suis beaucoup amus\u00e9. Il n\u2019y a plus de mati\u00e8re comme sur les toiles, mais il reste la gravure. Je ne peux pas m\u2019emp\u00eacher de gratter\u00a0\u00bb, s\u2019amuse-t-il. Tout en confessant: \u00ab\u00a0\u00c7a fait du bien aussi de quitter un peu la peinture. C\u2019est une mati\u00e8re forte, puissante. Dans les toiles, il y a une forme de combat. Je ressens plus de libert\u00e9 dans le dessin \u2013 si l\u2019on rate, on d\u00e9chire \u2013 ou dans la poterie.\u00a0\u00bb <\/p>\n<p>Loul\u00e9 ne s\u2019interdit pas d\u2019explorer d\u2019autres horizons, tout en conservant son besoin visc\u00e9ral de peindre, avec toujours la volont\u00e9 de \u00ab\u00a0ne pas raconter d\u2019histoires aux gens\u00a0\u00bb, mart\u00e8le-t-il.<\/p>\n<p><strong>Thierry Loul\u00e9 \u00e0 la Galerie Estade, Toulon. Jusqu\u2019au 31 octobre. Ouvert du mardi au samedi, de 10h \u00e0 18h30.<\/strong><\/p>\n","protected":false},"excerpt":{"rendered":"Un jaillissement de couleurs. Une accumulation de mati\u00e8re. Des visages qui se dessinent. Une forme d\u2019introspection aussi, puisque&hellip;\n","protected":false},"author":2,"featured_media":402363,"comment_status":"","ping_status":"","sticky":false,"template":"","format":"standard","meta":{"footnotes":""},"categories":[9619],"tags":[1111,11,251,1777,674,8202,1011,27,12,882,25,2310],"class_list":{"0":"post-402362","1":"post","2":"type-post","3":"status-publish","4":"format-standard","5":"has-post-thumbnail","7":"category-toulon","8":"tag-actu","9":"tag-actualites","10":"tag-culture","11":"tag-eu","12":"tag-europe","13":"tag-expos","14":"tag-fr","15":"tag-france","16":"tag-news","17":"tag-provence-alpes-cote-dazur","18":"tag-republique-francaise","19":"tag-toulon"},"share_on_mastodon":{"url":"https:\/\/pubeurope.com\/@fr\/115231028947799256","error":""},"_links":{"self":[{"href":"https:\/\/www.europesays.com\/fr\/wp-json\/wp\/v2\/posts\/402362","targetHints":{"allow":["GET"]}}],"collection":[{"href":"https:\/\/www.europesays.com\/fr\/wp-json\/wp\/v2\/posts"}],"about":[{"href":"https:\/\/www.europesays.com\/fr\/wp-json\/wp\/v2\/types\/post"}],"author":[{"embeddable":true,"href":"https:\/\/www.europesays.com\/fr\/wp-json\/wp\/v2\/users\/2"}],"replies":[{"embeddable":true,"href":"https:\/\/www.europesays.com\/fr\/wp-json\/wp\/v2\/comments?post=402362"}],"version-history":[{"count":0,"href":"https:\/\/www.europesays.com\/fr\/wp-json\/wp\/v2\/posts\/402362\/revisions"}],"wp:featuredmedia":[{"embeddable":true,"href":"https:\/\/www.europesays.com\/fr\/wp-json\/wp\/v2\/media\/402363"}],"wp:attachment":[{"href":"https:\/\/www.europesays.com\/fr\/wp-json\/wp\/v2\/media?parent=402362"}],"wp:term":[{"taxonomy":"category","embeddable":true,"href":"https:\/\/www.europesays.com\/fr\/wp-json\/wp\/v2\/categories?post=402362"},{"taxonomy":"post_tag","embeddable":true,"href":"https:\/\/www.europesays.com\/fr\/wp-json\/wp\/v2\/tags?post=402362"}],"curies":[{"name":"wp","href":"https:\/\/api.w.org\/{rel}","templated":true}]}}