{"id":402379,"date":"2025-09-19T12:53:16","date_gmt":"2025-09-19T12:53:16","guid":{"rendered":"https:\/\/www.europesays.com\/fr\/402379\/"},"modified":"2025-09-19T12:53:16","modified_gmt":"2025-09-19T12:53:16","slug":"ol-3-1-habib-beye-dement-les-accusations-lyonnaises","status":"publish","type":"post","link":"https:\/\/www.europesays.com\/fr\/402379\/","title":{"rendered":"OL (3-1) : Habib Beye d\u00e9ment les accusations lyonnaises"},"content":{"rendered":"<p>                            <img width=\"770\" height=\"433\" src=\"https:\/\/www.europesays.com\/fr\/wp-content\/uploads\/2025\/04\/GettyImages-2202233574.jpg-770x433.jpg\" class=\"attachment-article size-article wp-post-image\" alt=\"Habib Beye, coach de Rennes\" decoding=\"async\" fetchpriority=\"high\"  \/><\/p>\n<p>Habib Beye, coach de Rennes (AFP)<\/p>\n<p>Apr\u00e8s le match \u00e0 Rennes, Jorge Maciel avait d\u00e9nonc\u00e9 le comportement d&rsquo;Habib Beye sur les buts bretons. Accusation qu&rsquo;il rejette.<\/p>\n<p>C&rsquo;\u00e9tait une fin de match \u00e9lectrique sur le terrain et en dehors&#8230; La tension r\u00e9gnait d\u00e9j\u00e0 depuis le d\u00e9but de la rencontre. Mais la pression a surtout \u00e9clat\u00e9 lorsque les Lyonnais ont coul\u00e9 en fin de match, scellant la victoire rennaise <a href=\"https:\/\/www.olympique-et-lyonnais.com\/lol-sombre-en-fin-de-match-a-rennes-3-1,379828.html\" target=\"_blank\" rel=\"noopener\">(3-1)<\/a>. Selon Jorge <strong>Maciel<\/strong>, le technicien Habib <strong>Beye <\/strong>aurait c\u00e9l\u00e9br\u00e9 les buts victorieux de son \u00e9quipe un peu trop proche de la zone technique lyonnaise afin d&rsquo;y provoquer l&rsquo;OL. En marge du \u00ab\u00a0derby\u00a0\u00bb Nantes &#8211; Rennes, l&rsquo;ancien joueur de l&rsquo;OM est revenu sur cette pol\u00e9mique afin de clarifier la situation.<\/p>\n<p>Habib <strong>Beye <\/strong>d\u00e9ment les propos de l&rsquo;entra\u00eeneur adjoint de Paulo <strong>Fonseca<\/strong>. D&rsquo;apr\u00e8s lui, \u00ab\u00a0leurs propos sont mensongers\u00a0\u00bb. \u00ab\u00a0Sur le premier, je reste dans ma zone technique, a-t-il racont\u00e9. Sur le deuxi\u00e8me, je commence \u00e0 f\u00eater dans ma zone et je ne d\u00e9passe pas la ligne m\u00e9diane, je ne pars pas dans le camp lyonnais. Et le troisi\u00e8me, je reste dans ma zone, je saute dans les bras de mon staff et je ne me tourne qu&rsquo;\u00e0 partir du moment o\u00f9 quelqu&rsquo;un derri\u00e8re moi du staff lyonnais vient m&rsquo;invectiver.\u00a0\u00bb<\/p>\n<p>\u00ab\u00a0\u00c7a ne m&#8217;emp\u00eachera pas de dormir\u00a0\u00bb<\/p>\n<p>Bien que l&rsquo;on veuille \u00ab\u00a0me faire passer pour le m\u00e9chant gar\u00e7on\u00a0\u00bb selon Habib <strong>Beye<\/strong>, cela \u00ab\u00a0ne m&#8217;emp\u00eachera pas de dormir\u00a0\u00bb si on se fie aux d\u00e9clarations de l&rsquo;ancien consultant Canal+. \u00ab\u00a0Je n&rsquo;ai insult\u00e9 personne, moi je l&rsquo;ai \u00e9t\u00e9, donc c&rsquo;est tr\u00e8s clair, des t\u00e9moins \u00e9taient l\u00e0\u00a0\u00bb, a-t-il assur\u00e9. Donc leurs propos sont mensongers quand j&rsquo;entends que je suis venu f\u00eater tous les buts de son c\u00f4t\u00e9. S&rsquo;ils arrivent \u00e0 ressortir des images o\u00f9 je suis dans leur zone, alors j&rsquo;accepterai d&rsquo;\u00eatre vu comme quelqu&rsquo;un d&rsquo;arrogant, mais \u00e7a ne m&#8217;emp\u00eachera pas de dormir et je sortirai de cette pol\u00e9mique tr\u00e8s rapidement.\u00a0\u00bb Ce <strong>Rennes &#8211; OL<\/strong> aura eu le droit \u00e0 son lot de pol\u00e9miques dans les deux camps.<\/p>\n","protected":false},"excerpt":{"rendered":"Habib Beye, coach de Rennes (AFP) Apr\u00e8s le match \u00e0 Rennes, Jorge Maciel avait d\u00e9nonc\u00e9 le comportement d&rsquo;Habib&hellip;\n","protected":false},"author":2,"featured_media":56304,"comment_status":"","ping_status":"","sticky":false,"template":"","format":"standard","meta":{"footnotes":""},"categories":[2821],"tags":[1111,11,829,1777,674,1011,27,17173,66,12,241,584,25],"class_list":{"0":"post-402379","1":"post","2":"type-post","3":"status-publish","4":"format-standard","5":"has-post-thumbnail","7":"category-rennes","8":"tag-actu","9":"tag-actualites","10":"tag-bretagne","11":"tag-eu","12":"tag-europe","13":"tag-fr","14":"tag-france","15":"tag-habib-beye","16":"tag-ligue-1","17":"tag-news","18":"tag-ol","19":"tag-rennes","20":"tag-republique-francaise"},"share_on_mastodon":{"url":"https:\/\/pubeurope.com\/@fr\/115231064453885591","error":""},"_links":{"self":[{"href":"https:\/\/www.europesays.com\/fr\/wp-json\/wp\/v2\/posts\/402379","targetHints":{"allow":["GET"]}}],"collection":[{"href":"https:\/\/www.europesays.com\/fr\/wp-json\/wp\/v2\/posts"}],"about":[{"href":"https:\/\/www.europesays.com\/fr\/wp-json\/wp\/v2\/types\/post"}],"author":[{"embeddable":true,"href":"https:\/\/www.europesays.com\/fr\/wp-json\/wp\/v2\/users\/2"}],"replies":[{"embeddable":true,"href":"https:\/\/www.europesays.com\/fr\/wp-json\/wp\/v2\/comments?post=402379"}],"version-history":[{"count":0,"href":"https:\/\/www.europesays.com\/fr\/wp-json\/wp\/v2\/posts\/402379\/revisions"}],"wp:featuredmedia":[{"embeddable":true,"href":"https:\/\/www.europesays.com\/fr\/wp-json\/wp\/v2\/media\/56304"}],"wp:attachment":[{"href":"https:\/\/www.europesays.com\/fr\/wp-json\/wp\/v2\/media?parent=402379"}],"wp:term":[{"taxonomy":"category","embeddable":true,"href":"https:\/\/www.europesays.com\/fr\/wp-json\/wp\/v2\/categories?post=402379"},{"taxonomy":"post_tag","embeddable":true,"href":"https:\/\/www.europesays.com\/fr\/wp-json\/wp\/v2\/tags?post=402379"}],"curies":[{"name":"wp","href":"https:\/\/api.w.org\/{rel}","templated":true}]}}