{"id":402380,"date":"2025-09-19T12:54:19","date_gmt":"2025-09-19T12:54:19","guid":{"rendered":"https:\/\/www.europesays.com\/fr\/402380\/"},"modified":"2025-09-19T12:54:19","modified_gmt":"2025-09-19T12:54:19","slug":"un-nouveau-radar-est-en-cours-dinstallation-sur-la-m35-vers-strasbourg","status":"publish","type":"post","link":"https:\/\/www.europesays.com\/fr\/402380\/","title":{"rendered":"un nouveau radar est en cours d\u2019installation sur la M35 vers Strasbourg"},"content":{"rendered":"<p>    <img loading=\"lazy\" width=\"1800\" height=\"900\" src=\"https:\/\/www.europesays.com\/fr\/wp-content\/uploads\/2025\/08\/jeanne-callthepolice.jpg\" class=\"attachment-full size-full\" alt=\"\" id=\"imageLove\" decoding=\"async\"  \/><\/p>\n<p id=\"breadcrumbs\"><a href=\"https:\/\/pokaa.fr\/\" rel=\"nofollow noopener\" target=\"_blank\">Accueil<\/a> \/ <a href=\"https:\/\/pokaa.fr\/categories\/actu\/\" rel=\"nofollow noopener\" target=\"_blank\">Info locale<\/a> \/ Encore un : un nouveau radar est en cours d\u2019installation sur la M35 vers Strasbourg<\/p>\n<p>                    Info locale<\/p>\n<p><strong>Ce 18 septembre, un nouveau radar fixe tourelle a \u00e9t\u00e9 aper\u00e7u en cours d\u2019installation sur la M35 vers Strasbourg. Il va prendre place entre la sortie Illkirch-Baggersee et la maison d\u2019arr\u00eat de l\u2019Elsau, 1 km apr\u00e8s celui de covoiturage situ\u00e9 \u00e0 Ostwald, dans le sens Colmar-Strasbourg. \u00c0 l\u2019heure o\u00f9 est \u00e9crit cet article, il n\u2019est pas encore mis en service.<\/strong><\/p>\n<p>D\u00e9cid\u00e9ment, c\u2019est la f\u00eate aux radars ces derniers temps sur la M35.<strong> En effet, il y a presque un mois, un autre nouveau radar fixe tourelle faisait son apparition dans le sens Paris-Strasbourg<\/strong>, juste \u00e0 c\u00f4t\u00e9 du radar de covoiturage de Schiltigheim.<\/p>\n<p><strong>Ce 18 septembre, c\u2019est un tout nouveau radar qui est en cours d\u2019installation sur la M35<\/strong>, <a href=\"https:\/\/www.facebook.com\/ITBR67\/posts\/pfbid02GPLGx8SXoQpuGtSEasKpnVP3uUeUKZturhRYZu4DkkPDBFuJkqVkWvEFC2L9mjk6l\" target=\"_blank\" rel=\"noopener nofollow\">si l\u2019on en croit la page Facebook Info Trafic Bas-Rhin<\/a>. Une arriv\u00e9e suppl\u00e9mentaire, qui renforce les effectifs des 19 radars d\u00e9sormais pr\u00e9sents \u00e0 Strasbourg et aux alentours.<\/p>\n<p>                <a href=\"https:\/\/pokaa.fr\/2025\/08\/20\/surprise-un-nouveau-radar-a-fait-son-apparition-sur-la-m35-vers-strasbourg\/\" rel=\"nofollow noopener\" target=\"_blank\"><br \/>\n                    <img width=\"450\" height=\"270\" src=\"https:\/\/www.europesays.com\/fr\/wp-content\/uploads\/2025\/09\/a1-450x270.png\" class=\"attachment-card-horizontal--same-subject size-card-horizontal--same-subject wp-post-image\" alt=\"\" decoding=\"async\" loading=\"lazy\"\/>                <\/a><\/p>\n<p>    <img width=\"338\" height=\"600\" src=\"https:\/\/www.europesays.com\/fr\/wp-content\/uploads\/2025\/09\/548209874-1191036576392116-1079131048067084187-n-338x600.jpg\" class=\"attachment-image-size-M size-image-size-M\" alt=\"radar\" decoding=\"async\" loading=\"lazy\"  \/>         \u00a9 Page Facebook Info Trafic Bas-Rhin \/ Capture d&rsquo;\u00e9cran <\/p>\n<p>Un nouveau radar fixe tourelle<\/p>\n<p>Toujours selon Info Trafic Bas-Rhin, <strong>ce nouveau radar fixe tourelle est en cours d\u2019installation entre la sortie Illkirch-Baggersee et la maison d\u2019arr\u00eat de l\u2019Elsau, dans le sens Colmar-Strasbourg<\/strong>. Pour \u00eatre plus pr\u00e9cis, il se situe quasiment \u00e0 1 km apr\u00e8s le radar de covoiturage d\u2019Ostwald. \u00c0 sa mise en service, il contr\u00f4lera d\u00e9sormais la vitesse du secteur, qui est fix\u00e9e \u00e0 70km\/h entre 6h et 19h, et \u00e0 90km\/h entre 19h et 6h.<\/p>\n<p>Comme son nouveau comp\u00e8re de la M35, il sera discriminant, ce qui signifie qu\u2019il saura faire la diff\u00e9rence entre les voitures et les poids lourds, et leurs limitations de vitesse respectives. <strong>Cependant, \u00e0 l\u2019heure o\u00f9 est r\u00e9dig\u00e9 cet article, le radar n\u2019est pas encore entr\u00e9 en service, et aucune date en ce sens n\u2019a \u00e9t\u00e9 communiqu\u00e9e<\/strong>.<\/p>\n<p>    <img width=\"800\" height=\"534\" src=\"https:\/\/www.europesays.com\/fr\/wp-content\/uploads\/2025\/09\/dsc-1213-800x534.jpg\" class=\"attachment-image-size-L size-image-size-L\" alt=\"mobilisation agriculteurs blocage autoroute A35\" decoding=\"async\" loading=\"lazy\"  \/>         \u00a9 Mathilde Cybulski \/ Pokaa <\/p>\n","protected":false},"excerpt":{"rendered":"Accueil \/ Info locale \/ Encore un : un nouveau radar est en cours d\u2019installation sur la M35&hellip;\n","protected":false},"author":2,"featured_media":402381,"comment_status":"","ping_status":"","sticky":false,"template":"","format":"standard","meta":{"footnotes":""},"categories":[2820],"tags":[1111,11,1777,674,1011,27,775,46873,12,27760,25,640],"class_list":{"0":"post-402380","1":"post","2":"type-post","3":"status-publish","4":"format-standard","5":"has-post-thumbnail","7":"category-strasbourg","8":"tag-actu","9":"tag-actualites","10":"tag-eu","11":"tag-europe","12":"tag-fr","13":"tag-france","14":"tag-grand-est","15":"tag-m35","16":"tag-news","17":"tag-radar","18":"tag-republique-francaise","19":"tag-strasbourg"},"share_on_mastodon":{"url":"https:\/\/pubeurope.com\/@fr\/115231068851462011","error":""},"_links":{"self":[{"href":"https:\/\/www.europesays.com\/fr\/wp-json\/wp\/v2\/posts\/402380","targetHints":{"allow":["GET"]}}],"collection":[{"href":"https:\/\/www.europesays.com\/fr\/wp-json\/wp\/v2\/posts"}],"about":[{"href":"https:\/\/www.europesays.com\/fr\/wp-json\/wp\/v2\/types\/post"}],"author":[{"embeddable":true,"href":"https:\/\/www.europesays.com\/fr\/wp-json\/wp\/v2\/users\/2"}],"replies":[{"embeddable":true,"href":"https:\/\/www.europesays.com\/fr\/wp-json\/wp\/v2\/comments?post=402380"}],"version-history":[{"count":0,"href":"https:\/\/www.europesays.com\/fr\/wp-json\/wp\/v2\/posts\/402380\/revisions"}],"wp:featuredmedia":[{"embeddable":true,"href":"https:\/\/www.europesays.com\/fr\/wp-json\/wp\/v2\/media\/402381"}],"wp:attachment":[{"href":"https:\/\/www.europesays.com\/fr\/wp-json\/wp\/v2\/media?parent=402380"}],"wp:term":[{"taxonomy":"category","embeddable":true,"href":"https:\/\/www.europesays.com\/fr\/wp-json\/wp\/v2\/categories?post=402380"},{"taxonomy":"post_tag","embeddable":true,"href":"https:\/\/www.europesays.com\/fr\/wp-json\/wp\/v2\/tags?post=402380"}],"curies":[{"name":"wp","href":"https:\/\/api.w.org\/{rel}","templated":true}]}}