{"id":402390,"date":"2025-09-19T12:59:10","date_gmt":"2025-09-19T12:59:10","guid":{"rendered":"https:\/\/www.europesays.com\/fr\/402390\/"},"modified":"2025-09-19T12:59:10","modified_gmt":"2025-09-19T12:59:10","slug":"a-nantes-les-cloches-de-la-cathedrale-resonnent-de-nouveau","status":"publish","type":"post","link":"https:\/\/www.europesays.com\/fr\/402390\/","title":{"rendered":"\u00c0 Nantes, les cloches de la cath\u00e9drale r\u00e9sonnent de nouveau"},"content":{"rendered":"<p>Les huit cloches du monument ont sonn\u00e9 \u00e0 l\u2019unisson vendredi, pour la premi\u00e8re fois depuis l\u2019incendie criminel de 2020.<\/p>\n<p class=\"fig-paragraph\">Elles n\u2019avaient plus chant\u00e9 en ch\u0153ur depuis\u00a0<a href=\"https:\/\/www.lefigaro.fr\/actualite-france\/incendie-de-la-cathedrale-de-nantes-qui-est-le-servant-de-messe-rwandais-place-en-garde-a-vue-20200719\" target=\"_blank\" data-fig-type=\"Article\" rel=\"noopener\" data-gtm-custom-categorie=\"navigation\" data-gtm-custom-action=\"crossclick\" data-gtm-custom-label=\"Contextuel\" data-gtm-event=\"customEventSPE\" data-fig-domain=\"LEFIGARO\">l\u2019incendie criminel<\/a>\u00a0de la cath\u00e9drale\u00a0<a href=\"https:\/\/www.lefigaro.fr\/nantes\" target=\"_blank\" data-fig-type=\"Section\" rel=\"sponsored noopener\" data-gtm-custom-categorie=\"navigation\" data-gtm-custom-action=\"crossclick\" data-gtm-custom-label=\"Contextuel\" data-gtm-event=\"customEventSPE\" data-fig-domain=\"LEFIGARO\">de Nantes<\/a>\u00a0(Loire-Atlantique), en juillet 2020. Cinq ans apr\u00e8s le drame, les cloches du monument ont de nouveau vibr\u00e9 \u00e0 l\u2019unisson, ce vendredi 19 septembre, sur le coup de 14 heures. La direction r\u00e9gionale des affaires cultures (DRAC) des Pays de la Loire et le\u00a0<a href=\"http:\/\/www.lefigaro.fr\/nantes\/diocese-de-nantes-10-paroisses-victimes-de-cambriolages-depuis-le-15-aout-20250828\" target=\"_blank\" data-fig-type=\"NewsFlash\" rel=\"noopener\" data-gtm-custom-categorie=\"navigation\" data-gtm-custom-action=\"crossclick\" data-gtm-custom-label=\"Contextuel\" data-gtm-event=\"customEventSPE\" data-fig-domain=\"LEFIGARO\">dioc\u00e8se de Nantes<\/a>\u00a0ont proc\u00e9d\u00e9 \u00e0 la premi\u00e8re mise en vol\u00e9e des huit cloches, pour v\u00e9rifier leur bon \u00e9tat avant la r\u00e9ouverture prochaine de la cath\u00e9drale, samedi 27 septembre.<\/p>\n<p class=\"fig-paragraph\">Plusieurs tests de cloches individuelles avaient retenti d\u00e8s le 15 septembre. L\u2019incendie de 2020 a gravement endommag\u00e9 le syst\u00e8me de sonorisation et les armoires \u00e9lectriques de la cath\u00e9drale, provoquant la mise \u00e0 l\u2019arr\u00eat des cloches. Fondu entre 1841 et 1843 par les ateliers Guillaume-Besson d\u2019Angers et Boll\u00e9e du Mans, cet ensemble avait n\u00e9cessit\u00e9 une restauration partielle.<\/p>\n<p>                                    <a class=\"fig-a11y-skip a11y-hidden\" href=\"#fig-a11y-skip-main-inarticle\"><br \/>\n        Passer la publicit\u00e9<br \/>\n    <\/a><\/p>\n<p class=\"fig-paragraph\">L\u2019\u00e9tude de diagnostic engag\u00e9 au cours des mois suivant l\u2019incendie a r\u00e9v\u00e9l\u00e9 que trois cloches sur huit devaient \u00eatre retouch\u00e9es. Aucun probl\u00e8me m\u00e9canique n\u2019a toutefois \u00e9t\u00e9 identifi\u00e9. Les cloches originales de la cath\u00e9drale ont toutes \u00e9t\u00e9 d\u00e9truites &#8211; sauf une &#8211; \u00e0 l\u2019\u00e9poque de la R\u00e9volution.<\/p>\n<p class=\"fig-paragraph\">La cath\u00e9drale de Nantes rouvrira ses portes le 27 septembre, lors d\u2019une journ\u00e9e charg\u00e9e en c\u00e9r\u00e9monies et en c\u00e9l\u00e9brations. Une messe solennelle de d\u00e9dicace sera donn\u00e9e le lendemain, dimanche 28 septembre. Le chantier de restauration du b\u00e2timent engag\u00e9 depuis 2023 se poursuivra jusqu\u2019\u00e0 fin 2027 voire 2028. Un concours permettra notamment de doter la cath\u00e9drale d\u2019une nouvelle grande verri\u00e8re, les vitraux originaux, dat\u00e9s du XVIe si\u00e8cle, ayant \u00e9t\u00e9 d\u00e9truits lors du drame. Pris en charge par l\u2019\u00c9tat, le co\u00fbt de l\u2019ensemble des travaux s\u2019\u00e9l\u00e8ve \u00e0 32 millions d\u2019euros.<\/p>\n","protected":false},"excerpt":{"rendered":"Les huit cloches du monument ont sonn\u00e9 \u00e0 l\u2019unisson vendredi, pour la premi\u00e8re fois depuis l\u2019incendie criminel de&hellip;\n","protected":false},"author":2,"featured_media":402391,"comment_status":"","ping_status":"","sticky":false,"template":"","format":"standard","meta":{"footnotes":""},"categories":[2818],"tags":[1111,11,13601,1777,674,1011,27,766,12,2636,25],"class_list":{"0":"post-402390","1":"post","2":"type-post","3":"status-publish","4":"format-standard","5":"has-post-thumbnail","7":"category-nantes","8":"tag-actu","9":"tag-actualites","10":"tag-cathedrale","11":"tag-eu","12":"tag-europe","13":"tag-fr","14":"tag-france","15":"tag-nantes","16":"tag-news","17":"tag-pays-de-la-loire","18":"tag-republique-francaise"},"share_on_mastodon":{"url":"https:\/\/pubeurope.com\/@fr\/115231087889566540","error":""},"_links":{"self":[{"href":"https:\/\/www.europesays.com\/fr\/wp-json\/wp\/v2\/posts\/402390","targetHints":{"allow":["GET"]}}],"collection":[{"href":"https:\/\/www.europesays.com\/fr\/wp-json\/wp\/v2\/posts"}],"about":[{"href":"https:\/\/www.europesays.com\/fr\/wp-json\/wp\/v2\/types\/post"}],"author":[{"embeddable":true,"href":"https:\/\/www.europesays.com\/fr\/wp-json\/wp\/v2\/users\/2"}],"replies":[{"embeddable":true,"href":"https:\/\/www.europesays.com\/fr\/wp-json\/wp\/v2\/comments?post=402390"}],"version-history":[{"count":0,"href":"https:\/\/www.europesays.com\/fr\/wp-json\/wp\/v2\/posts\/402390\/revisions"}],"wp:featuredmedia":[{"embeddable":true,"href":"https:\/\/www.europesays.com\/fr\/wp-json\/wp\/v2\/media\/402391"}],"wp:attachment":[{"href":"https:\/\/www.europesays.com\/fr\/wp-json\/wp\/v2\/media?parent=402390"}],"wp:term":[{"taxonomy":"category","embeddable":true,"href":"https:\/\/www.europesays.com\/fr\/wp-json\/wp\/v2\/categories?post=402390"},{"taxonomy":"post_tag","embeddable":true,"href":"https:\/\/www.europesays.com\/fr\/wp-json\/wp\/v2\/tags?post=402390"}],"curies":[{"name":"wp","href":"https:\/\/api.w.org\/{rel}","templated":true}]}}