{"id":402392,"date":"2025-09-19T13:00:11","date_gmt":"2025-09-19T13:00:11","guid":{"rendered":"https:\/\/www.europesays.com\/fr\/402392\/"},"modified":"2025-09-19T13:00:11","modified_gmt":"2025-09-19T13:00:11","slug":"des-marches-autour-de-bordeaux","status":"publish","type":"post","link":"https:\/\/www.europesays.com\/fr\/402392\/","title":{"rendered":"Des march\u00e9s autour de Bordeaux&#8230;"},"content":{"rendered":"<p>Cet article premium vous int\u00e9resse ?<\/p>\n<p>Rejoignez nos 1000 adh\u00e9rents<\/p>\n<p>\n\t\t\t\t\t\t\t\t\t\t\t\t\t\tGagnez en visibilit\u00e9 et profitez d\u2019un r\u00e9seau de plusieurs centaines d\u2019adh\u00e9rents.\n\t\t\t\t\t\t\t\t\t\t\t\t\t<\/p>\n<p>    <a href=\"https:\/\/www.placeco.fr\/abonnement?region_slug=nouvelle-aquitaine&amp;from=article&amp;id=des-marches-autour-de-bordeaux-8582\" class=\"btn-cta  \" rel=\"nofollow noopener\" target=\"_blank\">J&rsquo;adh\u00e8re \u00e0 Plac\u00e9co<\/a><\/p>\n<p>\t\t\t\t\t\t\t\t\t\t\t\t\t\t\tD\u00e9ja adh\u00e9rent ?<br \/>\n\t\t\t\t\t\t\t\t\t\t\t\t\t\t\t<a href=\"https:\/\/www.placeco.fr\/nouvelle-aquitaine\/visionner\/des-marches-autour-de-bordeaux-8582\" rel=\"nofollow noopener\" target=\"_blank\">Se connecter<\/a><\/p>\n","protected":false},"excerpt":{"rendered":"Cet article premium vous int\u00e9resse ? Rejoignez nos 1000 adh\u00e9rents Gagnez en visibilit\u00e9 et profitez d\u2019un r\u00e9seau de&hellip;\n","protected":false},"author":2,"featured_media":402393,"comment_status":"","ping_status":"","sticky":false,"template":"","format":"standard","meta":{"footnotes":""},"categories":[2817],"tags":[1111,11,1997,1777,674,1011,27,12,2219,5645,25],"class_list":{"0":"post-402392","1":"post","2":"type-post","3":"status-publish","4":"format-standard","5":"has-post-thumbnail","7":"category-bordeaux","8":"tag-actu","9":"tag-actualites","10":"tag-bordeaux","11":"tag-eu","12":"tag-europe","13":"tag-fr","14":"tag-france","15":"tag-news","16":"tag-nouvelle-aquitaine","17":"tag-placco-placeco","18":"tag-republique-francaise"},"share_on_mastodon":{"url":"https:\/\/pubeurope.com\/@fr\/115231091817144642","error":""},"_links":{"self":[{"href":"https:\/\/www.europesays.com\/fr\/wp-json\/wp\/v2\/posts\/402392","targetHints":{"allow":["GET"]}}],"collection":[{"href":"https:\/\/www.europesays.com\/fr\/wp-json\/wp\/v2\/posts"}],"about":[{"href":"https:\/\/www.europesays.com\/fr\/wp-json\/wp\/v2\/types\/post"}],"author":[{"embeddable":true,"href":"https:\/\/www.europesays.com\/fr\/wp-json\/wp\/v2\/users\/2"}],"replies":[{"embeddable":true,"href":"https:\/\/www.europesays.com\/fr\/wp-json\/wp\/v2\/comments?post=402392"}],"version-history":[{"count":0,"href":"https:\/\/www.europesays.com\/fr\/wp-json\/wp\/v2\/posts\/402392\/revisions"}],"wp:featuredmedia":[{"embeddable":true,"href":"https:\/\/www.europesays.com\/fr\/wp-json\/wp\/v2\/media\/402393"}],"wp:attachment":[{"href":"https:\/\/www.europesays.com\/fr\/wp-json\/wp\/v2\/media?parent=402392"}],"wp:term":[{"taxonomy":"category","embeddable":true,"href":"https:\/\/www.europesays.com\/fr\/wp-json\/wp\/v2\/categories?post=402392"},{"taxonomy":"post_tag","embeddable":true,"href":"https:\/\/www.europesays.com\/fr\/wp-json\/wp\/v2\/tags?post=402392"}],"curies":[{"name":"wp","href":"https:\/\/api.w.org\/{rel}","templated":true}]}}