{"id":402399,"date":"2025-09-19T13:05:11","date_gmt":"2025-09-19T13:05:11","guid":{"rendered":"https:\/\/www.europesays.com\/fr\/402399\/"},"modified":"2025-09-19T13:05:11","modified_gmt":"2025-09-19T13:05:11","slug":"le-voile-se-leve-sur-un-rideau-dopera-cree-par-pablo-picasso","status":"publish","type":"post","link":"https:\/\/www.europesays.com\/fr\/402399\/","title":{"rendered":"le voile se l\u00e8ve sur un rideau d\u2019op\u00e9ra cr\u00e9\u00e9 par Pablo Picasso"},"content":{"rendered":"<p>            Par<br \/>\n        <strong><br \/>\n            <a href=\"https:\/\/actu.fr\/auteur\/annesophie-2\" title=\"Consulter tous les articles de Anne-Sophie Hourdeaux\" target=\"_blank\" rel=\"noopener\">Anne-Sophie Hourdeaux<\/a><br \/>\n        <\/strong><\/p>\n<p>        Publi\u00e9 le<\/p>\n<p>            19 sept. 2025 \u00e0 14h48        <\/p>\n<p>Du 20 au 23\u00a0septembre 2025,<b> l\u2019Op\u00e9ra <\/b>de <a href=\"https:\/\/actu.fr\/hauts-de-france\/lille_59350\" target=\"_blank\" rel=\"noopener\">Lille<\/a> se visite \u00e0 tous les \u00e9tages, du parterre au pigeonnier. Devant un d\u00e9cor in\u00e9dit\u2009: un <b>rideau de sc\u00e8ne peint par Pablo Picasso<\/b> et pr\u00eat\u00e9 par le Centre Pompidou. Le programme du week-end des Journ\u00e9es du patrimoine est charg\u00e9\u2009: il y aura m\u00eame <b>une parade en ville samedi 20\u00a0septembre 2025<\/b>\u2009!<\/p>\n<p>Parade musicale \u00e0 Lille : jazz, punk, harmonies<\/p>\n<p>Samedi 20 septembre, les harmonies de Fives et de Lille-Centre, les jeunes chanteurs des ateliers Finoreille de l&rsquo;Op\u00e9ra de Lille, le groupe lillois de punk metal Big Death Amego et l&rsquo;inclassable trio jazz Steamboat Switzerland s&rsquo;\u00e9lanceront de diff\u00e9rents points du centre-ville pour d\u00e9filer en musique jusqu&rsquo;\u00e0 l&rsquo;Op\u00e9ra.<br \/>&#13;<br \/>\nD\u00e9part des groupes musicaux\u2009:<br \/>&#13;<br \/>\n&#8211; Harmonie de Lille-Fives\u2009: place Richeb\u00e9<br \/>&#13;<br \/>\n&#8211; Harmonie de Lille-Centre\u2009: angle rue Esquermoise \/ rue Thiers<br \/>&#13;<br \/>\n&#8211; Finoreille\u2009: parvis de l&rsquo;\u00e9glise Saint-Maurice (rue Pierre Mauroy)<br \/>&#13;<br \/>\n&#8211; Big Death Amego\u2009: parvis de la cath\u00e9drale de la Treille (place Gilleson)<br \/>&#13;<br \/>\n&#8211; Steamboat Switzerland\u2009: place Louise de Bettignies<br \/>&#13;<br \/>\nRendez-vous \u00e0 13\u2009h\u200915 sur la place du Th\u00e9\u00e2tre. Le compositeur Michael Wertm\u00fcller orchestrera cet improbable m\u00e9lange de styles dans une nouvelle \u0153uvre sp\u00e9cialement compos\u00e9e pour la circonstance. Elle sera interpr\u00e9t\u00e9e par les diff\u00e9rents groupes musicaux, avec la complicit\u00e9 du jeune carillonneur Thomas Roeland (depuis le beffroi de la Chambre de commerce) et de la soprano Caroline Melzer.<\/p>\n<p class=\" wall-content\">Dans tout le b\u00e2timent de l\u2019Op\u00e9ra place du Th\u00e9\u00e2tre en continu les 20 et 21\u00a0septembre, les \u00e9l\u00e8ves pianistes du Conservatoire de Lille et de l\u2019\u00c9cole Sup\u00e9rieure Musique et Danse Hauts-de-France \u2013 Lille joueront simultan\u00e9ment et en continu des \u00ab\u2009musiques d\u2019ameublement\u2009\u00bb, d\u2019apr\u00e8s le concept initi\u00e9 par Eric Satie et qui ouvrira la voie \u00e0 la musique d\u2019ambiance.<\/p>\n<p>R\u00e9cital et films<\/p>\n<p class=\" wall-content\">Le Studio accueillera quant \u00e0 lui un r\u00e9cital de chansons, notamment de Charles Ives, Erik Satie et Boris Vian. Samedi\u00a020 et dimanche\u00a021, 3\u00a0repr\u00e9sentations \u00ab\u2009surprise\u2009\u00bb de 20\u00a0minutes chacune chaque apr\u00e8s-midi des 20 et 21\u00a0septembre, avec la soprano Caroline Melzer et Nicolas Chesneau au piano.<\/p>\n<p class=\" wall-content\">Au Studio des ch\u0153urs, seront diffus\u00e9s en continu pendant les 2\u00a0jours 2 films sur Parade\u2009: la recr\u00e9ation du ballet au Grand Th\u00e9\u00e2tre de Pomp\u00e9i de 2017 par le ballet de l\u2019Op\u00e9ra de Rome, dans la chor\u00e9graphie de 1917 de L\u00e9onide Massine et avec les costumes d\u2019apr\u00e8s les originaux de Pablo Picasso\u2009; un documentaire sur le rideau de sc\u00e8ne de Picasso.<\/p>\n<p>Concert de Steamboat Switzerland<\/p>\n<p class=\" wall-content\">Sur la sc\u00e8ne de la Grande salle, samedi 20\u00a0septembre \u00e0 21\u2009h, on retrouvera \u00ab\u2009Steamboat Switzerland\u2009\u00bb, trio suisse \u00e0 voile et \u00e0 vapeur, naviguant entre jazz improvis\u00e9, musique \u00e9crite et virtuosit\u00e9 hardcore. Embarquement pour une travers\u00e9e tumultueuse et inoubliable\u2009! Gratuit sur r\u00e9servation. Orgue\u2009: Hammond Dominik Blum\u2009; Basse\u2009: Marino Pliakas\u2009; Batterie\u2009: Lucas Niggli. Dur\u00e9e\u2009: 1\u2009h\u200915.<\/p>\n<p>Un rideau d\u2019op\u00e9ra peint pas Picasso\u2009!<\/p>\n<p class=\" wall-content\">Le rideau de l\u2019op\u00e9ra est une pi\u00e8ce souvent iconique, tout en rouge. Celui qui est montr\u00e9 \u00e0 l\u2019Op\u00e9ra de Lille jusqu\u2019au 23\u00a0septembre 2025 est une pi\u00e8ce unique par son ampleur\u2009: 10,50\u00a0m de hauteur et 16,50\u00a0m de longueur. Et pr\u00e8s de 175\u00a0m\u00e8tres carr\u00e9s pour 45\u00a0kg. En plus de le d\u00e9couvrir, vous pourrez en savoir plus avec une conf\u00e9rence, un documentaire et un concert.<\/p>\n<p>    <img   decoding=\"async\" loading=\"lazy\" class=\"size-large\" src=\"https:\/\/www.europesays.com\/fr\/wp-content\/uploads\/2025\/09\/646bb467e7c86486bb467e7c80c6bbv-960x640.jpg\" alt=\"parade fiesta rideau op\u00e9ra lille\" width=\"960\" height=\"640\"\/><br \/>\n    Le rideau de l\u2019op\u00e9ra de Lille est l\u2019\u0153uvre de Pablo Picasso en 1917\u2009! \u00a9Succession Picasso, photo Christian Barbier et Philippe Migeat. Centre Pompidou.<\/p>\n<p>Votre r\u00e9gion, votre actu !<\/p>\n<p>Recevez chaque jour les infos qui comptent pour vous.<\/p>\n<p>\t<a href=\"https:\/\/actu.fr\/newsletter\" class=\"ac-btn ac-btn--corner ac-btn--medium ac-btn--blue800\" target=\"_blank\" rel=\"noopener\">S&rsquo;incrire<\/a><\/p>\n<p class=\" wall-content\">Peinte par Pablo Picasso, l\u2019\u0153uvre fut r\u00e9alis\u00e9e avec l\u2019aide de 4 assistants, ce qui est exceptionnel pour l\u2019artiste qui, \u00e0 35\u00a0ans, entamait alors une nouvelle vie avec la danseuse des ballets russes Olga Khokhova.<\/p>\n<p class=\" wall-content\">Elle a \u00e9t\u00e9 cr\u00e9\u00e9e dans le cadre d\u2019un \u00e9v\u00e9nement artistique d\u2019ampleur consid\u00e9rable\u2009: la repr\u00e9sentation de \u00ab\u2009Parade\u2009\u00bb, un ballet inspir\u00e9 par Diaghilev mont\u00e9 par le chor\u00e9graphe Massine, sur un texte de Jean Cocteau et une musique d\u2019Erik Satie. Soit l\u2019avant-garde culturelle qui va bient\u00f4t devenir dominante.<\/p>\n<p class=\" wall-content\">Pour l\u2019heure, la repr\u00e9sentation du 18\u00a0mai 1917, en pleine Premi\u00e8re guerre mondiale, d\u00e9clenche une nouvelle bataille d\u2019Hernani dans le monde du ballet et de la musique.<\/p>\n<p class=\" wall-content\">La prestation de Picasso qui r\u00e9alise, outre le rideau, le d\u00e9cor et les costumes, est \u00e0 contre-courant de la production cubiste dont il a install\u00e9 la domination depuis 10\u00a0ans avec Les Demoiselles d\u2019Avignon.<\/p>\n<p class=\" wall-content\">Pour le ballet \u00ab\u2009Parade\u2009\u00bb, il reprend des mani\u00e8res de peindre et des th\u00e8mes ant\u00e9rieurs, caract\u00e9ristiques de sa \u00ab\u2009p\u00e9riode rose\u2009\u00bb. Une esp\u00e8ce d\u2019 \u00ab\u2009autocopie\u2009\u00bb.<\/p>\n<p>Jument ail\u00e9e et acrobates<\/p>\n<p class=\" wall-content\">Le rideau de sc\u00e8ne, pi\u00e8ce rarement montr\u00e9e, enchante par son c\u00f4t\u00e9 burlesque, de t\u00e9moignage de la commedia Dell\u2019arte dans laquelle 7 personnages de th\u00e9\u00e2tre et de cirque, clowns, acrobates, arlequins sont rejoints par une jument ail\u00e9e et son petit, pr\u00e9sent\u00e9s sur une sc\u00e8ne de th\u00e9\u00e2tre. Une v\u00e9ritable mise en abyme\u2009: un th\u00e9\u00e2tre dans un th\u00e9\u00e2tre.<\/p>\n<p class=\" wall-content\">L\u2019histoire a retenu que c\u2019est cette sc\u00e8ne qui a d\u00e9clench\u00e9 chez Guillaume Apollinaire la cr\u00e9ation d\u2019un n\u00e9ologisme appel\u00e9 \u00e0 une grande destin\u00e9e\u2009: le terme \u00ab\u2009sur-r\u00e9aliste\u2009\u00bb.<\/p>\n<p class=\" wall-content\">Ce rideau exceptionnel ne sera visible que jusqu\u2019au 24\u00a0septembre \u00e0 l\u2019Op\u00e9ra\u2009: le samedi 20\u00a0septembre de 13\u2009h\u200945 \u00e0 17\u2009h\u200930\u2009; le dimanche\u00a021 de 13\u2009h\u200915 \u00e0 17\u2009h\u200930 (dernier acc\u00e8s \u00e0 17\u2009h)\u2009; les mardi\u00a023 et mercredi\u00a024 de 12\u2009h \u00e0 14\u2009h et de 16\u2009h \u00e0 20\u2009h.<\/p>\n<p class=\" wall-content\">Dimanche 21\u00a0septembre, \u00e0 11\u2009h\u200930, pour tout savoir et d\u00e9crypter le rideau, une conf\u00e9rence est donn\u00e9e entre Jeanne-Bathilde Lacourt, conservatrice au LaM et Mehdi Telhaoul, pianiste, qui \u00e9changent avec Jean-Fran\u00e7ois Chougnet, le directeur d\u00e9l\u00e9gu\u00e9 de Lille 3000.<\/p>\n<p class=\" wall-content\">Le concert de la musique compos\u00e9e par Erik Satie pour \u00ab\u2009Parade\u2009\u00bb en 1917 sera donn\u00e9 par l\u2019Orchestre National de Lille, dirig\u00e9 par Vicente Larranaga, samedi 20\u00a0septembre \u00e0 14\u2009h\u200930, 15\u2009h\u200930 et 16\u2009h\u200930\u2009: et dimanche 21\u00a0septembre \u00e0 14\u2009h, 15\u2009h, 16\u2009h. Dur\u00e9e\u2009: 20 mn.<\/p>\n<p class=\" wall-content\"><b>Jean-Michel Stievenard<\/b><\/p>\n<p>Samedi 20\u00a0septembre\u2009: parade en ville \u00e0 13\u2009h\u2009; concert place du Th\u00e9\u00e2tre \u00e0 13\u2009h\u200915\u2009; ouverture de l\u2019Op\u00e9ra de 13\u2009h\u200945 \u00e0 17\u2009h\u200930 (dernier acc\u00e8s \u00e0 17\u2009h)\u2009; concert de Steamboat Switzerland \u00e0 21\u2009h. Dimanche\u00a021\u2009: conf\u00e9rence \u00e0 11\u2009h\u200930\u2009; ouverture de l\u2019Op\u00e9ra de 13\u2009h\u200915 \u00e0 17\u2009h\u200930 (dernier acc\u00e8s \u00e0 17\u2009h). Mardi\u00a022 et mercredi\u00a023\u2009: ouverture de la Grande salle de 12\u2009h \u00e0 14\u2009h et de 16\u2009h \u00e0 20\u2009h.<\/p>\n<p class=\" wall-content\">Personnalisez votre actualit\u00e9 en ajoutant vos villes et m\u00e9dias en favori avec <a href=\"https:\/\/moncompte.actu.fr\" title=\"D\u00e9couvez Mon Actu\" rel=\"nofollow noopener\" data-trk=\"{&quot;cta&quot;:{&quot;action&quot;:&quot;https:\\\/\\\/moncompte.actu.fr&quot;,&quot;category&quot;:&quot;mon compte&quot;,&quot;from&quot;:&quot;article footer&quot;,&quot;name&quot;:&quot;Mon actu&quot;,&quot;type&quot;:&quot;cta&quot;}}\" target=\"_blank\">Mon Actu<\/a>.<\/p>\n","protected":false},"excerpt":{"rendered":"Par Anne-Sophie Hourdeaux Publi\u00e9 le 19 sept. 2025 \u00e0 14h48 Du 20 au 23\u00a0septembre 2025, l\u2019Op\u00e9ra de Lille&hellip;\n","protected":false},"author":2,"featured_media":402400,"comment_status":"","ping_status":"","sticky":false,"template":"","format":"standard","meta":{"footnotes":""},"categories":[2815],"tags":[1111,11,1777,674,1011,27,811,47275,1307,1652,12,25],"class_list":{"0":"post-402399","1":"post","2":"type-post","3":"status-publish","4":"format-standard","5":"has-post-thumbnail","7":"category-lille","8":"tag-actu","9":"tag-actualites","10":"tag-eu","11":"tag-europe","12":"tag-fr","13":"tag-france","14":"tag-hauts-de-france","15":"tag-journees-europeennes-du-patrimoine","16":"tag-lille","17":"tag-loisirs-culture","18":"tag-news","19":"tag-republique-francaise"},"share_on_mastodon":{"url":"https:\/\/pubeurope.com\/@fr\/115231111966612937","error":""},"_links":{"self":[{"href":"https:\/\/www.europesays.com\/fr\/wp-json\/wp\/v2\/posts\/402399","targetHints":{"allow":["GET"]}}],"collection":[{"href":"https:\/\/www.europesays.com\/fr\/wp-json\/wp\/v2\/posts"}],"about":[{"href":"https:\/\/www.europesays.com\/fr\/wp-json\/wp\/v2\/types\/post"}],"author":[{"embeddable":true,"href":"https:\/\/www.europesays.com\/fr\/wp-json\/wp\/v2\/users\/2"}],"replies":[{"embeddable":true,"href":"https:\/\/www.europesays.com\/fr\/wp-json\/wp\/v2\/comments?post=402399"}],"version-history":[{"count":0,"href":"https:\/\/www.europesays.com\/fr\/wp-json\/wp\/v2\/posts\/402399\/revisions"}],"wp:featuredmedia":[{"embeddable":true,"href":"https:\/\/www.europesays.com\/fr\/wp-json\/wp\/v2\/media\/402400"}],"wp:attachment":[{"href":"https:\/\/www.europesays.com\/fr\/wp-json\/wp\/v2\/media?parent=402399"}],"wp:term":[{"taxonomy":"category","embeddable":true,"href":"https:\/\/www.europesays.com\/fr\/wp-json\/wp\/v2\/categories?post=402399"},{"taxonomy":"post_tag","embeddable":true,"href":"https:\/\/www.europesays.com\/fr\/wp-json\/wp\/v2\/tags?post=402399"}],"curies":[{"name":"wp","href":"https:\/\/api.w.org\/{rel}","templated":true}]}}