{"id":402401,"date":"2025-09-19T13:06:32","date_gmt":"2025-09-19T13:06:32","guid":{"rendered":"https:\/\/www.europesays.com\/fr\/402401\/"},"modified":"2025-09-19T13:06:32","modified_gmt":"2025-09-19T13:06:32","slug":"mi-historiques-mi-legendaires-les-geants-celebres-au-palais-des-beaux-arts-de-lille","status":"publish","type":"post","link":"https:\/\/www.europesays.com\/fr\/402401\/","title":{"rendered":"mi-historiques mi-l\u00e9gendaires, les g\u00e9ants c\u00e9l\u00e9br\u00e9s au Palais des beaux-arts de Lille"},"content":{"rendered":"<p>Ces grandes effigies en carton-p\u00e2te, h\u00e9ros de carnaval, sont r\u00e9unies au Palais des beaux-arts pour les 20\u00a0ans de leur classement Unesco.<\/p>\n<p class=\"fig-paragraph\">On les appelle \u00ab\u00a0reuzes\u00a0\u00bb \u00e0 Dunkerque et Cassel, \u00ab\u00a0gayants\u00a0\u00bb en Picardie ou \u00ab\u00a0jehans\u00a0\u00bb en vieux fran\u00e7ais. Pour les 20\u00a0ans de leur classement par\u00a0<a href=\"http:\/\/www.lefigaro.fr\/culture\/apres-2017-donald-trump-annonce-que-les-etats-unis-se-retirent-de-l-unesco-20250722\" data-fig-type=\"NewsFlash\" data-gtm-custom-categorie=\"navigation\" data-gtm-custom-action=\"crossclick\" data-gtm-custom-label=\"Contextuel\" data-gtm-event=\"customEventSPE\" data-fig-domain=\"LEFIGARO\" target=\"_blank\" rel=\"noopener\">l\u2019Unesco<\/a>\u00a0comme patrimoine culturel universel de l\u2019humanit\u00e9, les g\u00e9ants de carnaval, n\u00e9s il y a un demi-mill\u00e9naire dans ce nord-est de la France ainsi que sur le territoire de l\u2019actuelle Belgique, sont r\u00e9unis au<a href=\"http:\/\/www.lefigaro.fr\/culture\/carnavals-banquets-kermesses-le-palais-des-beaux-arts-de-lille-met-la-fete-a-l-honneur-20250513\" data-fig-type=\"Article\" data-gtm-custom-categorie=\"navigation\" data-gtm-custom-action=\"crossclick\" data-gtm-custom-label=\"Contextuel\" data-gtm-event=\"customEventSPE\" data-fig-domain=\"LEFIGARO\" target=\"_blank\" rel=\"noopener\">\u00a0Palais des beaux-arts (PBA) de Lille<\/a>. Bien que l\u2019atrium central soit vaste, ces personnages, d\u00e9bonnaires comme Gargantua, s\u00e9duisants comme la reine Constance, fiers comme Jeanne Maillotte ou effrayants tel le P\u00e8re Fouettard, y semblent presque \u00e0 l\u2019\u00e9troit. Certains mesurent jusqu\u2019\u00e0 7\u00a0m\u00e8tres.<\/p>\n<p class=\"fig-paragraph\">Ces figures mi-historiques mi-l\u00e9gendaires et fort populaires ont aussi droit \u00e0 l\u2019\u00e9tage \u00e0 une petite exposition. On y apprend leur histoire, comment ils ont \u00e9t\u00e9 fabriqu\u00e9s. On y d\u00e9couvre leur armature d\u2019osier ou de planches. Passent les gravures et les photos de d\u00e9fil\u00e9s. Cela jusqu\u2019\u00e0 celui organis\u00e9 pour les festivit\u00e9s de Lille, capitale europ\u00e9enne\u2026<\/p>\n<p class=\"fig-premium-paywall__infos\">\n        Cet article est r\u00e9serv\u00e9 aux abonn\u00e9s.        Il vous reste 64% \u00e0 d\u00e9couvrir.\n    <\/p>\n<p>                <img  data- alt=\"Le Figaro\" class=\"fig-img--complete fig-img\"\/><\/p>\n<p class=\"fig-premium-paywall__title\">Vous avez envie de lire la suite ?<\/p>\n<p class=\"fig-premium-paywall__subtitle\">D\u00e9bloquez tous les articles imm\u00e9diatement.<\/p>\n<p class=\"fig-premium-paywall__connect\">\n                D\u00e9j\u00e0 abonn\u00e9\u00a0?                <a class=\"fig-premium-paywall__connect-link\" href=\"https:\/\/connect.lefigaro.fr\/login?client=horizon_web&amp;type=main&amp;redirect_uri=https%3A%2F%2Fwww.lefigaro.fr%2Fculture%2Fmi-historiques-mi-legendaires-les-geants-celebres-au-palais-des-beaux-arts-de-lille-20250919\" data-js-gtm=\"{&quot;customCategorie&quot;: &quot;conversion&quot;, &quot;customAction&quot;: &quot;before_Landing_Connexion_paywall_auto&quot;, &quot;customLabel&quot;: &quot;bGVmaWdhcm8uZnJfXzFmMDkzYmE4LTAzOTQtNjFiYS1hMTkyLWI1NDZjNzNkYzMyMl9fQXJ0aWNsZQ==_Exposition\u00a0: mi-historiques mi-l\u00e9gendaires, les g\u00e9ants c\u00e9l\u00e9br\u00e9s au Palais des beaux-arts de Lille_338&quot;, &quot;customIDSPE&quot;: &quot;bGVmaWdhcm8uZnJfXzFmMDkzYmE4LTAzOTQtNjFiYS1hMTkyLWI1NDZjNzNkYzMyMl9fQXJ0aWNsZQ==&quot;, &quot;event&quot;: &quot;customEventSPE&quot;}\" target=\"_blank\" rel=\"noopener\"><br \/>\n                    Connectez-vous<br \/>\n                <\/a>\n            <\/p>\n","protected":false},"excerpt":{"rendered":"Ces grandes effigies en carton-p\u00e2te, h\u00e9ros de carnaval, sont r\u00e9unies au Palais des beaux-arts pour les 20\u00a0ans de&hellip;\n","protected":false},"author":2,"featured_media":402402,"comment_status":"","ping_status":"","sticky":false,"template":"","format":"standard","meta":{"footnotes":""},"categories":[2815],"tags":[1111,11,7237,1777,674,3293,1011,27,811,1307,12,25],"class_list":{"0":"post-402401","1":"post","2":"type-post","3":"status-publish","4":"format-standard","5":"has-post-thumbnail","7":"category-lille","8":"tag-actu","9":"tag-actualites","10":"tag-carnaval","11":"tag-eu","12":"tag-europe","13":"tag-exposition","14":"tag-fr","15":"tag-france","16":"tag-hauts-de-france","17":"tag-lille","18":"tag-news","19":"tag-republique-francaise"},"share_on_mastodon":{"url":"https:\/\/pubeurope.com\/@fr\/115231115337979232","error":""},"_links":{"self":[{"href":"https:\/\/www.europesays.com\/fr\/wp-json\/wp\/v2\/posts\/402401","targetHints":{"allow":["GET"]}}],"collection":[{"href":"https:\/\/www.europesays.com\/fr\/wp-json\/wp\/v2\/posts"}],"about":[{"href":"https:\/\/www.europesays.com\/fr\/wp-json\/wp\/v2\/types\/post"}],"author":[{"embeddable":true,"href":"https:\/\/www.europesays.com\/fr\/wp-json\/wp\/v2\/users\/2"}],"replies":[{"embeddable":true,"href":"https:\/\/www.europesays.com\/fr\/wp-json\/wp\/v2\/comments?post=402401"}],"version-history":[{"count":0,"href":"https:\/\/www.europesays.com\/fr\/wp-json\/wp\/v2\/posts\/402401\/revisions"}],"wp:featuredmedia":[{"embeddable":true,"href":"https:\/\/www.europesays.com\/fr\/wp-json\/wp\/v2\/media\/402402"}],"wp:attachment":[{"href":"https:\/\/www.europesays.com\/fr\/wp-json\/wp\/v2\/media?parent=402401"}],"wp:term":[{"taxonomy":"category","embeddable":true,"href":"https:\/\/www.europesays.com\/fr\/wp-json\/wp\/v2\/categories?post=402401"},{"taxonomy":"post_tag","embeddable":true,"href":"https:\/\/www.europesays.com\/fr\/wp-json\/wp\/v2\/tags?post=402401"}],"curies":[{"name":"wp","href":"https:\/\/api.w.org\/{rel}","templated":true}]}}