{"id":402413,"date":"2025-09-19T13:14:13","date_gmt":"2025-09-19T13:14:13","guid":{"rendered":"https:\/\/www.europesays.com\/fr\/402413\/"},"modified":"2025-09-19T13:14:13","modified_gmt":"2025-09-19T13:14:13","slug":"jattends-que-ca-que-ton-lit-soit-mien-derniere-soiree-chez-les-jubillar","status":"publish","type":"post","link":"https:\/\/www.europesays.com\/fr\/402413\/","title":{"rendered":"\u00ab\u00a0J\u2019attends que \u00e7a, que ton lit soit mien\u00a0\u00bb : derni\u00e8re soir\u00e9e chez les Jubillar"},"content":{"rendered":"<p>S\u00e9rie\u00c9pisode 3Un huis clos familial \u00e0 la fois banal et angoissant\u2026 Alors que le proc\u00e8s de C\u00e9dric Jubillar s\u2019ouvre le 22\u00a0septembre devant les assises du Tarn, le troisi\u00e8me \u00e9pisode de notre s\u00e9rie nous fait entrer dans la maison familiale lors de la soir\u00e9e qui pr\u00e9c\u00e8de la disparition de son \u00e9pouse Delphine, dans la nuit du 15 au 16\u00a0d\u00e9cembre 2020.<\/p>\n<p class=\"lp-f-ui-04-strong lp-mt-03 lp-mb-01\">Par\u00a0<a href=\"https:\/\/www.leparisien.fr\/auteur\/ronan-folgoas\/\" class=\"lp-link lp-link--underline lp-link--text lp-link--size-ui-04-strong\" rel=\"nofollow noopener\" target=\"_blank\">Ronan  Folgoas<\/a><\/p>\n<p class=\"lp-f-ui-05 lp-color-text-muted\">Le 19 septembre 2025 \u00e0 10h30, modifi\u00e9 le 19 septembre 2025 \u00e0 14h37<\/p>\n","protected":false},"excerpt":{"rendered":"S\u00e9rie\u00c9pisode 3Un huis clos familial \u00e0 la fois banal et angoissant\u2026 Alors que le proc\u00e8s de C\u00e9dric Jubillar&hellip;\n","protected":false},"author":2,"featured_media":402414,"comment_status":"","ping_status":"","sticky":false,"template":"","format":"standard","meta":{"footnotes":""},"categories":[1888],"tags":[1111,1928,11,1927,459,1777,674,118,1011,27,12,1926,626,1925,25],"class_list":{"0":"post-402413","1":"post","2":"type-post","3":"status-publish","4":"format-standard","5":"has-post-thumbnail","7":"category-paris","8":"tag-actu","9":"tag-actu-paris","10":"tag-actualites","11":"tag-actualites-paris","12":"tag-departements-horsidfo","13":"tag-eu","14":"tag-europe","15":"tag-faits-divers","16":"tag-fr","17":"tag-france","18":"tag-news","19":"tag-news-paris","20":"tag-paris","21":"tag-paris-news","22":"tag-republique-francaise"},"share_on_mastodon":{"url":"https:\/\/pubeurope.com\/@fr\/115231147057262319","error":""},"_links":{"self":[{"href":"https:\/\/www.europesays.com\/fr\/wp-json\/wp\/v2\/posts\/402413","targetHints":{"allow":["GET"]}}],"collection":[{"href":"https:\/\/www.europesays.com\/fr\/wp-json\/wp\/v2\/posts"}],"about":[{"href":"https:\/\/www.europesays.com\/fr\/wp-json\/wp\/v2\/types\/post"}],"author":[{"embeddable":true,"href":"https:\/\/www.europesays.com\/fr\/wp-json\/wp\/v2\/users\/2"}],"replies":[{"embeddable":true,"href":"https:\/\/www.europesays.com\/fr\/wp-json\/wp\/v2\/comments?post=402413"}],"version-history":[{"count":0,"href":"https:\/\/www.europesays.com\/fr\/wp-json\/wp\/v2\/posts\/402413\/revisions"}],"wp:featuredmedia":[{"embeddable":true,"href":"https:\/\/www.europesays.com\/fr\/wp-json\/wp\/v2\/media\/402414"}],"wp:attachment":[{"href":"https:\/\/www.europesays.com\/fr\/wp-json\/wp\/v2\/media?parent=402413"}],"wp:term":[{"taxonomy":"category","embeddable":true,"href":"https:\/\/www.europesays.com\/fr\/wp-json\/wp\/v2\/categories?post=402413"},{"taxonomy":"post_tag","embeddable":true,"href":"https:\/\/www.europesays.com\/fr\/wp-json\/wp\/v2\/tags?post=402413"}],"curies":[{"name":"wp","href":"https:\/\/api.w.org\/{rel}","templated":true}]}}