{"id":402426,"date":"2025-09-19T13:21:14","date_gmt":"2025-09-19T13:21:14","guid":{"rendered":"https:\/\/www.europesays.com\/fr\/402426\/"},"modified":"2025-09-19T13:21:14","modified_gmt":"2025-09-19T13:21:14","slug":"a-calais-les-exiles-nabandonnent-pas-lidee-de-rejoindre-langleterre-mediapart","status":"publish","type":"post","link":"https:\/\/www.europesays.com\/fr\/402426\/","title":{"rendered":"\u00c0 Calais, les exil\u00e9s n\u2019abandonnent pas l\u2019id\u00e9e de rejoindre l\u2019Angleterre &#8211; Mediapart"},"content":{"rendered":"<ol>\n<li><a href=\"https:\/\/news.google.com\/rss\/articles\/CBMitgFBVV95cUxQRkNwdVRFRlBLWWZuYUg5UVNaTXFOaVo5ME5PZ1M4UGZFaTV5eUJvbjdlXzNQbFp1RVE5aVZnUVh4VEhETFFscTdMbkhXZE1FUVBHXzNUbmJEZ25rLUlkQ2RkeHNhTjRHN0VJMXRpVEZFUTBVTTFWazNDOEFRd0l0UzcycEd5alNtbzJRalZxbW03TXUyRmZNMWx0T2ZWNHBFY0swOU5FcXpvLXVLX04yNGNxd3VZQQ?oc=5\" target=\"_blank\" rel=\"nofollow noopener\">\u00c0 Calais, les exil\u00e9s n\u2019abandonnent pas l\u2019id\u00e9e de rejoindre l\u2019Angleterre<\/a>&nbsp;&nbsp;Mediapart<\/li>\n<li><a href=\"https:\/\/news.google.com\/rss\/articles\/CBMiwwFBVV95cUxQd1BxSmt3YnFKTkxJM0F1dldVXzF0VXgxZV9aLUtvdzVYcEhrRml6bWZxdHJOeXltb3RXRDF0RUxtX0lxalY1aW4yVnNYaFo3WlZxbzFKR09FRzlld3JJVmJqT08weGlKZEJRUlZzU2lEa0VLZ3l0VUFtejVjaUxXOHdZWEgtLXlNbFlocC00TjVyRGd4WHhVdXdTeF8tc2JmM3lYU1dvSkVJM3RKSjRuMWpZdUhDX0dPYmVqR1AwdjV4SGc?oc=5\" target=\"_blank\" rel=\"nofollow noopener\">Le ballet des d\u00e9parts clandestins vers l&rsquo;Angleterre, en d\u00e9pit des expulsions<\/a>&nbsp;&nbsp;Portail Orange<\/li>\n<li><a href=\"https:\/\/news.google.com\/rss\/articles\/CBMi0gFBVV95cUxQcl96MVNnZ1c1Y2tVdXNWaDloYktkZ2V2VmFadWU1WExKNk1NMFlVTHRMSm9ObDRSQ2VVdFZKSlZ4R004TlloemZHdUdYbFRKMmZ5YmdoY3JuZlZ2M3hra0lBT2RaQUNmYnFrY0FRQjBKX0p3QTdoYUo4dDNCcnR1VEJtOWdrVV9jT1ZtZm1YVUlIaUttQnVNUTl4cVZ3VWRhVXdUdUktZzlOajhHZGt4dnZFbEpONlJsdFBNUElPdkIyWW8yMmxVc3FObTlPMmdSUnc?oc=5\" target=\"_blank\" rel=\"nofollow noopener\">Royaume-Uni : deuxi\u00e8me vol vers la France de migrants expuls\u00e9s apr\u00e8s un recours infructueux<\/a>&nbsp;&nbsp;Le Figaro<\/li>\n<li><a href=\"https:\/\/news.google.com\/rss\/articles\/CBMilAJBVV95cUxNTDZfLUJwNW9hSzIySUxoR1pVS1otME9wbzdORGIwcS1NTHBIUWZ4Mnl0NGNqbUYtNC12OExqZm85X1B2NDZBN0pqbTdGOENxRDQ0MnVLa0RnTnEwTzRtb0hMYms3cmlzcWlzdERJYmxfRXJUQlcwSHdMV0ZSaUl6LXRYMHdEM3VnSFVOWmtsU1pCUUNsM2RKZ28yMHpObUU2aDJ2WDRIdng2UWNzWDFfLXRZQS1IOUlwNUxLUEp3LTMwX25MbnlCR2p5MHZ0U2F6anoyc0FFTFFTczVVNnk0VFlzeWtDR01GOHpSWVJ2eHhQOHkxQy1LbnVrRkNlY0VNNEdtMVlaV3Q5ZTE3cVNxS1lLV1Q?oc=5\" target=\"_blank\" rel=\"nofollow noopener\">Un premier migrant renvoy\u00e9 du Royaume-Uni vers la France dans le cadre de l\u2019accord migratoire franco-britannique<\/a>&nbsp;&nbsp;Le Monde.fr<\/li>\n<li><a href=\"https:\/\/news.google.com\/rss\/articles\/CBMihwJBVV95cUxQaGwzUFBoeTQ0TG1EaE5BMVhsS0Y3cHJ6RXFKeUNCN1REejNvc0kxb25EMjdwV0REX3pUcmdYNHRtYXVXLXNma3Nlcm5idmZ5cVlkTC1temdkSmt4elJLdFp0cTdYRVY1c1U0aUhnb0tDd01wbjh4aTN0alE5SmVLTnZJbmJtWDBTUXB5YzB6eURta2RJXzFOOG14cXJaUkxvZ2pPOS1xNlpoUDU4ZFpabVQ0MzU1eTZYV1M0ajFzcHYweGFTX2l6UVdQMEdNMGZSUmhYNnZaVDZCaVVtRlRjSlFfZVlldS13akx5TzdNeDI5TW9tWDBseXctNkNVYm0tcklQOFZVdw?oc=5\" target=\"_blank\" rel=\"nofollow noopener\">Immigration : l&rsquo;accord entre la France et le Royaume-Uni appliqu\u00e9 pour la premi\u00e8re fois&#8230; on vous explique le principe du \u00ab\u00a0un pour un\u00a0\u00bb<\/a>&nbsp;&nbsp;ladepeche.fr<\/li>\n<\/ol>\n","protected":false},"excerpt":{"rendered":"\u00c0 Calais, les exil\u00e9s n\u2019abandonnent pas l\u2019id\u00e9e de rejoindre l\u2019Angleterre&nbsp;&nbsp;Mediapart Le ballet des d\u00e9parts clandestins vers l&rsquo;Angleterre, en&hellip;\n","protected":false},"author":2,"featured_media":402427,"comment_status":"","ping_status":"","sticky":false,"template":"","format":"standard","meta":{"footnotes":""},"categories":[1588],"tags":[11,9420,1777,674,32786,10090,12,473,1853,1851,1850,1852],"class_list":{"0":"post-402426","1":"post","2":"type-post","3":"status-publish","4":"format-standard","5":"has-post-thumbnail","7":"category-royaume-uni","8":"tag-actualites","9":"tag-calais","10":"tag-eu","11":"tag-europe","12":"tag-expulsions-detrangers","13":"tag-migrations","14":"tag-news","15":"tag-royaume-uni","16":"tag-royaume-uni-de-grande-bretagne-et-dirlande-du-nord","17":"tag-uk","18":"tag-united-kingdom","19":"tag-united-kingdom-of-great-britain-and-northern-ireland"},"share_on_mastodon":{"url":"https:\/\/pubeurope.com\/@fr\/115231174432083022","error":""},"_links":{"self":[{"href":"https:\/\/www.europesays.com\/fr\/wp-json\/wp\/v2\/posts\/402426","targetHints":{"allow":["GET"]}}],"collection":[{"href":"https:\/\/www.europesays.com\/fr\/wp-json\/wp\/v2\/posts"}],"about":[{"href":"https:\/\/www.europesays.com\/fr\/wp-json\/wp\/v2\/types\/post"}],"author":[{"embeddable":true,"href":"https:\/\/www.europesays.com\/fr\/wp-json\/wp\/v2\/users\/2"}],"replies":[{"embeddable":true,"href":"https:\/\/www.europesays.com\/fr\/wp-json\/wp\/v2\/comments?post=402426"}],"version-history":[{"count":0,"href":"https:\/\/www.europesays.com\/fr\/wp-json\/wp\/v2\/posts\/402426\/revisions"}],"wp:featuredmedia":[{"embeddable":true,"href":"https:\/\/www.europesays.com\/fr\/wp-json\/wp\/v2\/media\/402427"}],"wp:attachment":[{"href":"https:\/\/www.europesays.com\/fr\/wp-json\/wp\/v2\/media?parent=402426"}],"wp:term":[{"taxonomy":"category","embeddable":true,"href":"https:\/\/www.europesays.com\/fr\/wp-json\/wp\/v2\/categories?post=402426"},{"taxonomy":"post_tag","embeddable":true,"href":"https:\/\/www.europesays.com\/fr\/wp-json\/wp\/v2\/tags?post=402426"}],"curies":[{"name":"wp","href":"https:\/\/api.w.org\/{rel}","templated":true}]}}