{"id":402432,"date":"2025-09-19T13:24:20","date_gmt":"2025-09-19T13:24:20","guid":{"rendered":"https:\/\/www.europesays.com\/fr\/402432\/"},"modified":"2025-09-19T13:24:20","modified_gmt":"2025-09-19T13:24:20","slug":"lue-propose-un-19%e1%b5%89-paquet-de-sanctions-contre-la-russie-et-annonce-un-pret-de-reparations-pour-lukraine","status":"publish","type":"post","link":"https:\/\/www.europesays.com\/fr\/402432\/","title":{"rendered":"L\u2019UE propose un 19\u1d49 paquet de sanctions contre la Russie et annonce un pr\u00eat de r\u00e9parations pour l\u2019Ukraine"},"content":{"rendered":"<p>AA \/ Istanbul \/ Mucahithan Avcioglu<\/p>\n<p>La Commission europ\u00e9enne a propos\u00e9 vendredi un 19e paquet de sanctions contre la Russie, a annonc\u00e9 le commissaire europ\u00e9en \u00e0 l\u2019\u00c9conomie et \u00e0 la Productivit\u00e9, Valdis Dombrovskis.<\/p>\n<p>\u00ab La proposition de la Commission pour ce 19e paquet de sanctions vise \u00e0 affaiblir davantage l\u2019\u00e9conomie de guerre russe, d\u00e9j\u00e0 fortement fragilis\u00e9e \u00bb, a d\u00e9clar\u00e9 Dombrovskis lors d\u2019une conf\u00e9rence de presse du groupe Eurogroupe \u00e0 Copenhague.<\/p>\n<p>De son c\u00f4t\u00e9, la porte-parole de la Commission, Paula Pinho, a annonc\u00e9 plus tard dans la journ\u00e9e, lors d\u2019un point presse \u00e0 Bruxelles, que le paquet de sanctions avait \u00e9t\u00e9 formellement adopt\u00e9 par la Commission.<\/p>\n<p>Elle a pr\u00e9cis\u00e9 que la pr\u00e9sidente de la Commission Ursula von der Leyen et la cheffe de la diplomatie europ\u00e9enne Kaja Kallas annonceront officiellement ce nouveau train de mesures dans l\u2019apr\u00e8s-midi.<\/p>\n<p>&#8211; Sanctions coordonn\u00e9es avec le G7<\/p>\n<p>Affirmant qu\u2019aucune autre puissance n\u2019a mis en \u0153uvre des sanctions aussi fortes que l\u2019Union europ\u00e9enne, Dombrovskis a soulign\u00e9 que ces mesures \u00ab fonctionnent \u00bb, en particulier dans le cadre de la coordination avec les pays du G7.<\/p>\n<p>Il a rappel\u00e9 que les sanctions prises par le G7 ont d\u00e9j\u00e0 co\u00fbt\u00e9 \u00ab des centaines de milliards \u00bb \u00e0 l\u2019\u00e9conomie russe.<\/p>\n<p>\u00ab Mais il est clair que nous devons accro\u00eetre encore la pression sur la Russie pour rendre sa guerre d\u2019agression insoutenable \u00bb, a-t-il ajout\u00e9, pr\u00e9cisant que les d\u00e9tails de ce nouveau paquet seront publi\u00e9s \u00ab tr\u00e8s prochainement \u00bb.<\/p>\n<p>&#8211; Un pr\u00eat de r\u00e9parations pour l\u2019Ukraine<\/p>\n<p>Dombrovskis a par ailleurs annonc\u00e9 que les actifs gel\u00e9s de la Banque centrale de Russie seraient utilis\u00e9s sous forme de pr\u00eat \u00e0 recours limit\u00e9 en faveur de l\u2019Ukraine \u2014 un m\u00e9canisme qu\u2019il a qualifi\u00e9 de \u00ab pr\u00eat de r\u00e9parations \u00bb.<\/p>\n<p>\u00ab Cela ne porterait pas atteinte au droit de la Russie sur les institutions financi\u00e8res d\u00e9tenant ces fonds gel\u00e9s, qui resterait pleinement en vigueur. En revanche, ce pr\u00eat ne serait rembours\u00e9 que si, et lorsque, l\u2019Ukraine re\u00e7oit des r\u00e9parations de la Russie. Il s\u2019agit donc d\u2019un m\u00e9canisme d\u2019avance sur r\u00e9parations \u00bb, a expliqu\u00e9 le commissaire.<\/p>\n<p>Il a pr\u00e9cis\u00e9 que les services de la Commission travaillent actuellement sur les aspects techniques pour concevoir un instrument \u00ab juridiquement, financi\u00e8rement et fiscalement solide \u00bb.<\/p>\n<p>* Traduit de l&rsquo;anglais par Wafae El Baghouani<\/p>\n<p>                            &#13;<br \/>\n                                <a href=\"https:\/\/www.aa.com.tr\/fr\/p\/abonnement\/1001\" target=\"_blank\" style=\"font-size:12px; color:#444; text-decoration:none;\" rel=\"nofollow noopener\">&#13;<br \/>\n                                    Seulement une partie des d\u00e9p\u00eaches, que l&rsquo;Agence Anadolu diffuse \u00e0 ses abonn\u00e9s via le Syst\u00e8me de Diffusion interne (HAS), est diffus\u00e9e sur le site de l&rsquo;AA, de mani\u00e8re r\u00e9sum\u00e9e. <b style=\"color:#1897F7\">Contactez-nous s&rsquo;il vous pla\u00eet pour vous abonner.<\/b>&#13;<br \/>\n                                <\/a>&#13;<\/p>\n","protected":false},"excerpt":{"rendered":"AA \/ Istanbul \/ Mucahithan Avcioglu La Commission europ\u00e9enne a propos\u00e9 vendredi un 19e paquet de sanctions contre&hellip;\n","protected":false},"author":2,"featured_media":402433,"comment_status":"","ping_status":"","sticky":false,"template":"","format":"standard","meta":{"footnotes":""},"categories":[1586],"tags":[11,1785,1777,674,1779,1011,27,12,25,132,7185,1778,220,364],"class_list":{"0":"post-402432","1":"post","2":"type-post","3":"status-publish","4":"format-standard","5":"has-post-thumbnail","7":"category-europe","8":"tag-actualites","9":"tag-anadolu-ajansi","10":"tag-eu","11":"tag-europe","12":"tag-european-union","13":"tag-fr","14":"tag-france","15":"tag-news","16":"tag-republique-francaise","17":"tag-russie","18":"tag-sanctions","19":"tag-ue","20":"tag-ukraine","21":"tag-union-europeenne"},"share_on_mastodon":{"url":"https:\/\/pubeurope.com\/@fr\/115231186311209904","error":""},"_links":{"self":[{"href":"https:\/\/www.europesays.com\/fr\/wp-json\/wp\/v2\/posts\/402432","targetHints":{"allow":["GET"]}}],"collection":[{"href":"https:\/\/www.europesays.com\/fr\/wp-json\/wp\/v2\/posts"}],"about":[{"href":"https:\/\/www.europesays.com\/fr\/wp-json\/wp\/v2\/types\/post"}],"author":[{"embeddable":true,"href":"https:\/\/www.europesays.com\/fr\/wp-json\/wp\/v2\/users\/2"}],"replies":[{"embeddable":true,"href":"https:\/\/www.europesays.com\/fr\/wp-json\/wp\/v2\/comments?post=402432"}],"version-history":[{"count":0,"href":"https:\/\/www.europesays.com\/fr\/wp-json\/wp\/v2\/posts\/402432\/revisions"}],"wp:featuredmedia":[{"embeddable":true,"href":"https:\/\/www.europesays.com\/fr\/wp-json\/wp\/v2\/media\/402433"}],"wp:attachment":[{"href":"https:\/\/www.europesays.com\/fr\/wp-json\/wp\/v2\/media?parent=402432"}],"wp:term":[{"taxonomy":"category","embeddable":true,"href":"https:\/\/www.europesays.com\/fr\/wp-json\/wp\/v2\/categories?post=402432"},{"taxonomy":"post_tag","embeddable":true,"href":"https:\/\/www.europesays.com\/fr\/wp-json\/wp\/v2\/tags?post=402432"}],"curies":[{"name":"wp","href":"https:\/\/api.w.org\/{rel}","templated":true}]}}