{"id":402439,"date":"2025-09-19T13:31:11","date_gmt":"2025-09-19T13:31:11","guid":{"rendered":"https:\/\/www.europesays.com\/fr\/402439\/"},"modified":"2025-09-19T13:31:11","modified_gmt":"2025-09-19T13:31:11","slug":"atp-en-grande-difficulte-tsitsipas-aurait-pris-une-decision-importante","status":"publish","type":"post","link":"https:\/\/www.europesays.com\/fr\/402439\/","title":{"rendered":"ATP > En grande difficult\u00e9, Tsitsipas aurait pris une d\u00e9cision importante !"},"content":{"rendered":"<p>Touch\u00e9 g\u00ean\u00e9 au niveau du dos et contraint de jouer sous infil\u00adtra\u00adtion son match perdu de Coupe Davis contre Joao Fonseca, Stefanos Tsitsipas aurait d\u00e9cid\u00e9 de passer sur le billard.<\/p>\n<p>Selon les infor\u00adma\u00adtions du m\u00e9dia <a href=\"https:\/\/www.tennis24.gr\/se-epemvasi-ypovlithike-o-tsitsipas\/\" data-wpel-link=\"external\" target=\"_blank\" rel=\"nofollow external noopener\">Tennis24<\/a>, le Grec conna\u00eetra une p\u00e9riode d\u2019in\u00addis\u00adpo\u00adni\u00adbi\u00adlit\u00e9 de deux \u00e0 six semaines apr\u00e8s avoir \u00e9t\u00e9 op\u00e9r\u00e9 ce\u00a0jeudi.\u00a0<\/p>\n<blockquote class=\"twitter-tweet\">\n<p lang=\"en\" dir=\"ltr\">\ud83d\udea8 <\/p>\n<p>\ud83c\uddec\ud83c\uddf7 Stefanos Tsitsipas underwent lower back surgery on Thursday, some\u00adthing which has bothered him for a while<\/p>\n<p>\u274c Recovery esti\u00admated to be between 2\u20136 weeks, hence why he with\u00addrew from Beijing, but hopes to be at the Six Kings Slam<\/p>\n<p>\ud83d\udde3\ufe0f <a href=\"https:\/\/t.co\/XTFe7a5isv\" data-wpel-link=\"external\" target=\"_blank\" rel=\"nofollow external noopener\">https:\/\/t.co\/XTFe7a5isv<\/a><br \/>\ud83d\udcf8 AP <a href=\"https:\/\/t.co\/7EG3ngfaNx\" data-wpel-link=\"external\" target=\"_blank\" rel=\"nofollow external noopener\">pic.twitter.com\/7EG3ngfaNx<\/a><\/p>\n<p>\u2014 Olly Tennis \ud83c\udfbe\ud83c\uddec\ud83c\udde7 (@Olly_Tennis_) <a href=\"https:\/\/twitter.com\/Olly_Tennis_\/status\/1968967886665400584?ref_src=twsrc%5Etfw\" data-wpel-link=\"external\" target=\"_blank\" rel=\"nofollow external noopener\">September 19,\u00a02025<\/a><\/p><\/blockquote>\n<p>D\u00e9sormais 27e mondial, Tsitsipas ne s\u2019est pas encore retir\u00e9 du Masters 1000 de Shangha\u00ef (1er au 12 octobre).\u00a0<\/p>\n<p class=\"post-published-date\" style=\"color: silver; font-size: 75%; text-align: left;\">Publi\u00e9 le vendredi 19 septembre 2025 \u00e0 13:18<\/p>\n<p><script async src=\"https:\/\/platform.twitter.com\/widgets.js\" charset=\"utf-8\"><\/script><\/p>\n","protected":false},"excerpt":{"rendered":"Touch\u00e9 g\u00ean\u00e9 au niveau du dos et contraint de jouer sous infil\u00adtra\u00adtion son match perdu de Coupe Davis&hellip;\n","protected":false},"author":2,"featured_media":354233,"comment_status":"","ping_status":"","sticky":false,"template":"","format":"standard","meta":{"footnotes":""},"categories":[1415],"tags":[1011,27,60,1467,5443],"class_list":{"0":"post-402439","1":"post","2":"type-post","3":"status-publish","4":"format-standard","5":"has-post-thumbnail","7":"category-tennis","8":"tag-fr","9":"tag-france","10":"tag-sports","11":"tag-tennis","12":"tag-tsitsipas"},"share_on_mastodon":{"url":"https:\/\/pubeurope.com\/@fr\/115231213654575777","error":""},"_links":{"self":[{"href":"https:\/\/www.europesays.com\/fr\/wp-json\/wp\/v2\/posts\/402439","targetHints":{"allow":["GET"]}}],"collection":[{"href":"https:\/\/www.europesays.com\/fr\/wp-json\/wp\/v2\/posts"}],"about":[{"href":"https:\/\/www.europesays.com\/fr\/wp-json\/wp\/v2\/types\/post"}],"author":[{"embeddable":true,"href":"https:\/\/www.europesays.com\/fr\/wp-json\/wp\/v2\/users\/2"}],"replies":[{"embeddable":true,"href":"https:\/\/www.europesays.com\/fr\/wp-json\/wp\/v2\/comments?post=402439"}],"version-history":[{"count":0,"href":"https:\/\/www.europesays.com\/fr\/wp-json\/wp\/v2\/posts\/402439\/revisions"}],"wp:featuredmedia":[{"embeddable":true,"href":"https:\/\/www.europesays.com\/fr\/wp-json\/wp\/v2\/media\/354233"}],"wp:attachment":[{"href":"https:\/\/www.europesays.com\/fr\/wp-json\/wp\/v2\/media?parent=402439"}],"wp:term":[{"taxonomy":"category","embeddable":true,"href":"https:\/\/www.europesays.com\/fr\/wp-json\/wp\/v2\/categories?post=402439"},{"taxonomy":"post_tag","embeddable":true,"href":"https:\/\/www.europesays.com\/fr\/wp-json\/wp\/v2\/tags?post=402439"}],"curies":[{"name":"wp","href":"https:\/\/api.w.org\/{rel}","templated":true}]}}