{"id":402440,"date":"2025-09-19T13:33:13","date_gmt":"2025-09-19T13:33:13","guid":{"rendered":"https:\/\/www.europesays.com\/fr\/402440\/"},"modified":"2025-09-19T13:33:13","modified_gmt":"2025-09-19T13:33:13","slug":"miller-appelle-quartararo-a-croire-au-v4-yamaha-je-comprends-sa-frustration","status":"publish","type":"post","link":"https:\/\/www.europesays.com\/fr\/402440\/","title":{"rendered":"Miller appelle Quartararo \u00e0 croire au V4 Yamaha\u00a0: \u00ab\u00a0Je comprends sa frustration\u00a0\u00bb"},"content":{"rendered":"<p>Les premi\u00e8res r\u00e9actions de <a href=\"https:\/\/fr.motorsport.com\/driver\/fabio-quartararo\/109400\/\" target=\"_blank\" rel=\"noopener\">Fabio Quartararo<\/a> quant au V4 Yamaha ont fait lever quelques sourcils. Le Fran\u00e7ais \u00e9tait l&rsquo;un de ceux qui r\u00e9clamaient le d\u00e9veloppement d&rsquo;un moteur r\u00e9pondant \u00e0 cette architecture, ne pouvant que constater la stagnation de la marque avec son quatre cylindres historique. Mais apr\u00e8s l&rsquo;avoir d\u00e9couvert \u00e0 Barcelone puis particip\u00e9 \u00e0 un second test \u00e0 Misano, on ne peut pas dire qu&rsquo;il ait fait preuve d&rsquo;un enthousiasme d\u00e9bordant.<\/p>\n<p>Au-del\u00e0 des progr\u00e8s encore n\u00e9cessaires, par nature importants dans un projet totalement nouveau, Quartararo a surtout refus\u00e9 de s&rsquo;exprimer sur le potentiel du V4 et a estim\u00e9 qu&rsquo;il n&rsquo;\u00e9tait pas l&rsquo;alpha et l&rsquo;omega des soucis de Yamaha. \u00ab\u00a0Je ne pense pas que le V4 r\u00e9soudra tous nos probl\u00e8mes, parce qu&rsquo;on ressent les m\u00eames probl\u00e8mes \u00e0 Barcelone et [\u00e0 Misano]\u00a0\u00bb, a soulign\u00e9 le champion du monde 2021.<\/p>\n<p>Lire aussi :<\/p>\n<p>Pour <a href=\"https:\/\/fr.motorsport.com\/driver\/jack-miller\/96423\/\" target=\"_blank\" rel=\"noopener\">Jack Miller<\/a>, cette r\u00e9action est surtout le fruit d&rsquo;une certaine impatience, qu&rsquo;il comprend tout \u00e0 fait apr\u00e8s plusieurs saisons d\u00e9cevantes. \u00ab\u00a0Je sais qu&rsquo;ils font de leur mieux et je comprends sa frustration\u00a0\u00bb, a comment\u00e9 le pilote Pramac, apr\u00e8s avoir lui aussi \u00e9valu\u00e9 ce moteur. \u00ab\u00a0Je comprends o\u00f9 il en est. Il a besoin d&rsquo;une moto performante \u2013 ces choses-l\u00e0 prennent du temps, il faut la d\u00e9velopper.\u00a0\u00bb<\/p>\n<p>\u00ab\u00a0C&rsquo;est une nouvelle plateforme, un tout nouveau projet. Malheureusement, en MotoGP on n&rsquo;a pas vraiment le temps, mais je comprends le besoin et la volont\u00e9 de son c\u00f4t\u00e9, parce qu&rsquo;on a vu son talent. Il n&rsquo;y a pas de doute \u00e0 ce sujet.\u00a0\u00bb<\/p>\n<p>   <img decoding=\"async\" draggable=\"false\" src=\"https:\/\/www.europesays.com\/fr\/wp-content\/uploads\/2025\/09\/1758288792_197_jack-miller-pramac-racing.jpg\" alt=\"Jack Miller, Pramac Racing\" width=\"1200\" height=\"800\" loading=\"lazy\"\/> <\/p>\n<p class=\"title\">Jack Miller<\/p>\n<p class=\"photographer\">Photo de: Mirco Lazzari GP &#8211; Getty Images<\/p>\n<p>Les pilotes ont point\u00e9 plusieurs \u00e9l\u00e9ments \u00e0 am\u00e9liorer mais sur les choses fondamentales, Miller n&rsquo;est absolument pas inquiet\u00a0: \u00ab\u00a0De la puissance, on peut en trouver. Ce n&rsquo;est pas un souci. On va les envoyer sur le banc et s&rsquo;ils y passent six fois, ils trouveront de la puissance. Le reste, on le fera fonctionner. En \u00e9lectronique, on a certains des meilleurs ing\u00e9nieurs pour aider \u00e0 r\u00e9\u00e9crire le code, \u00e9crire le logiciel ou le faire fonctionner. Et pour le reste, les ing\u00e9nieurs Yamaha seront l\u00e0.\u00a0\u00bb<\/p>\n<p>Miller fait confiance \u00e0 Yamaha<\/p>\n<p>Il reste \u00e0 savoir si ce moteur parviendra \u00e0 replacer Yamaha sur la bonne voie. La marque a pris un risque en d\u00e9veloppant un moteur sans certitude de le lancer en comp\u00e9tition sur ses machines officielles, et m\u00eame si cela devait \u00eatre le cas, on sait d\u00e9j\u00e0 que ce ne sera que pour la saison 2026, puisqu&rsquo;il faudra encore faire \u00e9voluer le moteur en 2027, avec le lancement d&rsquo;un <a href=\"https:\/\/fr.motorsport.com\/motogp\/news\/motogp-officialise-reglement-technique-2027\/10607624\/\" target=\"_blank\" rel=\"noopener\">nouveau r\u00e8glement qui verra une r\u00e9duction de la cylindr\u00e9e<\/a>.<\/p>\n<p>La saison 2027 verra aussi l&rsquo;arriv\u00e9e de Pirelli, qui pourrait d\u00e9velopper des pneus aux exigences tr\u00e8s diff\u00e9rentes des gommes Michelin. \u00ab\u00a0En 2015 ou 2016, Ducati envisageait de faire un quatre cylindres en ligne pour menacer Yamaha\u00a0\u00bb, a rappel\u00e9 Miller. \u00ab\u00a0Disons que les r\u00e8glements ont pouss\u00e9 pour que les motos soient comme \u00e7a, qu&rsquo;elles exploitent les forces et les faiblesses de ce pneu arri\u00e8re. Et la [nouvelle] moto fait \u00e7a tr\u00e8s bien. En termes de frein moteur, la fa\u00e7on de ralentir le moteur. L&rsquo;\u00e9chappement aide aussi, tout est li\u00e9.\u00a0\u00bb<\/p>\n<p>   <img decoding=\"async\" draggable=\"false\" src=\"https:\/\/www.europesays.com\/fr\/wp-content\/uploads\/2025\/09\/1758288793_166_jack-miller-pramac-racing.jpg\" alt=\"Jack Miller, Pramac Racing\" width=\"1200\" height=\"800\" loading=\"lazy\"\/> <\/p>\n<p class=\"title\">Jack Miller<\/p>\n<p class=\"photographer\">Photo de: Yamaha MotoGP<\/p>\n<p>L&rsquo;\u00e9quation semble donc fonctionner dans le contexte actuel, mais que se passera-t-il si le r\u00e8glement 2027 et les pneus Pirelli font de nouveau pencher la balance en faveur d&rsquo;un quatre cylindres en ligne\u00a0? Jack Miller ne s&rsquo;en inqui\u00e8te pas vraiment et pense que Yamaha se place quoiqu&rsquo;il arrive dans une situation favorable apr\u00e8s avoir accumul\u00e9 des connaissances avec toutes les technologies.<\/p>\n<p>\u00ab\u00a0Au moins, on a l&rsquo;exp\u00e9rience de tout, donc on sait vers quoi aller en moment venu. Il y a toujours un risque, c&rsquo;est la course. Mais il y a aussi un risque \u00e0 ne rien faire et \u00e0 stagner deux ann\u00e9es suppl\u00e9mentaires. On \u00e9conomise de l&rsquo;argent mais on perd aussi du d\u00e9veloppement.\u00a0\u00bb<\/p>\n<p>\u00ab\u00a0Ils sollicitent \u00e9norm\u00e9ment leurs ing\u00e9nieurs en ce moment mais les pilotes, les ing\u00e9nieurs, quand tout le monde est pouss\u00e9 \u00e0 ses limites, c&rsquo;est la seule fa\u00e7on de voir de quoi on est capable. Je pense que les ing\u00e9nieurs progressent, ils \u00e9largissent leur horizon, on \u00e9largit l&rsquo;horizon des pilotes et au moment de changer de manufacturier, on aura fait de gros progr\u00e8s. Je ne pense pas que ce sera aussi drastique. Et on r\u00e9colte plus d&rsquo;informations \u00e0 chaque fois.\u00a0\u00bb<\/p>\n<p>Lire aussi :<\/p>\n","protected":false},"excerpt":{"rendered":"Les premi\u00e8res r\u00e9actions de Fabio Quartararo quant au V4 Yamaha ont fait lever quelques sourcils. Le Fran\u00e7ais \u00e9tait&hellip;\n","protected":false},"author":2,"featured_media":402441,"comment_status":"","ping_status":"","sticky":false,"template":"","format":"standard","meta":{"footnotes":""},"categories":[1413],"tags":[1680,1011,27,12836,53378,1457,1456,1458,60,3796],"class_list":{"0":"post-402440","1":"post","2":"type-post","3":"status-publish","4":"format-standard","5":"has-post-thumbnail","7":"category-moto","8":"tag-fabio-quartararo","9":"tag-fr","10":"tag-france","11":"tag-jack-miller","12":"tag-miller-appelle-quartararo-u00e0-croire-au-v4-yamahau00a0-je-comprends-sa-frustration","13":"tag-moto","14":"tag-motocycle","15":"tag-motogp","16":"tag-sports","17":"tag-yamaha-factory-racing"},"share_on_mastodon":{"url":"https:\/\/pubeurope.com\/@fr\/115231222107202731","error":""},"_links":{"self":[{"href":"https:\/\/www.europesays.com\/fr\/wp-json\/wp\/v2\/posts\/402440","targetHints":{"allow":["GET"]}}],"collection":[{"href":"https:\/\/www.europesays.com\/fr\/wp-json\/wp\/v2\/posts"}],"about":[{"href":"https:\/\/www.europesays.com\/fr\/wp-json\/wp\/v2\/types\/post"}],"author":[{"embeddable":true,"href":"https:\/\/www.europesays.com\/fr\/wp-json\/wp\/v2\/users\/2"}],"replies":[{"embeddable":true,"href":"https:\/\/www.europesays.com\/fr\/wp-json\/wp\/v2\/comments?post=402440"}],"version-history":[{"count":0,"href":"https:\/\/www.europesays.com\/fr\/wp-json\/wp\/v2\/posts\/402440\/revisions"}],"wp:featuredmedia":[{"embeddable":true,"href":"https:\/\/www.europesays.com\/fr\/wp-json\/wp\/v2\/media\/402441"}],"wp:attachment":[{"href":"https:\/\/www.europesays.com\/fr\/wp-json\/wp\/v2\/media?parent=402440"}],"wp:term":[{"taxonomy":"category","embeddable":true,"href":"https:\/\/www.europesays.com\/fr\/wp-json\/wp\/v2\/categories?post=402440"},{"taxonomy":"post_tag","embeddable":true,"href":"https:\/\/www.europesays.com\/fr\/wp-json\/wp\/v2\/tags?post=402440"}],"curies":[{"name":"wp","href":"https:\/\/api.w.org\/{rel}","templated":true}]}}