{"id":402447,"date":"2025-09-19T13:37:12","date_gmt":"2025-09-19T13:37:12","guid":{"rendered":"https:\/\/www.europesays.com\/fr\/402447\/"},"modified":"2025-09-19T13:37:12","modified_gmt":"2025-09-19T13:37:12","slug":"gui-home-revient-sur-ses-debuts-dans-lemission-quotidien-mon-personnage-arrive-a-taquiner-les-gens-sans-jamais-les-blesser","status":"publish","type":"post","link":"https:\/\/www.europesays.com\/fr\/402447\/","title":{"rendered":"Gui-Home revient sur ses d\u00e9buts dans l&rsquo;\u00e9mission Quotidien: \u00ab\u00a0Mon personnage arrive \u00e0 taquiner les gens sans jamais les blesser\u00a0\u00bb"},"content":{"rendered":"<p class=\"ap-StoryElement ap-StoryElement--mb js-paywall-target ap-StoryText\"><b>Comment se passent vos d\u00e9buts \u00e0 Quotidien ?<\/b><\/p>\n<p class=\"ap-StoryElement ap-StoryElement--mb ap-StoryText\">Tr\u00e8s bien. Mon int\u00e9gration s&rsquo;est faite en plusieurs \u00e9tapes et en douceur. Je ne peux pas dire que c&rsquo;\u00e9tait un d\u00e9but brutal, puisque j&rsquo;ai eu l&rsquo;occasion de participer \u00e0 plusieurs \u00e9missions avant ma premi\u00e8re chronique. J&rsquo;ai pu d\u00e9couvrir l&rsquo;\u00e9quipe, les bureaux, o\u00f9 200 journalistes travaillent quotidiennement et puis j&rsquo;ai eu l&rsquo;occasion de discuter avec la direction et le d\u00e9partement humour. Ils m&rsquo;ont aid\u00e9 \u00e0 faire accepter mes id\u00e9es les plus folles.<\/p>\n<p class=\"ap-StoryElement ap-StoryElement--mb ap-StoryText\"><b>Ressentez-vous davantage de pression \u00e0 l&rsquo;id\u00e9e de participer \u00e0 ce talk-show fran\u00e7ais ?<\/b><\/p>\n<p class=\"text-left ap-StoryElement ap-StoryElement--mb ap-StoryText\">La pression vient davantage du rythme que je dois tenir avec une chronique par semaine tout en continuant \u00e0 g\u00e9rer mes autres activit\u00e9s. Mais c&rsquo;est certain qu&rsquo;il y a aussi une pression li\u00e9e \u00e0 la visibilit\u00e9 sur <a href=\"https:\/\/www.dhnet.be\/medias\/television\/2025\/05\/23\/lhumoriste-belge-guihome-devient-chroniqueur-dans-quotidien-sur-tmc-video-PMJ3RFKVMVA2FJPPZNRLWC2LMA\/\" target=\"_self\" rel=\"noopener\">Quotidien. On parle quand m\u00eame d&rsquo;une moyenne de 2 millions de t\u00e9l\u00e9spectateurs<\/a> dans la derni\u00e8re partie de l&rsquo;\u00e9mission, durant laquelle les humoristes sont programm\u00e9s. Mais j&rsquo;essaie de transformer \u00e7a en force positive et cr\u00e9ative. Et je relativise aussi : personne n&rsquo;est jamais mort apr\u00e8s avoir fait Quotidien. J&rsquo;esp\u00e8re ne pas \u00eatre l&rsquo;exception qui confirme la r\u00e8gle\u2026<\/p>\n<p class=\"ap-StoryElement ap-StoryElement--mb ap-StoryText\"><b>Personne n&rsquo;est mort mais on a tout de m\u00eame d\u00e9j\u00e0 vu des humoristes ne pas faire long feu sur le plateau. Cette \u00e9ventualit\u00e9 vous angoisse-t-elle ?<\/b><\/p>\n<p class=\"text-left ap-StoryElement ap-StoryElement--mb ap-StoryText\">Oui, c&rsquo;est vrai que cette angoisse de penser qu&rsquo;on pourrait ne pas \u00eatre reconduit existe. Mais on exerce un m\u00e9tier qui nous permet de faire plein de choses, de s&rsquo;essayer \u00e0 tout. Je pr\u00e9f\u00e8re sortir de ma zone de confort au risque de ne pas plaire que de ne pas tenter le coup et de rester dans le m\u00eame registre jusqu&rsquo;\u00e0 la fin de ma carri\u00e8re. Je veux continuer \u00e0 me d\u00e9couvrir en tant qu&rsquo;artiste, que ce soit \u00e0 Quotidien, mais aussi sur Tipik o\u00f9 j&rsquo;ai ma propre \u00e9mission et en radio, avec les Grosses T\u00eates. Je ne veux pas me laisser bouffer par la pression qui pourrait m&rsquo;ab\u00eemer.<\/p>\n<p class=\"ap-StoryElement ap-StoryElement--mb ap-StoryText\"><b>\u00c0 travers vos chroniques, vous avez d\u00e9cid\u00e9 de vous moquer de Yann Barth\u00e8s. N&rsquo;avez-vous pas redout\u00e9 sa r\u00e9action ?<\/b><\/p>\n<p class=\"ap-StoryElement ap-StoryElement--mb ap-StoryText\">Non, mon comportement est semblable \u00e0 celui que j&rsquo;adoptais sur La Premi\u00e8re vis-\u00e0-vis de Fran\u00e7ois Heureux. J&rsquo;aime avoir un interlocuteur qui me challenge et qui me permet de d\u00e9construire des clich\u00e9s. C&rsquo;est la force de mon personnage.<\/p>\n<p class=\"ap-StoryElement ap-StoryElement--mb ap-StoryText\"><b>\u00cates-vous libre dans l&rsquo;\u00e9criture de vos chroniques ?<\/b><\/p>\n<p class=\"ap-StoryElement ap-StoryElement--mb ap-StoryText\">D\u00e8s que j&rsquo;ai rencontr\u00e9 la production de l&rsquo;\u00e9mission, j&rsquo;ai demand\u00e9 si j&rsquo;avais bien carte blanche. Je ne suis pas r\u00e9put\u00e9 pour \u00eatre l&rsquo;humoriste le plus vulgaire ou le plus trash. Quand je leur ai envoy\u00e9 mon premier texte, ils ont compris que je voulais taquiner Yann. Je n&rsquo;ai eu aucune demande de suppression ou de modification. Il n&rsquo;y a pas eu de r\u00e9union de crise.<\/p>\n<p class=\"text-left ap-StoryElement ap-StoryElement--mb ap-StoryText\"><b>Savez-vous pourquoi Quotidien a fait appel \u00e0 vous ?<\/b><\/p>\n<p class=\"ap-StoryElement ap-StoryElement--mb ap-StoryText\">Je pense qu&rsquo;ils m&rsquo;ont choisi justement parce que mon personnage arrive \u00e0 taquiner les gens sans jamais les blesser ou cr\u00e9er un malaise en plateau.<\/p>\n<p class=\"ap-StoryElement ap-StoryElement--mb ap-StoryText\"><b>Cette image de plouc qui vient bousculer l&rsquo;\u00e9lite parisienne vous colle bien \u00e0 la peau. Vous devez forcer la chose ou elle vient naturellement chez vous ?<\/b><\/p>\n<p class=\"text-left ap-StoryElement ap-StoryElement--mb ap-StoryText\">On d\u00e9crit mon personnage comme un plouc, mais mon personnage et moi, on ne s&rsquo;est jamais consid\u00e9r\u00e9 comme \u00e7a (rires). On accepte que c&rsquo;est ce qu&rsquo;on d\u00e9gage, mais de l&rsquo;autre c\u00f4t\u00e9 on se trouve totalement normal. On est comme tout le monde \u00e0 nos yeux. C&rsquo;est \u00e7a qui est comique. Ce d\u00e9calage nous permet de pouvoir tout dire. Et puis, on ne peut pas demander \u00e0 un Belge de rejoindre une \u00e9mission fran\u00e7aise sans le bagage culturel de son propre pays. Je ne veux pas me brider ou ne pas utiliser tout ce qui a construit mon personnage. Mais je ne veux pas non plus tomber dans le clich\u00e9 du Belge qui ne parle que de la Belgique.<\/p>\n<p><a href=\"https:\/\/www.dhnet.be\/lifestyle\/people\/2025\/08\/24\/ne-me-demandez-pas-ce-que-je-foutais-la-je-ne-sais-pas-lhumoriste-guihome-etait-aligne-au-100-metres-du-memorial-van-damme-A7ACFMHGONB7PNO72OUSA7D67Y\/\" target=\"_blank\" rel=\"noopener noreferrer\" class=\"ap-StoryInterstitialLink ap-StoryElement ap-StoryElement--mb\">\u00ab\u00a0Ne me demandez pas ce que je foutais l\u00e0, je ne sais pas\u00a0\u00bb : l&rsquo;humoriste GuiHome \u00e9tait align\u00e9 au 100 m\u00e8tres du M\u00e9morial Van Damme<\/a><\/p>\n<p class=\"text-left ap-StoryElement ap-StoryElement--mb ap-StoryText\"><b>Vous vous \u00eates attaqu\u00e9 \u00e0 Emmanuel Macron en ironisant sur le fait qu&rsquo;il<\/b> <b>\u00ab\u00a0astique la nouille\u00a0\u00bb de Donald Trump. Vous n&rsquo;avez eu aucun souci apr\u00e8s ces propos sur le pr\u00e9sident fran\u00e7ais ?<\/b><\/p>\n<p class=\"ap-StoryElement ap-StoryElement--mb ap-StoryText\">Non. Et je suis tr\u00e8s heureux que des \u00e9missions dans lesquelles les humoristes peuvent jouir pleinement de leurs id\u00e9es existent encore. Moi je me permets de taper un peu plus fort parce qu&rsquo;il n&rsquo;est pas mon pr\u00e9sident. On a envie de me gronder mais on se rappelle ensuite que de toute fa\u00e7on je m&rsquo;en fous. Mon personnage n&rsquo;a pas de couleur politique. Mais il faudrait \u00eatre compl\u00e8tement d\u00e9connect\u00e9 de la r\u00e9alit\u00e9 pour ne pas voir que leur pr\u00e9sident l&rsquo;est tout autant.<\/p>\n<p class=\"text-left ap-StoryElement ap-StoryElement--mb ap-StoryText\"><b>Vous <\/b><a href=\"https:\/\/www.dhnet.be\/medias\/television\/2025\/09\/03\/a-se-fendre-la-poire-lhumoriste-belge-guihome-en-tongs-et-marcel-pour-sa-premiere-chronique-dans-quotidien-de-yann-barthes-YBZRA6XXDFFVBKLR6M53FL7H24\/\" target=\"_self\" rel=\"noopener\"><b>vous sentez \u00e0 l&rsquo;aise de faire de l&rsquo;humour sur la politique fran\u00e7aise<\/b><\/a><b> ?<\/b><\/p>\n<p class=\"ap-StoryElement ap-StoryElement--mb ap-StoryText\">Oui, j&rsquo;ai toujours aim\u00e9 l&rsquo;actualit\u00e9 politique et internationale, je suis loin d&rsquo;\u00eatre un expert mais je reste un individu assez curieux. D&rsquo;autant que \u00e7a me permet de m&rsquo;\u00e9clater dans mon travail. C&rsquo;est tr\u00e8s chouette de pouvoir tacler des politiques fran\u00e7ais avec mon regard d&rsquo;\u00e9tranger. Et si je dis des b\u00eatises, on me le pardonnera plus facilement vu que je ne suis pas fran\u00e7ais. Mais je ne veux pas balancer gratuitement, je veux montrer que je connais un peu le sujet et que c&rsquo;est aussi une chance d&rsquo;\u00eatre rep\u00e9r\u00e9 en France. C&rsquo;est une marque de respect de s&rsquo;int\u00e9resser \u00e0 leur culture, leurs artistes, leurs personnalit\u00e9s politiques. On montre qu&rsquo;on n&rsquo;est pas l\u00e0 uniquement pour se faire conna\u00eetre mais aussi pour apprendre \u00e0 les conna\u00eetre.<\/p>\n<p class=\"ap-StoryElement ap-StoryElement--mb ap-StoryText\"><b>Avez-vous l&rsquo;impression de vous \u00e9panouir davantage en \u00e9tant sur une grande cha\u00eene fran\u00e7aise que dans tout ce que vous avez pu faire en t\u00e9l\u00e9 ou en radio en Belgique auparavant ?<\/b><\/p>\n<p class=\"ap-StoryElement ap-StoryElement--mb ap-StoryText\">Je ne prends rien comme une cons\u00e9cration. Je me suis fait cette promesse quand j&rsquo;ai constat\u00e9 que mon personnage pouvait sortir de sa chambre. Je consid\u00e8re mes chroniques sur Quotidien comme une \u00e9tape suppl\u00e9mentaire dans mon parcours artistique. \u00c7a me permet aussi d&rsquo;att\u00e9nuer la pression. Je les aborde avec la m\u00eame attitude insouciante que pour mes autres projets, tout en faisant tout pour \u00eatre \u00e0 la hauteur de l&rsquo;\u00e9v\u00e9nement.<\/p>\n<p><a href=\"https:\/\/www.dhnet.be\/regions\/namur\/2025\/09\/11\/le-rire-au-menu-et-le-succes-en-dessert-huit-mois-apres-louverture-de-chez-guillaume-a-namur-on-veut-ouvrir-les-portes-a-toute-la-francophonie-F26NDFAB4NAG3CZMIG2PCIHBRE\/\" target=\"_blank\" rel=\"noopener noreferrer\" class=\"ap-StoryInterstitialLink ap-StoryElement ap-StoryElement--mb\">Le rire au menu et le succ\u00e8s en dessert huit mois apr\u00e8s l&rsquo;ouverture de \u00ab\u00a0Chez Guillaume\u00a0\u00bb \u00e0 Namur : \u00ab\u00a0On veut ouvrir les portes \u00e0 toute la francophonie\u00a0\u00bb<\/a><\/p>\n<p class=\"text-left ap-StoryElement ap-StoryElement--mb ap-StoryText\"><b>Percer en France, \u00e9tait-ce tout de m\u00eame un objectif ?<\/b><\/p>\n<p class=\"text-left ap-StoryElement ap-StoryElement--mb ap-StoryText\">Contrairement \u00e0 d&rsquo;autres humoristes que j&rsquo;ai pu c\u00f4toyer ou que je c\u00f4toie encore, je n&rsquo;ai jamais eu l&rsquo;obsession fran\u00e7aise, d&rsquo;autant que mon personnage \u00e9tait quand m\u00eame tr\u00e8s belgo-belge. Je n&rsquo;avais pas vraiment r\u00e9alis\u00e9 que ma communaut\u00e9 d\u00e9passait les fronti\u00e8res. Quand j&rsquo;en ai pris conscience, j&rsquo;ai commenc\u00e9 \u00e0 cr\u00e9er des petites vid\u00e9os o\u00f9 je me moquais de la France. Pour moi, ce n&rsquo;est que du bonus. J&rsquo;ai pris le temps d&rsquo;installer mes projets en Belgique et d&rsquo;essayer qu&rsquo;ils soient tr\u00e8s qualitatifs, sans rien b\u00e2cler. C&rsquo;est vrai pour ma tourn\u00e9e, mais aussi pour le parcours des humoristes que je produis, mon restaurant Comedy Club, le festival Namur is a joke ou mes passages en t\u00e9l\u00e9 et radio. M\u00eame si ce que je vis en ce moment reste vertigineux, d\u00e9stabilisant, ce travail pr\u00e9paratoire me permet d&rsquo;arriver un peu plus serein en France. Les m\u00e9dias fran\u00e7ais ne se disent pas que je suis simplement un comique belge un peu beauf, mais plut\u00f4t quelqu&rsquo;un qui prend le temps de travailler correctement. C&rsquo;est rassurant pour eux.<\/p>\n<p class=\"ap-StoryElement ap-StoryElement--mb ap-StoryText\"><b>Quelles diff\u00e9rences ressentez-vous quand vous travaillez en France ?<\/b><\/p>\n<p class=\"text-left ap-StoryElement ap-StoryElement--mb ap-StoryText\">C&rsquo;est beaucoup plus intense parce que tout est plus grand : la visibilit\u00e9, la production, le nombre de personnes qui travaillent en coulisse\u2026 En Belgique, c&rsquo;est tout aussi rigoureux, ce n&rsquo;est pas moins violent, mais c&rsquo;est \u00e0 l&rsquo;\u00e9chelle du pays. Donc en France, il y a ce c\u00f4t\u00e9 \u00ab\u00a0C&rsquo;est maintenant ou jamais\u00a0\u00bb, \u00ab\u00a0Tu dois \u00eatre au rendez-vous ou tu ne le seras plus\u00a0\u00bb. Mais je sens que je suis l&rsquo;ovni belge dans les couloirs de la r\u00e9daction. Et cela me rassure parce que cela veut dire que je sais d&rsquo;o\u00f9 je viens. Et puis je continue mes projets et collaborations avec mes partenaires belges. Je ne fais pas partie de ceux qui, soudainement, oublient d&rsquo;o\u00f9 ils viennent.<\/p>\n<p><img loading=\"lazy\" decoding=\"async\" class=\"w-full lazyload lazyload--opacity object-contain\" style=\"aspect-ratio:150 \/ 100;opacity:1\" alt=\" GuiHome a annonc\u00e9 une partie du programme ce jeudi\" width=\"768\" height=\"512\" fetchpriority=\"auto\" src=\"https:\/\/www.europesays.com\/fr\/wp-content\/uploads\/2025\/04\/1743819792_235_S5VKD3X55FFF3BW6V4SEHXNP7I.png\"  data- data-optimumx=\"1\"\/> GuiHome lors d&rsquo;une conf\u00e9rence de presse de \u00ab\u00a0Namur is a joke\u00a0\u00bb en 2024 \u00a9\u00c9dA \u2013 Florent Marot<\/p>\n<p class=\"ap-StoryElement ap-StoryElement--mb ap-StoryText\"><b>Il se dit que les Belges ont plus d&rsquo;autod\u00e9rision. Le constatez-vous ?<\/b><\/p>\n<p class=\"text-left ap-StoryElement ap-StoryElement--mb ap-StoryText\">Je trouve compliqu\u00e9 pour un Belge de comprendre ce qu&rsquo;on nous trouve. J&rsquo;entends qu&rsquo;on est plus d\u00e9complex\u00e9, plus ouvert. Mais je pense que nous nous comportons de la sorte parce que nous ne nous analysons pas. Je me suis par exemple fait gronder par la direction du groupe TF1 parce que j&rsquo;\u00e9tais en short dans la r\u00e9daction des journalistes. Bon, j&rsquo;ai bien vu qu&rsquo;ils riaient, ils ne me grondaient \u00e9videmment pas vraiment. J&rsquo;ai r\u00e9pondu : \u00ab\u00a0\u00c9coutez, je suis d\u00e9sol\u00e9, mais je n&rsquo;ai rien d&rsquo;autre dans ma garde-robe\u00a0\u00bb. Ils ont compris que je m&rsquo;habillerai comme je veux toute l&rsquo;ann\u00e9e. C&rsquo;est important pour moi de garder les codes qui font de moi le Belge.<\/p>\n<p class=\"ap-StoryElement ap-StoryElement--mb ap-StoryText\"><b>Percevez-vous des diff\u00e9rences entre les publics belge et fran\u00e7ais quand vous vous produisez sur sc\u00e8ne ?<\/b><\/p>\n<p class=\"ap-StoryElement ap-StoryElement--mb ap-StoryText\">\u00c9videmment. Chez nous, les spectateurs me consid\u00e8rent comme un des humoristes belges du moment. Beaucoup me suivent depuis mes d\u00e9buts. Pour les Fran\u00e7ais, je suis le Belge inexplicable qui donne son avis sur tout et qui n&rsquo;a raison sur rien, ou qui a raison sur tout, mais qui est en d\u00e9saccord avec ce qu&rsquo;ils pensent. Dans tous les cas, ils me consid\u00e8rent toujours \u00e0 c\u00f4t\u00e9 de la plaque. L&rsquo;accueil est diff\u00e9rent, ils rient sur d&rsquo;autres blagues, ils rient parce que je me moque d&rsquo;eux. Cependant, l&rsquo;engouement est le m\u00eame. Et \u00e7a, c&rsquo;est chouette \u00e0 voir. J&rsquo;ai la chance d&rsquo;aller jouer partout en France, les salles se remplissent.<\/p>\n<p><a href=\"https:\/\/www.dhnet.be\/medias\/divers\/2025\/01\/09\/la-dh-etait-a-louverture-du-restaurant-comedy-club-de-guihome-on-a-mis-des-baffles-meme-aux-chiottes-histoire-de-ne-rien-louper-des-blagues-PKSWVUPYS5BSJHL6Y2HXDI4UKI\/\" target=\"_blank\" rel=\"noopener noreferrer\" class=\"ap-StoryInterstitialLink ap-StoryElement ap-StoryElement--mb\">La DH \u00e9tait \u00e0 l&rsquo;ouverture du restaurant-comedy club de GuiHome : \u00ab\u00a0On a mis des baffles, m\u00eame aux chiottes, histoire de ne rien louper des blagues !\u00a0\u00bb<\/a><\/p>\n<p class=\"ap-StoryElement ap-StoryElement--mb ap-StoryText\"><b>Adaptez-vous le spectacle selon votre public ?<\/b><\/p>\n<p class=\"ap-StoryElement ap-StoryElement--mb ap-StoryText\">Oui, j&rsquo;adapte mon spectacle quand je d\u00e9barque dans un pays. Quand je suis all\u00e9 jouer au Canada, j&rsquo;y suis arriv\u00e9 dix jours avant ma premi\u00e8re date pour \u00eatre s\u00fbr de pouvoir enrichir mon texte sur base de tout ce que j&rsquo;avais pu vivre l\u00e0-bas. Quand un artiste \u00e9tranger vient en Belgique et qu&rsquo;il fait des blagues sur notre syst\u00e8me politique, sur l&rsquo;\u00e9tat de nos routes, sur ce qu&rsquo;on boit et ce qu&rsquo;on bouffe, on est super content qu&rsquo;il ait pris du temps de s&rsquo;adapter. On se sent un peu exclusif. \u00c0 mon \u00e9chelle, j&rsquo;aime faire \u00e7a avec mon public.<\/p>\n<p class=\"ap-StoryElement ap-StoryElement--mb ap-StoryText\"><b>Vous allez revenir tourner en Belgique en 2026. Sentiez-vous une demande forte ?<\/b><\/p>\n<p class=\"ap-StoryElement ap-StoryElement--mb ap-StoryText\">J&rsquo;avais fait le tour de la Belgique avec mon spectacle de 2021 \u00e0 2023, puis j&rsquo;ai eu l&rsquo;occasion directement de partir en France, puis en Suisse et au Qu\u00e9bec. Mais je continuais \u00e0 gagner des abonn\u00e9s en Belgique. Certains me demandaient s&rsquo;ils pouvaient venir me voir \u00e0 Lille ou dans d&rsquo;autres villes frontali\u00e8res. Je me suis dit que c&rsquo;\u00e9tait compl\u00e8tement con. S&rsquo;il y a une demande en Belgique, je ne sais pas pourquoi je ferais semblant que c&rsquo;est trop tard, que le spectacle est d\u00e9j\u00e0 pass\u00e9. De toute fa\u00e7on, d&rsquo;ici \u00e0 2026, l&rsquo;actualit\u00e9 aura tellement \u00e9volu\u00e9 que les gens qui l&rsquo;ont vu en 2020 auront un spectacle adapt\u00e9 qui a beaucoup chang\u00e9.<\/p>\n<p class=\"ap-StoryElement ap-StoryElement--mb ap-StoryText\"><b>Le public belge vous manque-t-il ?<\/b><\/p>\n<p class=\"ap-StoryElement ap-StoryElement--mb ap-StoryText\">C&rsquo;est s\u00fbr. Ce serait mentir d&rsquo;affirmer qu&rsquo;il me manque parce qu&rsquo;il est meilleur que le public fran\u00e7ais, vu l&rsquo;accueil que je re\u00e7ois dans l&rsquo;Hexagone. Je ne vais pas soudainement jouer au d\u00e9mago qui essaye de s&rsquo;acheter un pays. Mais je suis hyperexcit\u00e9 \u00e0 l&rsquo;id\u00e9e de pouvoir ajouter une quinzaine ou une vingtaine de dates dans les salles les plus mythiques de Belgique. Certains artistes ne le feront jamais de leur vie et moi j&rsquo;ai le luxe, trois ans plus tard, de pouvoir y retourner. Alors, oui, \u00e7a me manque, mais je me rends compte aussi que c&rsquo;est peut-\u00eatre la derni\u00e8re fois que je pourrai remplir aussi souvent des dates dans mon propre pays. Il faut pouvoir profiter de ce qui nous arrive.<\/p>\n<p class=\"ap-StoryElement ap-StoryElement--mb ap-StoryText\"><b>Infos pratiques<\/b><\/p>\n<p class=\"text-left ap-StoryElement ap-StoryElement--mb ap-StoryText\">&#8211; &gt; La billetterie de GuiHome : <a href=\"https:\/\/guihome.be\/\" target=\"_self\" rel=\"noopener\">https:\/\/guihome.be\/<\/a><\/p>\n<p class=\"text-left ap-StoryElement ap-StoryElement--mb ap-StoryText\">&#8211; &gt; <a href=\"https:\/\/www.namurisajoke.be\/\" target=\"_self\" rel=\"noopener\">Namur is a joke<\/a>, le festival d&rsquo;humour cr\u00e9\u00e9 par GuiHome, aura lieu du 23 au 29 mars 2026. La programmation sera d\u00e9voil\u00e9e le 25 septembre.<\/p>\n","protected":false},"excerpt":{"rendered":"Comment se passent vos d\u00e9buts \u00e0 Quotidien ? Tr\u00e8s bien. Mon int\u00e9gration s&rsquo;est faite en plusieurs \u00e9tapes et&hellip;\n","protected":false},"author":2,"featured_media":402448,"comment_status":"","ping_status":"","sticky":false,"template":"","format":"standard","meta":{"footnotes":""},"categories":[1359],"tags":[58,59,1011,27,53379,708,973,1404,199],"class_list":{"0":"post-402447","1":"post","2":"type-post","3":"status-publish","4":"format-standard","5":"has-post-thumbnail","7":"category-people","8":"tag-divertissement","9":"tag-entertainment","10":"tag-fr","11":"tag-france","12":"tag-gui-home","13":"tag-humour","14":"tag-people","15":"tag-quotidien","16":"tag-tf1"},"share_on_mastodon":{"url":"https:\/\/pubeurope.com\/@fr\/115231237784991743","error":""},"_links":{"self":[{"href":"https:\/\/www.europesays.com\/fr\/wp-json\/wp\/v2\/posts\/402447","targetHints":{"allow":["GET"]}}],"collection":[{"href":"https:\/\/www.europesays.com\/fr\/wp-json\/wp\/v2\/posts"}],"about":[{"href":"https:\/\/www.europesays.com\/fr\/wp-json\/wp\/v2\/types\/post"}],"author":[{"embeddable":true,"href":"https:\/\/www.europesays.com\/fr\/wp-json\/wp\/v2\/users\/2"}],"replies":[{"embeddable":true,"href":"https:\/\/www.europesays.com\/fr\/wp-json\/wp\/v2\/comments?post=402447"}],"version-history":[{"count":0,"href":"https:\/\/www.europesays.com\/fr\/wp-json\/wp\/v2\/posts\/402447\/revisions"}],"wp:featuredmedia":[{"embeddable":true,"href":"https:\/\/www.europesays.com\/fr\/wp-json\/wp\/v2\/media\/402448"}],"wp:attachment":[{"href":"https:\/\/www.europesays.com\/fr\/wp-json\/wp\/v2\/media?parent=402447"}],"wp:term":[{"taxonomy":"category","embeddable":true,"href":"https:\/\/www.europesays.com\/fr\/wp-json\/wp\/v2\/categories?post=402447"},{"taxonomy":"post_tag","embeddable":true,"href":"https:\/\/www.europesays.com\/fr\/wp-json\/wp\/v2\/tags?post=402447"}],"curies":[{"name":"wp","href":"https:\/\/api.w.org\/{rel}","templated":true}]}}