{"id":402455,"date":"2025-09-19T13:41:11","date_gmt":"2025-09-19T13:41:11","guid":{"rendered":"https:\/\/www.europesays.com\/fr\/402455\/"},"modified":"2025-09-19T13:41:11","modified_gmt":"2025-09-19T13:41:11","slug":"adel-des-2be3-reagit-au-temoignage-darnaud-qui-pretend-etre-le-dernier-compagnon-de-filip-nikolic","status":"publish","type":"post","link":"https:\/\/www.europesays.com\/fr\/402455\/","title":{"rendered":"Adel des 2Be3 r\u00e9agit au t\u00e9moignage d\u2019Arnaud qui pr\u00e9tend \u00eatre le dernier compagnon de Filip Nikolic"},"content":{"rendered":"<p>La semaine 2Be3. Apr\u00e8s avoir \u00e9t\u00e9 mis \u00e0 l\u2019honneur lundi sur <a href=\"https:\/\/www.20minutes.fr\/dossier\/tf1\" class=\"c-link c-link--is-underlined\" target=\"_blank\" rel=\"noopener\">TF1<\/a> lors d\u2019une <a href=\"https:\/\/www.20minutes.fr\/arts-stars\/television\/4172596-20250915-fiction-docu-serie-pourquoi-2be3-nouveau-hype\" target=\"_blank\" class=\"c-link c-link--is-underlined\" rel=\"noopener\">soir\u00e9e sp\u00e9ciale<\/a>, Filip Nikolic est au c\u0153ur des discussions. Mardi, soit seize ans jour pour jour apr\u00e8s la disparition de l\u2019ex-membre des 2Be3, Arnaud Court\u00e9, qui assure avoir partag\u00e9 la vie du leader du boys band pendant huit ans, a livr\u00e9 une longue <a href=\"https:\/\/www.parismatch.com\/People\/jetais-le-seul-dans-sa-vie-arnaud-le-compagnon-de-filip-nikolic-se-confie-257069\" rel=\"nofollow noopener\" target=\"_blank\" class=\"c-link c-link--is-underlined\">interview \u00e0 Paris Match<\/a>.<\/p>\n<p>Un entretien qui suscite de nombreuses r\u00e9actions, dont celle d\u2019Adel Kachermi, qui a partag\u00e9 la sc\u00e8ne avec Filip Nikolic.<\/p>\n<p>\u00ab\u00a0D\u00e9vast\u00e9es par ces all\u00e9gations\u00a0\u00bb<\/p>\n<p>La premi\u00e8re r\u00e9action \u00e0 cette confidence a \u00e9t\u00e9 celle de la famille de l\u2019ancien leader charismatique des 2Be3. Mercredi, cette derni\u00e8re a d\u00e9cid\u00e9 de porter plainte pour \u00ab\u00a0all\u00e9gations mensong\u00e8res et atteinte \u00e0 la vie priv\u00e9e\u00a0\u00bb, s\u2019indignant, entre autres, de la phrase prononc\u00e9e par Arnaud Court\u00e9\u00a0: \u00ab\u00a0J\u2019\u00e9tais le seul dans sa vie\u00a0\u00bb.<\/p>\n<p>\u00ab\u00a0Ces propos sont ind\u00e9cents, mensongers et profond\u00e9ment blessants, avait d\u00e9clar\u00e9 dans un communiqu\u00e9 l\u2019avocat de la famille Nikolic, Me Marc-Olivier Deblanc. La veuve de l\u2019artiste, sa fille, sa belle-fille et sa m\u00e8re sont d\u00e9vast\u00e9es par ces all\u00e9gations qui portent atteinte \u00e0 l\u2019intimit\u00e9 et \u00e0 la m\u00e9moire de Filip Nikolic.\u00a0\u00bb<\/p>\n<p>\u00ab\u00a0Aucune volont\u00e9 d\u2019alimenter la pol\u00e9mique\u00a0\u00bb<\/p>\n<p>Arnaud Court\u00e9 est notamment accus\u00e9 d\u2019avoir sign\u00e9 un faux t\u00e9moignage aupr\u00e8s de Paris Match, en \u00e9change d\u2019argent. \u00ab\u00a0J\u2019ai donn\u00e9 l\u2019exclusivit\u00e9 \u00e0 Paris Match et je l\u2019ai fait gratuitement, a tenu \u00e0 pr\u00e9ciser Arnaud Court\u00e9 sur son compte <a href=\"https:\/\/www.20minutes.fr\/high-tech\/instagram\/\" class=\"c-link c-link--is-underlined\" target=\"_blank\" rel=\"noopener\">Instagram<\/a>. Mon t\u00e9moignage ne rel\u00e8ve d\u2019aucun opportunisme\u00a0: il retrace des faits ayant d\u00e9j\u00e0 \u00e9t\u00e9 \u00e9voqu\u00e9s publiquement, notamment lors d\u2019une \u00e9mission de TF1 pr\u00e9sent\u00e9e par Christophe Beaugrand, o\u00f9 j\u2019\u00e9tais intervenu en tant qu\u2019ami. [\u2026] Par ailleurs, en\u00a02025, la bisexualit\u00e9 n\u2019est plus un tabou. Je n\u2019ai aucune volont\u00e9 d\u2019alimenter la pol\u00e9mique. Je confirme que ce sera ma derni\u00e8re prise de parole sur ce sujet.\u00a0\u00bb<\/p>\n<p>Un \u00ab\u00a0manque de respect\u00a0\u00bb<\/p>\n<p>Adel Kachermi, ancien membre des 2Be3, a tenu \u00e0 r\u00e9agir \u00e0 cette affaire en condamnant fermement l\u2019interview donn\u00e9e par Arnaud Court\u00e9 \u00e0 Paris Match. \u00ab\u00a0Aujourd\u2019hui, jour de l\u2019anniversaire de la disparition de Filip, Paris Match choisit, pour faire du buzz, de publier un t\u00e9moignage mensonger, ind\u00e9cent et sensationnaliste\u00a0\u00bb, a comment\u00e9 l\u2019ancien membre des 2Be3 sur ses r\u00e9seaux sociaux.<\/p>\n<\/p>\n<p>Il poursuit\u00a0: \u00ab\u00a0Je d\u00e9nonce avec force ce manque de respect envers sa m\u00e9moire, sa famille et sa veuve Val\u00e9rie. Filip n\u2019a pas besoin de faux r\u00e9cits pour exister dans nos c\u0153urs. Ceux qui t\u00e9moignent ainsi cherchent par opportunisme qu\u2019\u00e0 nourrir leur ego. Je d\u00e9sire me souvenir de lui tel qu\u2019il a \u00e9t\u00e9\u00a0: un artiste g\u00e9n\u00e9reux, un fr\u00e8re de sc\u00e8ne, un p\u00e8re g\u00e9nial, et un ami fid\u00e8le.\u00a0\u00bb<\/p>\n","protected":false},"excerpt":{"rendered":"La semaine 2Be3. Apr\u00e8s avoir \u00e9t\u00e9 mis \u00e0 l\u2019honneur lundi sur TF1 lors d\u2019une soir\u00e9e sp\u00e9ciale, Filip Nikolic&hellip;\n","protected":false},"author":2,"featured_media":402456,"comment_status":"","ping_status":"","sticky":false,"template":"","format":"standard","meta":{"footnotes":""},"categories":[1355],"tags":[3037,58,59,1011,27,1361,873,5818,973,199],"class_list":{"0":"post-402455","1":"post","2":"type-post","3":"status-publish","4":"format-standard","5":"has-post-thumbnail","7":"category-musique","8":"tag-boys-band","9":"tag-divertissement","10":"tag-entertainment","11":"tag-fr","12":"tag-france","13":"tag-music","14":"tag-musique","15":"tag-paris-match","16":"tag-people","17":"tag-tf1"},"share_on_mastodon":{"url":"https:\/\/pubeurope.com\/@fr\/115231253177885457","error":""},"_links":{"self":[{"href":"https:\/\/www.europesays.com\/fr\/wp-json\/wp\/v2\/posts\/402455","targetHints":{"allow":["GET"]}}],"collection":[{"href":"https:\/\/www.europesays.com\/fr\/wp-json\/wp\/v2\/posts"}],"about":[{"href":"https:\/\/www.europesays.com\/fr\/wp-json\/wp\/v2\/types\/post"}],"author":[{"embeddable":true,"href":"https:\/\/www.europesays.com\/fr\/wp-json\/wp\/v2\/users\/2"}],"replies":[{"embeddable":true,"href":"https:\/\/www.europesays.com\/fr\/wp-json\/wp\/v2\/comments?post=402455"}],"version-history":[{"count":0,"href":"https:\/\/www.europesays.com\/fr\/wp-json\/wp\/v2\/posts\/402455\/revisions"}],"wp:featuredmedia":[{"embeddable":true,"href":"https:\/\/www.europesays.com\/fr\/wp-json\/wp\/v2\/media\/402456"}],"wp:attachment":[{"href":"https:\/\/www.europesays.com\/fr\/wp-json\/wp\/v2\/media?parent=402455"}],"wp:term":[{"taxonomy":"category","embeddable":true,"href":"https:\/\/www.europesays.com\/fr\/wp-json\/wp\/v2\/categories?post=402455"},{"taxonomy":"post_tag","embeddable":true,"href":"https:\/\/www.europesays.com\/fr\/wp-json\/wp\/v2\/tags?post=402455"}],"curies":[{"name":"wp","href":"https:\/\/api.w.org\/{rel}","templated":true}]}}