{"id":402457,"date":"2025-09-19T13:42:41","date_gmt":"2025-09-19T13:42:41","guid":{"rendered":"https:\/\/www.europesays.com\/fr\/402457\/"},"modified":"2025-09-19T13:42:41","modified_gmt":"2025-09-19T13:42:41","slug":"decouvrez-les-premieres-images-de-ladaptation-du-best-seller-au-cinema","status":"publish","type":"post","link":"https:\/\/www.europesays.com\/fr\/402457\/","title":{"rendered":"D\u00e9couvrez les premi\u00e8res images de l\u2019adaptation du best-seller au cin\u00e9ma"},"content":{"rendered":"<p>Le 24 d\u00e9cembre prochain, <a href=\"https:\/\/www.20minutes.fr\/arts-stars\/culture\/4133448-20250113-pourquoi-thriller-femme-menage-devenu-phenomene-litteraire-bientot-adapte-cinema\" class=\"c-link c-link--is-underlined\" rel=\"nofollow noopener\" target=\"_blank\">La Femme de m\u00e9nage, adaptation du roman de Freida McFadden<\/a>, v\u00e9ritable succ\u00e8s plan\u00e9taire, sortira sur les \u00e9crans. Ce <a href=\"https:\/\/www.20minutes.fr\/dossier\/film\" class=\"c-link c-link--is-underlined\" rel=\"nofollow noopener\" target=\"_blank\">film<\/a> tr\u00e8s attendu a \u00e9t\u00e9 r\u00e9alis\u00e9 par Paul Feig (Mes meilleures amies, Spy, Last Christmas), qui s\u2019est confi\u00e9 \u00e0 <a href=\"https:\/\/www.bfmtv.com\/people\/cinema\/ill-y-a-toujours-un-peu-de-nervosite-le-realisateur-paul-feig-adapte-le-bestseller-la-femme-de-menage_AN-202509160777.html\" target=\"_blank\" class=\"c-link c-link--is-underlined\" rel=\"nofollow noopener\">BFMTV<\/a>.<\/p>\n<p>Des modifications pour \u00ab\u00a0surprendre encore plus les lecteurs\u00a0\u00bb<\/p>\n<p>Il n\u2019a pas \u00e9t\u00e9 question de faire une adaptation strictement fid\u00e8le de l\u2019ouvrage. On suit toujours Millie, une ancienne d\u00e9tenue en qu\u00eate de r\u00e9demption, qui d\u00e9croche un emploi de femme de m\u00e9nage dans une famille new-yorkaise hupp\u00e9e et d\u00e9couvre rapidement que sa patronne cache des secrets inqui\u00e9tants. Mais Paul Feig a\u00a0aiguis\u00e9 davantage ce <a href=\"https:\/\/www.20minutes.fr\/dossier\/thriller\" class=\"c-link c-link--is-underlined\" rel=\"nofollow noopener\" target=\"_blank\">thriller<\/a> psychologique. \u00ab\u00a0Nous avons pu nous en inspirer et y ajouter des \u00e9l\u00e9ments suppl\u00e9mentaires, pour surprendre encore plus les lecteurs du livre\u00a0\u00bb, explique le cin\u00e9aste.<\/p>\n<p>Ces changements devraient faire plaisir aux accros de la saga. \u00ab\u00a0Il y a toujours un peu de nervosit\u00e9 quand on travaille sur quelque chose qui a un grand nombre de fans, mais nous avons fait beaucoup de projections tests et les lecteurs du livre sont vraiment satisfaits, ce qui est un vrai soulagement\u00a0\u00bb, pr\u00e9cise-t-il.<\/p>\n<p class=\"mb-xxl@xs color-ultramarine font-weight-semi-bold@xs font-source-serif-pro heading-s@xs\">L\u2019acc\u00e8s \u00e0 ce contenu a \u00e9t\u00e9 bloqu\u00e9 afin de respecter votre choix de consentement<\/p>\n<p class=\"mb-m@xs text-l@xs\">En cliquant sur\u00ab J\u2019accepte \u00bb, vous acceptez le d\u00e9p\u00f4t de cookies par des services externes et aurez ainsi acc\u00e8s aux contenus de nos partenaires.<\/p>\n<p class=\"mb-xl@xs text-s@xs\">Plus d\u2019informations sur la page<a href=\"https:\/\/www.20minutes.fr\/gestion-cookies\" class=\"mx-xxs@xs color-ultramarine\" rel=\"nofollow noopener\" target=\"_blank\">Politique de gestion des cookies<\/a><\/p>\n<p>J\u2019accepteDes modifications valid\u00e9es par\u00a0Freida McFadden<\/p>\n<p>L\u2019autrice a \u00e9galement accompagn\u00e9 ces modifications\u00a0dans l\u2019intrigue. \u00ab\u00a0\u00c0 chaque fois que nous apportions des changements ou essayions quelque chose, je l\u2019appelais pour avoir son avis. Elle \u00e9tait vraiment satisfaite de tout ce que nous faisions avec l\u2019histoire\u00a0\u00bb, ajoute le r\u00e9alisateur. Pas besoin d\u2019avoir lu La Femme de m\u00e9nage pour profiter pleinement de son adaptation. Le r\u00e9alisateur conseille m\u00eame d\u2019acheter le livre apr\u00e8s avoir vu le film.<\/p>\n<p>Le r\u00f4le de Millie est tenu par Sydney Sweeney (Madame Web, Immacul\u00e9e). Paul Feig n\u2019y voyait personne d\u2019autre.\u00a0Elle est entour\u00e9e d\u2019Amanda Seyfried et de Brandon Sklenar. Pour l\u2019instant, seule l\u2019adaptation du premier volet de la trilogie de Freida McFadden a \u00e9t\u00e9 confirm\u00e9e.<\/p>\n","protected":false},"excerpt":{"rendered":"Le 24 d\u00e9cembre prochain, La Femme de m\u00e9nage, adaptation du roman de Freida McFadden, v\u00e9ritable succ\u00e8s plan\u00e9taire, sortira&hellip;\n","protected":false},"author":2,"featured_media":402458,"comment_status":"","ping_status":"","sticky":false,"template":"","format":"standard","meta":{"footnotes":""},"categories":[1354],"tags":[650,58,59,2081,1346,1011,27,1351,1380,1360,5883],"class_list":{"0":"post-402457","1":"post","2":"type-post","3":"status-publish","4":"format-standard","5":"has-post-thumbnail","7":"category-films","8":"tag-cinema","9":"tag-divertissement","10":"tag-entertainment","11":"tag-film","12":"tag-films","13":"tag-fr","14":"tag-france","15":"tag-litterature","16":"tag-livres","17":"tag-movies","18":"tag-thriller"},"share_on_mastodon":{"url":"https:\/\/pubeurope.com\/@fr\/115231257225434757","error":""},"_links":{"self":[{"href":"https:\/\/www.europesays.com\/fr\/wp-json\/wp\/v2\/posts\/402457","targetHints":{"allow":["GET"]}}],"collection":[{"href":"https:\/\/www.europesays.com\/fr\/wp-json\/wp\/v2\/posts"}],"about":[{"href":"https:\/\/www.europesays.com\/fr\/wp-json\/wp\/v2\/types\/post"}],"author":[{"embeddable":true,"href":"https:\/\/www.europesays.com\/fr\/wp-json\/wp\/v2\/users\/2"}],"replies":[{"embeddable":true,"href":"https:\/\/www.europesays.com\/fr\/wp-json\/wp\/v2\/comments?post=402457"}],"version-history":[{"count":0,"href":"https:\/\/www.europesays.com\/fr\/wp-json\/wp\/v2\/posts\/402457\/revisions"}],"wp:featuredmedia":[{"embeddable":true,"href":"https:\/\/www.europesays.com\/fr\/wp-json\/wp\/v2\/media\/402458"}],"wp:attachment":[{"href":"https:\/\/www.europesays.com\/fr\/wp-json\/wp\/v2\/media?parent=402457"}],"wp:term":[{"taxonomy":"category","embeddable":true,"href":"https:\/\/www.europesays.com\/fr\/wp-json\/wp\/v2\/categories?post=402457"},{"taxonomy":"post_tag","embeddable":true,"href":"https:\/\/www.europesays.com\/fr\/wp-json\/wp\/v2\/tags?post=402457"}],"curies":[{"name":"wp","href":"https:\/\/api.w.org\/{rel}","templated":true}]}}