{"id":402470,"date":"2025-09-19T13:49:11","date_gmt":"2025-09-19T13:49:11","guid":{"rendered":"https:\/\/www.europesays.com\/fr\/402470\/"},"modified":"2025-09-19T13:49:11","modified_gmt":"2025-09-19T13:49:11","slug":"il-y-a-du-elon-musk-dans-le-nom-de-cette-mission-lancee-par-sebastien-lecornu-mais","status":"publish","type":"post","link":"https:\/\/www.europesays.com\/fr\/402470\/","title":{"rendered":"Il y a du Elon Musk dans le nom de cette mission lanc\u00e9e par S\u00e9bastien Lecornu, mais\u2026"},"content":{"rendered":"<p>        <img decoding=\"async\" loading=\"lazy\" src=\"https:\/\/www.europesays.com\/fr\/wp-content\/uploads\/2025\/09\/2e4b4b8_upload-1-3rddgjgm9ztg-afp-20250910-hl-mcohen-2874470-v1-midres-francepoliticsgovernmentmatig.jpeg\"  width=\"728\" height=\"410\" alt=\"S\u00e9bastien Lecornu, ici \u00e0 Matignon \u00e0 Paris, le 10\u00a0septembre 2025.\"\/>  <\/p>\n<p>MAGALI COHEN \/ Hans Lucas via AFP<\/p>\n<p>S\u00e9bastien Lecornu, ici \u00e0 Matignon \u00e0 Paris, le 10\u00a0septembre 2025.<\/p>\n<p class=\"asset asset-text\">POLITIQUE &#8211; S\u00e9bastien Lecornusk\u00a0? Apr\u00e8s avoir annonc\u00e9 <a href=\"https:\/\/www.huffingtonpost.fr\/politique\/article\/ces-avantages-que-les-ex-premiers-ministres-vont-perdre-avec-ce-decret-signe-par-sebastien-lecornu_254859.html\" target=\"_blank\" rel=\"noopener\">la suppression des avantages \u00e0 vie des Premiers ministres<\/a>, S\u00e9bastien Lecornu s\u2019est attaqu\u00e9 \u00e0 r\u00e9duire le \u00ab\u00a0millefeuille administratif\u00a0\u00bb. Ce vendredi 19\u00a0septembre, il a annonc\u00e9 la cr\u00e9ation d\u2019une mission \u00ab\u00a0\u00c9tat Efficace\u00a0\u00bb. Un nom qui rappelle le controvers\u00e9 \u00ab<a href=\"https:\/\/www.huffingtonpost.fr\/international\/article\/elon-musk-va-bientot-consacrer-moins-de-temps-a-trump-et-au-doge_249118.html\" target=\"_blank\" rel=\"noopener\">\u00a0d\u00e9partement de l\u2019efficacit\u00e9 gouvernementale<\/a>\u00a0\u00bb am\u00e9ricain (DOGE), lanc\u00e9 sous la tutelle d\u2019Elon Musk.<\/p>\n<p class=\"asset asset-text\">Cette mission, directement rattach\u00e9e \u00e0 Matignon, sera pilot\u00e9e par deux hauts fonctionnaires, Pierre-Mathieu Duhamel et Denis Morin, des anciens directeurs du budget sous des gouvernements de droite et de gauche.<\/p>\n<p class=\"asset asset-text\">Leur mission\u00a0? \u00ab\u00a0Proposer des mesures pour une meilleure organisation et une meilleure efficacit\u00e9 du service public\u00a0\u00bb comme la fusion \u00ab\u00a0et si besoin est\u00a0\u00bb la suppression \u00ab\u00a0des structures qui font double emploi dans le m\u00eame champ de politique publique\u00a0\u00bb, pr\u00e9cise le communiqu\u00e9 de Matignon. Le but \u00e9tant de faire le plus d\u2019\u00e9conomies possibles, alors que l\u2019\u00e9tat des finances inqui\u00e8te.<\/p>\n<p class=\"asset asset-text\">Le principe rappelle la t\u00e2che d\u2019Elon Musk, charg\u00e9 par Donald Trump \u00ab\u00a0de d\u00e9manteler la bureaucratie gouvernementale, sabrer les r\u00e9gulations excessives, couper dans les d\u00e9penses inutiles, et restructurer les agences f\u00e9d\u00e9rales\u00a0\u00bb selon <a href=\"https:\/\/www.huffingtonpost.fr\/international\/article\/donald-trump-nomme-elon-musk-dans-son-gouvernement-comme-promis-voici-a-quel-poste_242155.html\" target=\"_blank\" rel=\"noopener\">les mots du pr\u00e9sident am\u00e9ricain<\/a> apr\u00e8s son retour au pouvoir.<\/p>\n<p>                     Pas touche aux secteurs prioritaires    <\/p>\n<p class=\"asset asset-text\">Aux \u00c9tats-Unis, ces coupes se sont faites au d\u00e9triment de l\u2019Unsaid, l\u2019agence am\u00e9ricaine pour le d\u00e9veloppement international, mais aussi dans <a href=\"https:\/\/www.huffingtonpost.fr\/international\/article\/le-doge-offre-25-000-dollars-aux-fonctionnaires-du-ministere-de-la-sante-en-echange-de-leur-demission_247215.html\" target=\"_blank\" rel=\"noopener\">des secteurs aussi cruciaux que l\u2019\u00e9ducation ou la sant\u00e9<\/a>. En France, rien de tout cela. S\u00e9bastien Lecornu s\u2019est bien gard\u00e9 de toucher \u00e0 ces professions qui r\u00e9clament depuis des ann\u00e9es davantage de moyens et manifestent r\u00e9guli\u00e8rement, comme en t\u00e9moigne leur mobilisation lors de la journ\u00e9e de gr\u00e8ve du 18\u00a0septembre.<\/p>\n<p class=\"asset asset-text\">Les premi\u00e8res actions de la mission \u00ab\u00a0\u00c9tat efficace\u00a0\u00bb ont donc port\u00e9 sur la suppression de trois d\u00e9l\u00e9gations interminist\u00e9rielles\u00a0: celle sur \u00ab\u00a0le\u00a0suivi des conclusions du Varenne agricole de l\u2019eau et de l\u2019adaptation au changement climatique\u00a0\u00bb\u00a0; celle li\u00e9e \u00ab\u00a0aux restructurations d\u2019entreprises\u00a0\u00bb, dont les missions vont \u00eatre renvoy\u00e9es \u00e0 la direction g\u00e9n\u00e9rale des entreprises du minist\u00e8re de l\u2019\u00c9conomie\u00a0; et celle relevant de \u00ab\u00a0la for\u00eat et (du) bois.\u00a0\u00bb<\/p>\n<p class=\"asset asset-text\">Le sport est aussi concern\u00e9, avec la fin de la d\u00e9l\u00e9gation \u00ab\u00a0en charge des grands \u00e9v\u00e8nements sportifs\u00a0\u00bb, qui int\u00e9grera la direction des sports du minist\u00e8re des Sports\u00a0; la suppression du poste de \u00ab\u00a0coordonnateur national des mobilit\u00e9s\u00a0\u00bb pour les JOP 2024\u00a0; et celle aussi de la d\u00e9l\u00e9gation minist\u00e9rielle aux JO-2024 du minist\u00e8re de l\u2019\u00c9conomie. La suppression du poste de d\u00e9l\u00e9gu\u00e9 interminist\u00e9riel \u00ab\u00a0\u00e0 l\u2019accompagnement des territoires en transition \u00e9nerg\u00e9tique\u00a0\u00bb au 1er\u00a0octobre\u00a02025\u00a0a aussi \u00e9t\u00e9 annonc\u00e9e.<\/p>\n<p class=\"asset asset-text\">Enfin, S\u00e9bastien Lecornu a annonc\u00e9 la suppression de la d\u00e9l\u00e9gation en charge du service national universel (SNU), \u00e9tant donn\u00e9 la \u00ab\u00a0cr\u00e9ation prochaine\u00a0\u00bb d\u2019un \u00ab\u00a0service militaire volontaire\u00a0\u00bb. \u00ab\u00a0Il ne s\u2019agit pas de supprimer le SNU\u00a0\u00bb imm\u00e9diatement, a-t-on temp\u00e9r\u00e9 dans l\u2019entourage du Premier ministre. \u00ab\u00a0La suppression d\u2019un organisme n\u2019est pas la suppression d\u2019une politique publique\u00a0\u00bb, ajoute-t-on de m\u00eame source, qui affirme qu\u2019il y aurait \u00ab\u00a0une r\u00e9organisation du portage du SNU\u00a0\u00bb.<\/p>\n<p class=\"asset asset-text\">Aux \u00c9tats-Unis, les coupes budg\u00e9taires devaient rapporter entre un et deux mille milliards de dollars d\u2019\u00e9conomies avant que <a href=\"https:\/\/www.huffingtonpost.fr\/international\/article\/elon-musk-revoit-le-bilan-du-doge-a-baisse-et-sa-promesse-d-un-cheque-pour-les-americains-s-envole_248798.html\" target=\"_blank\" rel=\"noopener\">l\u2019objectif soit drastiquement revu \u00e0 la baisse<\/a>. Le Premier ministre fran\u00e7ais ne s\u2019est lui pas risqu\u00e9 \u00e0 avancer de chiffres.<\/p>\n","protected":false},"excerpt":{"rendered":"MAGALI COHEN \/ Hans Lucas via AFP S\u00e9bastien Lecornu, ici \u00e0 Matignon \u00e0 Paris, le 10\u00a0septembre 2025. POLITIQUE&hellip;\n","protected":false},"author":2,"featured_media":402471,"comment_status":"","ping_status":"","sticky":false,"template":"","format":"standard","meta":{"footnotes":""},"categories":[4],"tags":[11,1003,46,1011,27,12,316,25,11067],"class_list":{"0":"post-402470","1":"post","2":"type-post","3":"status-publish","4":"format-standard","5":"has-post-thumbnail","7":"category-france","8":"tag-actualites","9":"tag-budget","10":"tag-elon-musk","11":"tag-fr","12":"tag-france","13":"tag-news","14":"tag-politique","15":"tag-republique-francaise","16":"tag-sebastien-lecornu"},"share_on_mastodon":{"url":"https:\/\/pubeurope.com\/@fr\/115231284951505840","error":""},"_links":{"self":[{"href":"https:\/\/www.europesays.com\/fr\/wp-json\/wp\/v2\/posts\/402470","targetHints":{"allow":["GET"]}}],"collection":[{"href":"https:\/\/www.europesays.com\/fr\/wp-json\/wp\/v2\/posts"}],"about":[{"href":"https:\/\/www.europesays.com\/fr\/wp-json\/wp\/v2\/types\/post"}],"author":[{"embeddable":true,"href":"https:\/\/www.europesays.com\/fr\/wp-json\/wp\/v2\/users\/2"}],"replies":[{"embeddable":true,"href":"https:\/\/www.europesays.com\/fr\/wp-json\/wp\/v2\/comments?post=402470"}],"version-history":[{"count":0,"href":"https:\/\/www.europesays.com\/fr\/wp-json\/wp\/v2\/posts\/402470\/revisions"}],"wp:featuredmedia":[{"embeddable":true,"href":"https:\/\/www.europesays.com\/fr\/wp-json\/wp\/v2\/media\/402471"}],"wp:attachment":[{"href":"https:\/\/www.europesays.com\/fr\/wp-json\/wp\/v2\/media?parent=402470"}],"wp:term":[{"taxonomy":"category","embeddable":true,"href":"https:\/\/www.europesays.com\/fr\/wp-json\/wp\/v2\/categories?post=402470"},{"taxonomy":"post_tag","embeddable":true,"href":"https:\/\/www.europesays.com\/fr\/wp-json\/wp\/v2\/tags?post=402470"}],"curies":[{"name":"wp","href":"https:\/\/api.w.org\/{rel}","templated":true}]}}