{"id":402473,"date":"2025-09-19T13:51:10","date_gmt":"2025-09-19T13:51:10","guid":{"rendered":"https:\/\/www.europesays.com\/fr\/402473\/"},"modified":"2025-09-19T13:51:10","modified_gmt":"2025-09-19T13:51:10","slug":"pris-a-102-km-h-au-lieu-de-50-boulevard-verney-carron","status":"publish","type":"post","link":"https:\/\/www.europesays.com\/fr\/402473\/","title":{"rendered":"Pris \u00e0 102 km\/h au lieu de 50, boulevard Verney-Carron !"},"content":{"rendered":"\n<p>C&rsquo;est la brigade motoris\u00e9e de la police st\u00e9phanoise qui est intervenue. Ce vendredi, en milieu de matin\u00e9e, un automobiliste de 31 ans a \u00e9t\u00e9 pris en tr\u00e8s gros exc\u00e8s de vitesse.<\/p>\n<p>Il circulait \u00e0 une vitesse enregistr\u00e9e de 102 km\/h sur le boulevard Claude Verney Carron, la portion \u00e9tant limit\u00e9e \u00e0 50 km\/h. Avec une vitesse retenue de 96 km\/h, une r\u00e9tention de permis a \u00e9t\u00e9 effectu\u00e9e. C&rsquo;est le fr\u00e8re de l&rsquo;homme en exc\u00e8s qui est venu r\u00e9cup\u00e9rer le v\u00e9hicule.<\/p>\n","protected":false},"excerpt":{"rendered":"C&rsquo;est la brigade motoris\u00e9e de la police st\u00e9phanoise qui est intervenue. Ce vendredi, en milieu de matin\u00e9e, un&hellip;\n","protected":false},"author":2,"featured_media":134303,"comment_status":"","ping_status":"","sticky":false,"template":"","format":"standard","meta":{"footnotes":""},"categories":[9653],"tags":[1111,11,2430,1777,674,7077,1011,27,3367,12,9121,1072,25,4001,6956],"class_list":{"0":"post-402473","1":"post","2":"type-post","3":"status-publish","4":"format-standard","5":"has-post-thumbnail","7":"category-saint-etienne","8":"tag-actu","9":"tag-actualites","10":"tag-auvergne-rhone-alpes","11":"tag-eu","12":"tag-europe","13":"tag-exces","14":"tag-fr","15":"tag-france","16":"tag-loire","17":"tag-news","18":"tag-permis","19":"tag-police","20":"tag-republique-francaise","21":"tag-saint-etienne","22":"tag-vitesse"},"share_on_mastodon":{"url":"https:\/\/pubeurope.com\/@fr\/115231292497560629","error":""},"_links":{"self":[{"href":"https:\/\/www.europesays.com\/fr\/wp-json\/wp\/v2\/posts\/402473","targetHints":{"allow":["GET"]}}],"collection":[{"href":"https:\/\/www.europesays.com\/fr\/wp-json\/wp\/v2\/posts"}],"about":[{"href":"https:\/\/www.europesays.com\/fr\/wp-json\/wp\/v2\/types\/post"}],"author":[{"embeddable":true,"href":"https:\/\/www.europesays.com\/fr\/wp-json\/wp\/v2\/users\/2"}],"replies":[{"embeddable":true,"href":"https:\/\/www.europesays.com\/fr\/wp-json\/wp\/v2\/comments?post=402473"}],"version-history":[{"count":0,"href":"https:\/\/www.europesays.com\/fr\/wp-json\/wp\/v2\/posts\/402473\/revisions"}],"wp:featuredmedia":[{"embeddable":true,"href":"https:\/\/www.europesays.com\/fr\/wp-json\/wp\/v2\/media\/134303"}],"wp:attachment":[{"href":"https:\/\/www.europesays.com\/fr\/wp-json\/wp\/v2\/media?parent=402473"}],"wp:term":[{"taxonomy":"category","embeddable":true,"href":"https:\/\/www.europesays.com\/fr\/wp-json\/wp\/v2\/categories?post=402473"},{"taxonomy":"post_tag","embeddable":true,"href":"https:\/\/www.europesays.com\/fr\/wp-json\/wp\/v2\/tags?post=402473"}],"curies":[{"name":"wp","href":"https:\/\/api.w.org\/{rel}","templated":true}]}}