{"id":402474,"date":"2025-09-19T13:52:16","date_gmt":"2025-09-19T13:52:16","guid":{"rendered":"https:\/\/www.europesays.com\/fr\/402474\/"},"modified":"2025-09-19T13:52:16","modified_gmt":"2025-09-19T13:52:16","slug":"saint-etienne-burger-king-place-du-peuple-recrute","status":"publish","type":"post","link":"https:\/\/www.europesays.com\/fr\/402474\/","title":{"rendered":"SAINT-\u00c9TIENNE : BURGER KING PLACE DU PEUPLE RECRUTE"},"content":{"rendered":"<p>                <a href=\"https:\/\/42info.fr\/the-african-queen-en-4k-au-megarama-chavanelle\/\" target=\"_blank\" aria-label=\"Banni\u00e8re Africa Queen\" rel=\"noopener\"><img loading=\"lazy\" decoding=\"async\" src=\"https:\/\/www.europesays.com\/fr\/wp-content\/uploads\/2025\/09\/Banniere-Africa-Queen.jpg\" alt=\"\"   width=\"1536\" height=\"1024\"\/><\/a><\/p>\n<p>Cette installation marque la fin d\u2019une anomalie plut\u00f4t surprenante : Saint-\u00c9tienne figurait parmi les rares m\u00e9tropoles fran\u00e7aises d\u00e9pourvues de cha\u00eenes de restauration rapide en centre-ville, une situation pour le moins inhabituelle dans le paysage urbain hexagonal.<\/p>\n<p>Quand l\u2019histoire se r\u00e9p\u00e8te avec saveur<\/p>\n<p>L\u2019ironie de l\u2019emplacement choisi ne manque pas de piquant. Ces murs ont d\u00e9j\u00e0 r\u00e9sonn\u00e9 du bruit des friteuses entre 1980 et 2003, lorsque McDonald\u2019s y avait \u00e9tabli ses quartiers. Cette implantation avait d\u2019ailleurs marqu\u00e9 les esprits \u00e0 l\u2019\u00e9poque : il s\u2019agissait du tout premier \u00e9tablissement de restauration rapide de la ville et seulement du second McDonald\u2019s de l\u2019Hexagone, Strasbourg ayant eu les honneurs de la primeur. Aujourd\u2019hui, c\u2019est son principal rival qui reprend le flambeau, pr\u00eat \u00e0 conqu\u00e9rir les papilles st\u00e9phanoises avec ses sp\u00e9cialit\u00e9s maison.<\/p>\n<p>Un entrepreneur local aux commandes<\/p>\n<p>Derri\u00e8re ce projet se cache C\u00e9dric Arghittu, un homme d\u2019affaires qui ma\u00eetrise parfaitement les rouages de la marque. D\u00e9j\u00e0 propri\u00e9taire de huit \u00e9tablissements Burger King r\u00e9partis entre la Loire et la Haute-Loire, il n\u2019en est pas \u00e0 son coup d\u2019essai. Son parcours a d\u00e9but\u00e9 en ao\u00fbt 2018 avec la transformation d\u2019un ancien Quick \u00e0 Auchan Villars.<\/p>\n<p>Depuis cette premi\u00e8re exp\u00e9rience, son empire s\u2019est progressivement \u00e9tendu : Andr\u00e9zieux-Bouth\u00e9on, Savigneux, Brives-Charensac, Feurs, Le Rond-Point et Firminy ont tour \u00e0 tour accueilli ses restaurants. Cette nouvelle ouverture portera son r\u00e9seau \u00e0 dix \u00e9tablissements dans le d\u00e9partement.<\/p>\n<p>Des travaux qui prennent leur temps<\/p>\n<p>Si le projet \u00e9tait dans les cartons depuis le d\u00e9but de l\u2019ann\u00e9e, le permis de construire ayant \u00e9t\u00e9 affich\u00e9 d\u00e8s janvier, les travaux n\u2019ont r\u00e9ellement d\u00e9marr\u00e9 qu\u2019en juillet. Cette temporisation s\u2019explique par les contraintes particuli\u00e8res du site : r\u00e9nover un b\u00e2timent historique en centre-ville demande plus de minutie que d\u2019\u00e9riger une structure neuve en p\u00e9riph\u00e9rie. L\u2019entrepreneur mise sur une ouverture festive vers no\u00ebl mais avant les c\u00e9l\u00e9brations de fin d\u2019ann\u00e9e, esp\u00e9rant capitaliser sur cette p\u00e9riode d\u2019affluence commerciale pour lancer son \u00e9tablissement.<\/p>\n<p>Au-del\u00e0 de l\u2019aspect purement commercial, C\u00e9dric Arghittu voit dans cette implantation une opportunit\u00e9 de redynamiser le c\u0153ur de ville. Il compte sur l\u2019effet d\u2019entra\u00eenement que pourrait g\u00e9n\u00e9rer son restaurant sur les commerces environnants, tablant sur le principe que l\u2019activit\u00e9 attire l\u2019activit\u00e9. Le futur \u00e9tablissement s\u2019\u00e9tendra sur 160 m\u00b2 et proposera 106 places r\u00e9parties sur deux niveaux, offrant un espace confortable pour la client\u00e8le.<\/p>\n<p>Une campagne de recrutement tous azimuts<\/p>\n<p>L\u2019ouverture s\u2019accompagne d\u2019un plan de recrutement ambitieux : <strong><a href=\"https:\/\/mesevenementsemploi.francetravail.fr\/mes-evenements-emploi\/evenements\" target=\"_blank\" rel=\"noreferrer noopener\">45 postes sont \u00e0 pourvoir<\/a><\/strong>, repr\u00e9sentant l\u2019\u00e9quivalent de 32 emplois \u00e0 temps complet. <strong>Les contrats propos\u00e9s sont des CDI de 24 heures hebdomadaires<\/strong>. La s\u00e9lection s\u2019effectue en collaboration avec France Travail, avec des sessions programm\u00e9es les 23 septembre, 2, 7 et 16 octobre \u00e0 l\u2019agence de Ch\u00e2teaucreux. L\u2019accent est mis sur la motivation et les qualit\u00e9s humaines plut\u00f4t que sur les dipl\u00f4mes ou l\u2019\u00e2ge des candidats. Les futurs employ\u00e9s b\u00e9n\u00e9ficieront d\u2019une formation compl\u00e8te : trois semaines de th\u00e9orie suivies de deux semaines de mise en pratique dans un restaurant existant, garantissant ainsi une pr\u00e9paration optimale avant l\u2019ouverture.<\/p>\n","protected":false},"excerpt":{"rendered":"Cette installation marque la fin d\u2019une anomalie plut\u00f4t surprenante : Saint-\u00c9tienne figurait parmi les rares m\u00e9tropoles fran\u00e7aises d\u00e9pourvues&hellip;\n","protected":false},"author":2,"featured_media":402475,"comment_status":"","ping_status":"","sticky":false,"template":"","format":"standard","meta":{"footnotes":""},"categories":[9653],"tags":[1111,11,2430,33,341,1777,674,1011,27,3367,12,25,4001],"class_list":{"0":"post-402474","1":"post","2":"type-post","3":"status-publish","4":"format-standard","5":"has-post-thumbnail","7":"category-saint-etienne","8":"tag-actu","9":"tag-actualites","10":"tag-auvergne-rhone-alpes","11":"tag-economie","12":"tag-emploi","13":"tag-eu","14":"tag-europe","15":"tag-fr","16":"tag-france","17":"tag-loire","18":"tag-news","19":"tag-republique-francaise","20":"tag-saint-etienne"},"share_on_mastodon":{"url":"https:\/\/pubeurope.com\/@fr\/115231296854186089","error":""},"_links":{"self":[{"href":"https:\/\/www.europesays.com\/fr\/wp-json\/wp\/v2\/posts\/402474","targetHints":{"allow":["GET"]}}],"collection":[{"href":"https:\/\/www.europesays.com\/fr\/wp-json\/wp\/v2\/posts"}],"about":[{"href":"https:\/\/www.europesays.com\/fr\/wp-json\/wp\/v2\/types\/post"}],"author":[{"embeddable":true,"href":"https:\/\/www.europesays.com\/fr\/wp-json\/wp\/v2\/users\/2"}],"replies":[{"embeddable":true,"href":"https:\/\/www.europesays.com\/fr\/wp-json\/wp\/v2\/comments?post=402474"}],"version-history":[{"count":0,"href":"https:\/\/www.europesays.com\/fr\/wp-json\/wp\/v2\/posts\/402474\/revisions"}],"wp:featuredmedia":[{"embeddable":true,"href":"https:\/\/www.europesays.com\/fr\/wp-json\/wp\/v2\/media\/402475"}],"wp:attachment":[{"href":"https:\/\/www.europesays.com\/fr\/wp-json\/wp\/v2\/media?parent=402474"}],"wp:term":[{"taxonomy":"category","embeddable":true,"href":"https:\/\/www.europesays.com\/fr\/wp-json\/wp\/v2\/categories?post=402474"},{"taxonomy":"post_tag","embeddable":true,"href":"https:\/\/www.europesays.com\/fr\/wp-json\/wp\/v2\/tags?post=402474"}],"curies":[{"name":"wp","href":"https:\/\/api.w.org\/{rel}","templated":true}]}}