{"id":402478,"date":"2025-09-19T13:55:13","date_gmt":"2025-09-19T13:55:13","guid":{"rendered":"https:\/\/www.europesays.com\/fr\/402478\/"},"modified":"2025-09-19T13:55:13","modified_gmt":"2025-09-19T13:55:13","slug":"basket-betclic-elite-le-match-asvel","status":"publish","type":"post","link":"https:\/\/www.europesays.com\/fr\/402478\/","title":{"rendered":"Basket &#8211; Betclic \u00c9lite. Le match ASVEL"},"content":{"rendered":"<p>La cha\u00eene L\u2019\u00c9quipe sera \u00e0 nouveau au rendez-vous, cette saison en Betclic \u00c9lite. En effet, chaque rencontre programm\u00e9e le dimanche \u00e0 19\u00a0h se verra automatiquement bascul\u00e9e sur la cha\u00eene en clair. Et concernant le SLUC Nancy, ce sera le cas d\u00e8s la premi\u00e8re journ\u00e9e lors du d\u00e9placement \u00e0 Villeurbanne\u00a0!<\/p>\n<p>En effet, la programmation fera la part belle aux \u00e9quipes d\u2019Euroligue, ces derni\u00e8res \u00e9tant souvent contraintes par leur calendrier europ\u00e9en, de jouer le dimanche.<\/p>\n<p>Les autres rencontres seront \u00e0 suivre sur DAZN.<\/p>\n","protected":false},"excerpt":{"rendered":"La cha\u00eene L\u2019\u00c9quipe sera \u00e0 nouveau au rendez-vous, cette saison en Betclic \u00c9lite. En effet, chaque rencontre programm\u00e9e&hellip;\n","protected":false},"author":2,"featured_media":402479,"comment_status":"","ping_status":"","sticky":false,"template":"","format":"standard","meta":{"footnotes":""},"categories":[9635],"tags":[1111,11,1791,1704,1777,674,1011,27,775,1702,1703,12,25,11567,517,1700],"class_list":{"0":"post-402478","1":"post","2":"type-post","3":"status-publish","4":"format-standard","5":"has-post-thumbnail","7":"category-nancy","8":"tag-actu","9":"tag-actualites","10":"tag-basket-ball","11":"tag-edition-nancy-et-agglomeration","12":"tag-eu","13":"tag-europe","14":"tag-fr","15":"tag-france","16":"tag-grand-est","17":"tag-nancy","18":"tag-nancy-ville-54b","19":"tag-news","20":"tag-republique-francaise","21":"tag-sluc","22":"tag-sport","23":"tag-sport-lorrain"},"share_on_mastodon":{"url":"https:\/\/pubeurope.com\/@fr\/115231308060377092","error":""},"_links":{"self":[{"href":"https:\/\/www.europesays.com\/fr\/wp-json\/wp\/v2\/posts\/402478","targetHints":{"allow":["GET"]}}],"collection":[{"href":"https:\/\/www.europesays.com\/fr\/wp-json\/wp\/v2\/posts"}],"about":[{"href":"https:\/\/www.europesays.com\/fr\/wp-json\/wp\/v2\/types\/post"}],"author":[{"embeddable":true,"href":"https:\/\/www.europesays.com\/fr\/wp-json\/wp\/v2\/users\/2"}],"replies":[{"embeddable":true,"href":"https:\/\/www.europesays.com\/fr\/wp-json\/wp\/v2\/comments?post=402478"}],"version-history":[{"count":0,"href":"https:\/\/www.europesays.com\/fr\/wp-json\/wp\/v2\/posts\/402478\/revisions"}],"wp:featuredmedia":[{"embeddable":true,"href":"https:\/\/www.europesays.com\/fr\/wp-json\/wp\/v2\/media\/402479"}],"wp:attachment":[{"href":"https:\/\/www.europesays.com\/fr\/wp-json\/wp\/v2\/media?parent=402478"}],"wp:term":[{"taxonomy":"category","embeddable":true,"href":"https:\/\/www.europesays.com\/fr\/wp-json\/wp\/v2\/categories?post=402478"},{"taxonomy":"post_tag","embeddable":true,"href":"https:\/\/www.europesays.com\/fr\/wp-json\/wp\/v2\/tags?post=402478"}],"curies":[{"name":"wp","href":"https:\/\/api.w.org\/{rel}","templated":true}]}}