{"id":402487,"date":"2025-09-19T14:00:49","date_gmt":"2025-09-19T14:00:49","guid":{"rendered":"https:\/\/www.europesays.com\/fr\/402487\/"},"modified":"2025-09-19T14:00:49","modified_gmt":"2025-09-19T14:00:49","slug":"quelles-sont-les-pharmacies-ouvertes-ce-jeudi-en-normandie","status":"publish","type":"post","link":"https:\/\/www.europesays.com\/fr\/402487\/","title":{"rendered":"Quelles sont les pharmacies ouvertes ce jeudi en Normandie ?\u00a0"},"content":{"rendered":"\n<p>La profession d\u00e9nonce un arr\u00eat\u00e9 gouvernemental adopt\u00e9 cet \u00e9t\u00e9, qui <strong>r\u00e9duit leurs marges sur certains m\u00e9dicaments,<\/strong> notamment les g\u00e9n\u00e9riques, d\u00e9sormais moins bien rembours\u00e9s. En signe de protestation, les pharmaciens se rassemblent ce jeudi \u00e0 14h30 \u00e0 Caen. Dans la r\u00e9gion, <strong>une grande majorit\u00e9 des officines sont ferm\u00e9es<\/strong>, mais l\u2019ARS de Normandie a proc\u00e9d\u00e9 \u00e0 des r\u00e9quisitions pour garantir un acc\u00e8s minimal aux soins. <strong>Ci-dessous, la liste des pharmacies ouvertes en Normandie.<\/strong><\/p>\n<p><strong>Dans le Calvados\u00a0<\/strong><\/p>\n<p>Pharmacie du 6 juin \u00e0 Bayeux<br \/>Pharmacie Colbert \u00e0 Blainville-sur-Orne<br \/>Pharmacie du XXI\u00e8me si\u00e8cle \u00e0 Cabourg<br \/>Pharmacie Vall\u00e9e de la Vie \u00e0 Livarot<br \/>Pharmacie de Saint-Sylvain \u00e0 Saint-Sylvain\u00a0<br \/>Pharmacie IBERT \u00e0 Valdalli\u00e8re\u00a0<\/p>\n<p><strong>Dans l&rsquo;Eure\u00a0<\/strong><\/p>\n<p>Pharmacie Le Gloan-Le Saec \u00e0 Evreux<br \/>Pharmacie du Plateau \u00e0 Saint-Andre-de-l&rsquo;Eure<br \/>Pharmacie Bahu \u00e0 Val-de-Reuil\u00a0<br \/>Pharmacie Marais \u00e0 Verneuil-sur-Avre\u00a0<\/p>\n<p><strong>Dans l&rsquo;Orne\u00a0<\/strong><\/p>\n<p>Pharmacie Lefebvre-Lemanissier \u00e0 L&rsquo;Aigle<br \/>Pharmacie du Centre \u00e0 Argentan\u00a0<br \/>Pharmacie Krazlin \u00e0 Domfront<br \/>Pharmacie de la R\u00e9publique \u00e0 S\u00e9es\u00a0<\/p>\n<p><strong>En Seine-Maritime\u00a0<\/strong><\/p>\n<p>Pharmacie des Arts \u00e0 Barentin<br \/>Pharmacie Beaugrand \u00e0 Blainville-Crevon<br \/>La Grande Pharmacie \u00e0 Dieppe<br \/>Pharmacie Saint-Etienne \u00e0 F\u00e9camp\u00a0<br \/>Pharmacie Follain \u00e0 Goderville<br \/>Eurl Lacroix Bevan \u00e0 Grand-Couronne<br \/>Pharmacie de la place d&rsquo;armes \u00e0 Harfleur<br \/>Pharmacie Doumer au Havre<br \/>Pharmacie Jantzen au Havre\u00a0<br \/>Pharmacie Sara Pinto \u00e0 Notre-Dame-de-Bondeville<br \/>Pharmacie SNC Friess Lepileur \u00e0 Notre-Dame-de-Gravenchon<br \/>Pharmacie de Pr\u00e9aux \u00e0 Pr\u00e9aux<br \/>Pharmacie du Drugstore \u00e0 Rouen\u00a0<br \/>Pharmacie Benard Hauchecorne \u00e0 Saint-Pierre-en-Port<br \/>Pharmacie Saint Pierraise \u00e0 Saint-Pierre-l\u00e8s-Elbeuf<br \/>Pharmacie de la varenne \u00e0 Saint-Sa\u00ebns<br \/>Pharmacie du centre \u00e0 Saint-Valery-en-Caux<\/p>\n","protected":false},"excerpt":{"rendered":"La profession d\u00e9nonce un arr\u00eat\u00e9 gouvernemental adopt\u00e9 cet \u00e9t\u00e9, qui r\u00e9duit leurs marges sur certains m\u00e9dicaments, notamment les&hellip;\n","protected":false},"author":2,"featured_media":402488,"comment_status":"","ping_status":"","sticky":false,"template":"","format":"standard","meta":{"footnotes":""},"categories":[9587],"tags":[1111,11,1777,674,1011,27,6151,53381,53386,12,5161,53388,45884,53389,53384,53385,53387,53383,53382,53380,25,9590],"class_list":{"0":"post-402487","1":"post","2":"type-post","3":"status-publish","4":"format-standard","5":"has-post-thumbnail","7":"category-rouen","8":"tag-actu","9":"tag-actualites","10":"tag-eu","11":"tag-europe","12":"tag-fr","13":"tag-france","14":"tag-greve","15":"tag-greve-pharmaciens","16":"tag-jeudi-18-septembre","17":"tag-news","18":"tag-normandie","19":"tag-pharmacie-alencon","20":"tag-pharmacie-de-garde","21":"tag-pharmacie-de-garde-caen","22":"tag-pharmacie-de-garde-calvados","23":"tag-pharmacie-de-garde-eure","24":"tag-pharmacie-de-garde-orne","25":"tag-pharmacie-de-garde-rouen","26":"tag-pharmacies-de-garde-normandie","27":"tag-pharmacies-fermees","28":"tag-republique-francaise","29":"tag-rouen"},"share_on_mastodon":{"url":"https:\/\/pubeurope.com\/@fr\/115231331615696362","error":""},"_links":{"self":[{"href":"https:\/\/www.europesays.com\/fr\/wp-json\/wp\/v2\/posts\/402487","targetHints":{"allow":["GET"]}}],"collection":[{"href":"https:\/\/www.europesays.com\/fr\/wp-json\/wp\/v2\/posts"}],"about":[{"href":"https:\/\/www.europesays.com\/fr\/wp-json\/wp\/v2\/types\/post"}],"author":[{"embeddable":true,"href":"https:\/\/www.europesays.com\/fr\/wp-json\/wp\/v2\/users\/2"}],"replies":[{"embeddable":true,"href":"https:\/\/www.europesays.com\/fr\/wp-json\/wp\/v2\/comments?post=402487"}],"version-history":[{"count":0,"href":"https:\/\/www.europesays.com\/fr\/wp-json\/wp\/v2\/posts\/402487\/revisions"}],"wp:featuredmedia":[{"embeddable":true,"href":"https:\/\/www.europesays.com\/fr\/wp-json\/wp\/v2\/media\/402488"}],"wp:attachment":[{"href":"https:\/\/www.europesays.com\/fr\/wp-json\/wp\/v2\/media?parent=402487"}],"wp:term":[{"taxonomy":"category","embeddable":true,"href":"https:\/\/www.europesays.com\/fr\/wp-json\/wp\/v2\/categories?post=402487"},{"taxonomy":"post_tag","embeddable":true,"href":"https:\/\/www.europesays.com\/fr\/wp-json\/wp\/v2\/tags?post=402487"}],"curies":[{"name":"wp","href":"https:\/\/api.w.org\/{rel}","templated":true}]}}