{"id":402503,"date":"2025-09-19T14:11:11","date_gmt":"2025-09-19T14:11:11","guid":{"rendered":"https:\/\/www.europesays.com\/fr\/402503\/"},"modified":"2025-09-19T14:11:11","modified_gmt":"2025-09-19T14:11:11","slug":"sur-la-cote-dazur-ces-trois-nouvelles-tables-a-decouvrir-pour-profiter-de-lete-indien","status":"publish","type":"post","link":"https:\/\/www.europesays.com\/fr\/402503\/","title":{"rendered":"Sur la C\u00f4te d\u2019Azur, ces trois nouvelles tables \u00e0 d\u00e9couvrir pour profiter de l\u2019\u00e9t\u00e9 indien"},"content":{"rendered":"<p>            <a href=\"https:\/\/www.lefigaro.fr\/gastronomie\/la-celebre-antica-pizzeria-da-michele-debarque-a-paris-pourquoi-il-ne-faut-surtout-pas-y-aller-20250918\" class=\"fig-ranking-profile-link\" aria-label=\"La c\u00e9l\u00e8bre Antica Pizzeria Da Michele d\u00e9barque \u00e0 Paris\u00a0: pourquoi il ne faut surtout pas y aller (article Premium)\" title=\"La c\u00e9l\u00e8bre Antica Pizzeria Da Michele d\u00e9barque \u00e0 Paris\u00a0: pourquoi il ne faut surtout pas y aller (article Premium)\" data-fig-domain=\"LEFIGARO\" target=\"_blank\" rel=\"noopener\"><\/p>\n<p>        La c\u00e9l\u00e8bre Antica Pizzeria Da Michele d\u00e9barque \u00e0 Paris\u00a0: pourquoi il ne faut surtout pas y aller<\/p>\n<p>                                                <\/a><\/p>\n<p>        <img   class=\"fig-img fig-ranking-profile-media-small-picture__photo\" alt=\"La c\u00e9l\u00e8bre Antica Pizzeria Da Michele d\u00e9barque \u00e0 Paris\u00a0: pourquoi il ne faut surtout pas y aller\" height=\"1541\" width=\"1170\"\/><\/p>\n<p class=\"fig-ranking-profile-standfirst\">\n    <strong>CRITIQUE GASTRONOMIQUE &#8211; <\/strong>La cha\u00eene n\u00e9e \u00e0 Naples en 1906, vue dans le film Mange,\u00a0prie,\u00a0aime\u00a0avec Julia Roberts, a ouvert sa premi\u00e8re adresse en France, pr\u00e8s de la Bastille. SI les files d\u2019attente sont au rendez-vous, la qualit\u00e9 de la pizza nettement moins.\n<\/p>\n<p>            <a href=\"https:\/\/www.lefigaro.fr\/voyages\/guides\/tout-le-monde-en-veut-quel-est-ce-nouveau-dessert-qui-fait-saliver-madrid-20250913\" class=\"fig-ranking-profile-link\" data-fig-domain=\"LEFIGARO\" target=\"_blank\" rel=\"noopener\"><\/p>\n<p>        \u00abTout le monde en veut\u00a0!\u00a0\u00bb\u00a0: ce nouveau dessert enflamme Madrid\u00a0?<\/p>\n<p>                                                <\/a><\/p>\n<p>        <img   class=\"fig-img fig-ranking-profile-media-small-picture__photo\" alt=\"\u00abTout le monde en veut\u00a0!\u00a0\u00bb\u00a0: ce nouveau dessert enflamme Madrid\u00a0?\" height=\"1800\" width=\"2400\"\/><\/p>\n<p class=\"fig-ranking-profile-standfirst\">\n    H\u00e9rit\u00e9e du Pays basque mais r\u00e9invent\u00e9e par les p\u00e2tissiers madril\u00e8nes, la \u00ab tarta de queso\u00a0\u00bb est devenue plus qu\u2019un dessert\u00a0: un rituel collectif et un ph\u00e9nom\u00e8ne mondial. De la file d\u2019attente devant les boutiques sp\u00e9cialis\u00e9es aux vid\u00e9os virales, la capitale espagnole vit au rythme de ce g\u00e2teau cr\u00e9meux devenu obsession.\n<\/p>\n<p>            <a href=\"https:\/\/www.lefigaro.fr\/gastronomie\/les-tontons-la-brasserie-qui-reveille-enfin-les-papilles-de-neuilly-sur-seine-20250918\" class=\"fig-ranking-profile-link\" aria-label=\"Les Tontons: la brasserie qui r\u00e9veille (enfin) les papilles de Neuilly-sur-Seine (article Premium)\" title=\"Les Tontons: la brasserie qui r\u00e9veille (enfin) les papilles de Neuilly-sur-Seine (article Premium)\" data-fig-domain=\"LEFIGARO\" target=\"_blank\" rel=\"noopener\"><\/p>\n<p>        Les Tontons: la brasserie qui r\u00e9veille (enfin) les papilles de Neuilly-sur-Seine<\/p>\n<p>                                                <\/a><\/p>\n<p>        <img   class=\"fig-img fig-ranking-profile-media-small-picture__photo\" alt=\"Les Tontons: la brasserie qui r\u00e9veille (enfin) les papilles de Neuilly-sur-Seine\" height=\"2001\" width=\"3000\"\/><\/p>\n<p class=\"fig-ranking-profile-standfirst\">\n    <strong>CRITIQUE GASTRONOMIQUE &#8211;<\/strong> La cit\u00e9 des Hauts-de-Seine, avare en bonnes tables, accueille cette table rutilante \u00e0 la terrasse avantageuse et \u00e0 la carte ma\u00eetris\u00e9e.<\/p>\n","protected":false},"excerpt":{"rendered":"La c\u00e9l\u00e8bre Antica Pizzeria Da Michele d\u00e9barque \u00e0 Paris\u00a0: pourquoi il ne faut surtout pas y aller CRITIQUE&hellip;\n","protected":false},"author":2,"featured_media":402504,"comment_status":"","ping_status":"","sticky":false,"template":"","format":"standard","meta":{"footnotes":""},"categories":[2819],"tags":[1111,11,7306,7013,1777,674,1011,27,12,2401,882,25,2923],"class_list":{"0":"post-402503","1":"post","2":"type-post","3":"status-publish","4":"format-standard","5":"has-post-thumbnail","7":"category-nice","8":"tag-actu","9":"tag-actualites","10":"tag-cannes","11":"tag-cote-dazur","12":"tag-eu","13":"tag-europe","14":"tag-fr","15":"tag-france","16":"tag-news","17":"tag-nice","18":"tag-provence-alpes-cote-dazur","19":"tag-republique-francaise","20":"tag-restaurants"},"share_on_mastodon":{"url":"https:\/\/pubeurope.com\/@fr\/115231370969594285","error":""},"_links":{"self":[{"href":"https:\/\/www.europesays.com\/fr\/wp-json\/wp\/v2\/posts\/402503","targetHints":{"allow":["GET"]}}],"collection":[{"href":"https:\/\/www.europesays.com\/fr\/wp-json\/wp\/v2\/posts"}],"about":[{"href":"https:\/\/www.europesays.com\/fr\/wp-json\/wp\/v2\/types\/post"}],"author":[{"embeddable":true,"href":"https:\/\/www.europesays.com\/fr\/wp-json\/wp\/v2\/users\/2"}],"replies":[{"embeddable":true,"href":"https:\/\/www.europesays.com\/fr\/wp-json\/wp\/v2\/comments?post=402503"}],"version-history":[{"count":0,"href":"https:\/\/www.europesays.com\/fr\/wp-json\/wp\/v2\/posts\/402503\/revisions"}],"wp:featuredmedia":[{"embeddable":true,"href":"https:\/\/www.europesays.com\/fr\/wp-json\/wp\/v2\/media\/402504"}],"wp:attachment":[{"href":"https:\/\/www.europesays.com\/fr\/wp-json\/wp\/v2\/media?parent=402503"}],"wp:term":[{"taxonomy":"category","embeddable":true,"href":"https:\/\/www.europesays.com\/fr\/wp-json\/wp\/v2\/categories?post=402503"},{"taxonomy":"post_tag","embeddable":true,"href":"https:\/\/www.europesays.com\/fr\/wp-json\/wp\/v2\/tags?post=402503"}],"curies":[{"name":"wp","href":"https:\/\/api.w.org\/{rel}","templated":true}]}}