{"id":402507,"date":"2025-09-19T14:13:14","date_gmt":"2025-09-19T14:13:14","guid":{"rendered":"https:\/\/www.europesays.com\/fr\/402507\/"},"modified":"2025-09-19T14:13:14","modified_gmt":"2025-09-19T14:13:14","slug":"un-rassemblement-organise-deux-jours-avant-la-reconnaissance-de-letat-de-palestine","status":"publish","type":"post","link":"https:\/\/www.europesays.com\/fr\/402507\/","title":{"rendered":"un rassemblement organis\u00e9 deux jours avant la reconnaissance de l&rsquo;\u00c9tat de Palestine"},"content":{"rendered":"<p>            Par<br \/>\n        <strong><br \/>\n            <a href=\"https:\/\/actu.fr\/auteur\/laure-gentil\" title=\"Consulter tous les articles de Laure Gentil\" target=\"_blank\" rel=\"noopener\">Laure Gentil<\/a><br \/>\n        <\/strong><\/p>\n<p>        Publi\u00e9 le<\/p>\n<p>            19 sept. 2025 \u00e0 15h47        <\/p>\n<p>Jeudi 24 juillet 2025, le pr\u00e9sident de la R\u00e9publique <strong>Emmanuel Macron<\/strong> a annonc\u00e9 <a href=\"https:\/\/actu.fr\/monde\/la-paix-est-possible-emmanuel-macron-va-reconnaitre-l-etat-de-palestine-en-septembre_62955609.html\" target=\"_blank\" rel=\"noopener\">la prochaine reconnaissance par la France d\u2019un \u00c9tat palestinien.<\/a> Cette reconnaissance doit avoir lieu \u00e0 l\u2019occasion de l\u2019<strong>Assembl\u00e9e g\u00e9n\u00e9rale de l\u2019ONU<\/strong> (Organisation des Nations unies) ce lundi 22 septembre prochain \u00e0 New York, aux \u00c9tats-Unis.\u00a0<\/p>\n<p class=\" wall-content\"><strong>Samedi 20 septembre<\/strong>, soit deux jours avant cette reconnaissance officielle, plusieurs organisations et associations ont lanc\u00e9 un appel \u00e0 se rassembler \u00e0 <strong>15h, place Royale,<\/strong> \u00e0 Nantes.\u00a0<\/p>\n<p>\u00ab\u00a0La France doit imposer des sanctions\u00a0\u00bb<\/p>\n<p class=\" wall-content\">Parmi les organisateurs, il y a l\u2019Association France Palestine Solidarit\u00e9, l\u2019UJFP (Union juive fran\u00e7aise pour la paix), l\u2019ABJC ( Ass. Bouguenais Jumelage Coop\u00e9ration), FSU44 , UD-CGT, Solidaires, L\u2019Apr\u00e8s 44, PCF44,\u00a0 ou encore L\u2019Union D\u00e9mocratique Bretonne 44.\u00a0<\/p>\n<p class=\" wall-content\">Il est demand\u00e9 d\u2019apporter <strong>des v\u00eatements rouges et des casseroles<\/strong>. \u00ab\u00a0\u00c0 Gaza, les massacres, les bombardements s\u2019intensifient\u00a0\u00bb, d\u00e9noncent les signataires de l\u2019appel. \u00ab\u00a0La France doit imposer des sanctions.\u00a0\u00bb<\/p>\n<p class=\" wall-content\">Personnalisez votre actualit\u00e9 en ajoutant vos villes et m\u00e9dias en favori avec <a href=\"https:\/\/moncompte.actu.fr\" title=\"D\u00e9couvez Mon Actu\" rel=\"nofollow noopener\" data-trk=\"{&quot;cta&quot;:{&quot;action&quot;:&quot;https:\\\/\\\/moncompte.actu.fr&quot;,&quot;category&quot;:&quot;mon compte&quot;,&quot;from&quot;:&quot;article footer&quot;,&quot;name&quot;:&quot;Mon actu&quot;,&quot;type&quot;:&quot;cta&quot;}}\" target=\"_blank\">Mon Actu<\/a>.<\/p>\n","protected":false},"excerpt":{"rendered":"Par Laure Gentil Publi\u00e9 le 19 sept. 2025 \u00e0 15h47 Jeudi 24 juillet 2025, le pr\u00e9sident de la&hellip;\n","protected":false},"author":2,"featured_media":402508,"comment_status":"","ping_status":"","sticky":false,"template":"","format":"standard","meta":{"footnotes":""},"categories":[2818],"tags":[1111,11,1777,674,1011,27,665,5643,766,12,2636,25,104],"class_list":{"0":"post-402507","1":"post","2":"type-post","3":"status-publish","4":"format-standard","5":"has-post-thumbnail","7":"category-nantes","8":"tag-actu","9":"tag-actualites","10":"tag-eu","11":"tag-europe","12":"tag-fr","13":"tag-france","14":"tag-gaza","15":"tag-guerre-israel-hamas","16":"tag-nantes","17":"tag-news","18":"tag-pays-de-la-loire","19":"tag-republique-francaise","20":"tag-societe"},"share_on_mastodon":{"url":"https:\/\/pubeurope.com\/@fr\/115231379052075463","error":""},"_links":{"self":[{"href":"https:\/\/www.europesays.com\/fr\/wp-json\/wp\/v2\/posts\/402507","targetHints":{"allow":["GET"]}}],"collection":[{"href":"https:\/\/www.europesays.com\/fr\/wp-json\/wp\/v2\/posts"}],"about":[{"href":"https:\/\/www.europesays.com\/fr\/wp-json\/wp\/v2\/types\/post"}],"author":[{"embeddable":true,"href":"https:\/\/www.europesays.com\/fr\/wp-json\/wp\/v2\/users\/2"}],"replies":[{"embeddable":true,"href":"https:\/\/www.europesays.com\/fr\/wp-json\/wp\/v2\/comments?post=402507"}],"version-history":[{"count":0,"href":"https:\/\/www.europesays.com\/fr\/wp-json\/wp\/v2\/posts\/402507\/revisions"}],"wp:featuredmedia":[{"embeddable":true,"href":"https:\/\/www.europesays.com\/fr\/wp-json\/wp\/v2\/media\/402508"}],"wp:attachment":[{"href":"https:\/\/www.europesays.com\/fr\/wp-json\/wp\/v2\/media?parent=402507"}],"wp:term":[{"taxonomy":"category","embeddable":true,"href":"https:\/\/www.europesays.com\/fr\/wp-json\/wp\/v2\/categories?post=402507"},{"taxonomy":"post_tag","embeddable":true,"href":"https:\/\/www.europesays.com\/fr\/wp-json\/wp\/v2\/tags?post=402507"}],"curies":[{"name":"wp","href":"https:\/\/api.w.org\/{rel}","templated":true}]}}