{"id":402517,"date":"2025-09-19T14:18:09","date_gmt":"2025-09-19T14:18:09","guid":{"rendered":"https:\/\/www.europesays.com\/fr\/402517\/"},"modified":"2025-09-19T14:18:09","modified_gmt":"2025-09-19T14:18:09","slug":"le-premier-candidat-sappelle-theo-et-il-vient-de-lille","status":"publish","type":"post","link":"https:\/\/www.europesays.com\/fr\/402517\/","title":{"rendered":"le premier candidat s\u2019appelle Th\u00e9o et il vient de Lille\u00a0!"},"content":{"rendered":"<p>            Par<br \/>\n        <strong><br \/>\n            <a href=\"https:\/\/actu.fr\/auteur\/raphael-mahlmann\" title=\"Consulter tous les articles de Rapha\u00ebl Mahlmann\" rel=\"nofollow noopener\" target=\"_blank\">Rapha\u00ebl Mahlmann<\/a><br \/>\n        <\/strong><\/p>\n<p>        Publi\u00e9 le<\/p>\n<p>            19 sept. 2025 \u00e0 16h16        <\/p>\n<p>Le premier candidat de la prochaine saison de la <b>Star Academy<\/b> a \u00e9t\u00e9 r\u00e9v\u00e9l\u00e9 sur NRJ dans le 6\/10 de Manu ce vendredi 19\u00a0septembre. Et c\u2019est un Lillois\u2009! Il s\u2019agit de <b>Th\u00e9o<\/b>, 24\u00a0ans et kin\u00e9sith\u00e9rapeute.<\/p>\n<p>Il apprend la nouvelle en direct sur NRJ<\/p>\n<p class=\" wall-content\">Il \u00e9tait 7h45 du matin lorsque les \u00e9quipes d\u2019NRJ se sont rendues au domicile de Th\u00e9o et ont toqu\u00e9 \u00e0 sa porte pour lui annoncer la bonne nouvelle. \u00ab\u2009J\u2019\u00e9tais en train de prendre mon petit d\u00e9jeuner\u2009\u00bb, explique-t-il \u00e0 Manu au t\u00e9l\u00e9phone en direct \u00ab\u2009Tu vas int\u00e9grer officiellement la nouvelle promo de la <a href=\"https:\/\/actu.fr\/tag\/star-academy\" rel=\"nofollow noopener\" target=\"_blank\">Star Academy<\/a>\u2009\u00bb, lui annonce l\u2019animateur. \u00ab\u2009C\u2019est vrai\u2009?\u2009\u00bb, demande-t-il, visiblement encore sous le choc. \u00ab\u2009Bah oui, c\u2019est vrai\u2009!\u2009\u00bb<\/p>\n<p>    <a href=\"https:\/\/www.facebook.com\/plugins\/video.php?height=476&amp;href=https%3A%2F%2Fwww.facebook.com%2Fnrjradio%2Fvideos%2F793601543534823%2F&amp;show_text=false&amp;width=350&amp;t=0\" title=\"Ouvrie le lien\" rel=\"nofollow noopener\" target=\"_blank\">Cliquez ici pour visualiser le contenu<\/a><\/p>\n<p class=\" wall-content\">Th\u00e9o est donc le premier candidat \u00e0 rejoindre la promo 2025-2026 pour la saison 13 de la Star Academy, pr\u00e9vue en octobre.<\/p>\n<p class=\" wall-content\">Personnalisez votre actualit\u00e9 en ajoutant vos villes et m\u00e9dias en favori avec <a href=\"https:\/\/moncompte.actu.fr\" title=\"D\u00e9couvez Mon Actu\" rel=\"nofollow noopener\" data-trk=\"{&quot;cta&quot;:{&quot;action&quot;:&quot;https:\\\/\\\/moncompte.actu.fr&quot;,&quot;category&quot;:&quot;mon compte&quot;,&quot;from&quot;:&quot;article footer&quot;,&quot;name&quot;:&quot;Mon actu&quot;,&quot;type&quot;:&quot;cta&quot;}}\" target=\"_blank\">Mon Actu<\/a>.<\/p>\n","protected":false},"excerpt":{"rendered":"Par Rapha\u00ebl Mahlmann Publi\u00e9 le 19 sept. 2025 \u00e0 16h16 Le premier candidat de la prochaine saison de&hellip;\n","protected":false},"author":2,"featured_media":402518,"comment_status":"","ping_status":"","sticky":false,"template":"","format":"standard","meta":{"footnotes":""},"categories":[2815],"tags":[1111,11,1777,674,1011,27,811,1307,12,25,104,5095],"class_list":{"0":"post-402517","1":"post","2":"type-post","3":"status-publish","4":"format-standard","5":"has-post-thumbnail","7":"category-lille","8":"tag-actu","9":"tag-actualites","10":"tag-eu","11":"tag-europe","12":"tag-fr","13":"tag-france","14":"tag-hauts-de-france","15":"tag-lille","16":"tag-news","17":"tag-republique-francaise","18":"tag-societe","19":"tag-star-academy"},"share_on_mastodon":{"url":"https:\/\/pubeurope.com\/@fr\/115231398543701359","error":""},"_links":{"self":[{"href":"https:\/\/www.europesays.com\/fr\/wp-json\/wp\/v2\/posts\/402517","targetHints":{"allow":["GET"]}}],"collection":[{"href":"https:\/\/www.europesays.com\/fr\/wp-json\/wp\/v2\/posts"}],"about":[{"href":"https:\/\/www.europesays.com\/fr\/wp-json\/wp\/v2\/types\/post"}],"author":[{"embeddable":true,"href":"https:\/\/www.europesays.com\/fr\/wp-json\/wp\/v2\/users\/2"}],"replies":[{"embeddable":true,"href":"https:\/\/www.europesays.com\/fr\/wp-json\/wp\/v2\/comments?post=402517"}],"version-history":[{"count":0,"href":"https:\/\/www.europesays.com\/fr\/wp-json\/wp\/v2\/posts\/402517\/revisions"}],"wp:featuredmedia":[{"embeddable":true,"href":"https:\/\/www.europesays.com\/fr\/wp-json\/wp\/v2\/media\/402518"}],"wp:attachment":[{"href":"https:\/\/www.europesays.com\/fr\/wp-json\/wp\/v2\/media?parent=402517"}],"wp:term":[{"taxonomy":"category","embeddable":true,"href":"https:\/\/www.europesays.com\/fr\/wp-json\/wp\/v2\/categories?post=402517"},{"taxonomy":"post_tag","embeddable":true,"href":"https:\/\/www.europesays.com\/fr\/wp-json\/wp\/v2\/tags?post=402517"}],"curies":[{"name":"wp","href":"https:\/\/api.w.org\/{rel}","templated":true}]}}