{"id":402545,"date":"2025-09-19T14:32:09","date_gmt":"2025-09-19T14:32:09","guid":{"rendered":"https:\/\/www.europesays.com\/fr\/402545\/"},"modified":"2025-09-19T14:32:09","modified_gmt":"2025-09-19T14:32:09","slug":"un-homme-evite-au-dernier-moment-une-voiture-hors-de-controle","status":"publish","type":"post","link":"https:\/\/www.europesays.com\/fr\/402545\/","title":{"rendered":"un homme \u00e9vite au dernier moment une voiture hors de contr\u00f4le"},"content":{"rendered":"<p><strong>VID\u00c9O <\/strong>&#8211; Alors qu\u2019il nettoyait paisiblement sa voiture dans une station-service du Nebraska ce vendredi 12 septembre, un homme a \u00e9vit\u00e9 de justesse un autre v\u00e9hicule lanc\u00e9 \u00e0 vive allure vers lui.<\/p>\n<p class=\"fig-paragraph\">Si cette sc\u00e8ne irr\u00e9elle n\u2019avait pas \u00e9t\u00e9 film\u00e9e, peut-\u00eatre qu\u2019il aurait lui-m\u00eame eu du mal \u00e0 y croire. Alors qu\u2019il lavait tranquillement le pare-brise de son v\u00e9hicule ce vendredi 12 septembre, un homme du Nebraska a \u00e9chapp\u00e9 de justesse \u00e0 un grave accident.<\/p>\n<p class=\"fig-paragraph\">Lanc\u00e9e \u00e0 vive allure sur une grande ligne droite, une voiture rouge a d\u00e9rap\u00e9 en direction de la station-service avant de percuter violemment un poteau. Ce choc l\u2019a renvers\u00e9 sur le c\u00f4t\u00e9 et a permis au passant qui se trouvait juste devant de gagner quelques pr\u00e9cieuses secondes pour l\u2019\u00e9viter.<\/p>\n<p>                                    <a class=\"fig-a11y-skip a11y-hidden\" href=\"#fig-a11y-skip-main-inarticle\"><br \/>\n        Passer la publicit\u00e9<br \/>\n    <\/a><\/p>\n<p class=\"fig-paragraph\">Cette sc\u00e8ne impressionnante, int\u00e9gralement capt\u00e9e par une cam\u00e9ra de surveillance, s\u2019est d\u00e9roul\u00e9e dans la station-service Get-N-GO de Brady, dans le comt\u00e9 de Lincoln, au Nebraska. Diffus\u00e9e le 15 septembre sur Facebook par la police de ce petit comt\u00e9 rural du centre des \u00c9tats-Unis, cette vid\u00e9o fait le tour des m\u00e9dias am\u00e9ricains depuis quelques jours.<\/p>\n<p class=\"fig-body-link\">\n            \u00c0 lire aussi<br \/>\n        <a class=\"fig-body-link__link\" href=\"http:\/\/www.lefigaro.fr\/actualite-france\/securite-routiere-comment-expliquer-la-hausse-de-la-mortalite-de-ces-derniers-mois-20250915\" target=\"_blank\" data-fig-type=\"Article\" rel=\"noopener\" data-gtm-custom-categorie=\"navigation\" data-gtm-custom-action=\"crossclick\" data-gtm-custom-label=\"Contextuel\" data-gtm-event=\"customEventSPE\" data-fig-domain=\"LEFIGARO\">Comment expliquer la hausse de la mortalit\u00e9 routi\u00e8re\u00a0de ces derniers mois<br \/>\n    <\/a>\n<\/p>\n<p>Conducteur sans permis<\/p>\n<p class=\"fig-paragraph\">D\u2019apr\u00e8s les premi\u00e8res estimations de la police locale, la voiture responsable de l\u2019accident roulait bien au-dessus de la vitesse autoris\u00e9e. Alors que la vitesse est limit\u00e9e \u00e0 40 miles par heure (environ 65 km\/h) sur ce secteur de la route nationale 30, le v\u00e9hicule se d\u00e9pla\u00e7ait \u00e0 pr\u00e8s de 65 miles par heure (environ 105 km\/h). En plus de cette vitesse excessive, la maladresse du chauffeur, qui n\u2019a pu pr\u00e9senter ni permis, ni assurance aux enqu\u00eateurs semble \u00eatre \u00e0 l\u2019origine de cet accident qui aurait pu \u00eatre mortel.<\/p>\n<p class=\"fig-paragraph\">Par chance, ni le conducteur ni le pi\u00e9ton n\u2019ont \u00e9t\u00e9 bless\u00e9s gri\u00e8vement. Bien que touch\u00e9 \u00e0 la jambe, ce dernier, sous le coup de l\u2019adr\u00e9naline, est tout de suite venu en aide au conducteur, qui sera pour sa part entendu prochainement par la justice.<\/p>\n","protected":false},"excerpt":{"rendered":"VID\u00c9O &#8211; Alors qu\u2019il nettoyait paisiblement sa voiture dans une station-service du Nebraska ce vendredi 12 septembre, un&hellip;\n","protected":false},"author":2,"featured_media":402546,"comment_status":"","ping_status":"","sticky":false,"template":"","format":"standard","meta":{"footnotes":""},"categories":[1589],"tags":[4376,11,73,1866,12,1864,1865,1863,308,4752],"class_list":{"0":"post-402545","1":"post","2":"type-post","3":"status-publish","4":"format-standard","5":"has-post-thumbnail","7":"category-etats-unis","8":"tag-accident-de-la-route","9":"tag-actualites","10":"tag-etats-unis","11":"tag-etats-unis-damerique","12":"tag-news","13":"tag-united-states","14":"tag-united-states-of-america","15":"tag-us","16":"tag-usa","17":"tag-voiture"},"share_on_mastodon":{"url":"https:\/\/pubeurope.com\/@fr\/115231453666549596","error":""},"_links":{"self":[{"href":"https:\/\/www.europesays.com\/fr\/wp-json\/wp\/v2\/posts\/402545","targetHints":{"allow":["GET"]}}],"collection":[{"href":"https:\/\/www.europesays.com\/fr\/wp-json\/wp\/v2\/posts"}],"about":[{"href":"https:\/\/www.europesays.com\/fr\/wp-json\/wp\/v2\/types\/post"}],"author":[{"embeddable":true,"href":"https:\/\/www.europesays.com\/fr\/wp-json\/wp\/v2\/users\/2"}],"replies":[{"embeddable":true,"href":"https:\/\/www.europesays.com\/fr\/wp-json\/wp\/v2\/comments?post=402545"}],"version-history":[{"count":0,"href":"https:\/\/www.europesays.com\/fr\/wp-json\/wp\/v2\/posts\/402545\/revisions"}],"wp:featuredmedia":[{"embeddable":true,"href":"https:\/\/www.europesays.com\/fr\/wp-json\/wp\/v2\/media\/402546"}],"wp:attachment":[{"href":"https:\/\/www.europesays.com\/fr\/wp-json\/wp\/v2\/media?parent=402545"}],"wp:term":[{"taxonomy":"category","embeddable":true,"href":"https:\/\/www.europesays.com\/fr\/wp-json\/wp\/v2\/categories?post=402545"},{"taxonomy":"post_tag","embeddable":true,"href":"https:\/\/www.europesays.com\/fr\/wp-json\/wp\/v2\/tags?post=402545"}],"curies":[{"name":"wp","href":"https:\/\/api.w.org\/{rel}","templated":true}]}}