{"id":402559,"date":"2025-09-19T14:40:14","date_gmt":"2025-09-19T14:40:14","guid":{"rendered":"https:\/\/www.europesays.com\/fr\/402559\/"},"modified":"2025-09-19T14:40:14","modified_gmt":"2025-09-19T14:40:14","slug":"reconnaissance-de-letat-palestinien-dun-combat-de-la-france-a-une-lutte-des-francais","status":"publish","type":"post","link":"https:\/\/www.europesays.com\/fr\/402559\/","title":{"rendered":"Reconnaissance de l\u2019\u00c9tat palestinien\u00a0: d\u2019un combat de la France \u00e0 une lutte des Fran\u00e7ais"},"content":{"rendered":"<p>La derni\u00e8re fois qu\u2019un premier ministre fran\u00e7ais a eu un mot pour la Palestine, il \u00e9tait de droite. Bien de droite. C\u2019\u00e9tait Fran\u00e7ois Fillon, en 2007. \u00c0 la tribune de l\u2019Assembl\u00e9e nationale, lors de sa d\u00e9claration de politique g\u00e9n\u00e9rale, le chef du gouvernement d\u00e9clamait\u00a0: \u00ab\u00a0La France ne se r\u00e9signe pas \u00e0 voir la bande de Gaza en \u00e9tat de si\u00e8ge permanent et la Palestine condamn\u00e9e \u00e0 une partition de fait avant m\u00eame d\u2019avoir pu exercer r\u00e9ellement sa souverainet\u00e9 sur son territoire. La France va prendre des initiatives [\u2026] pour ranimer la petite flamme de l\u2019espoir d\u2019une Palestine libre et d\u00e9mocratique coexistant pacifiquement avec un \u00c9tat d\u2019Isra\u00ebl reconnu et respect\u00e9 par tous ses voisins.\u00a0\u00bb<\/p>\n<blockquote class=\"wp-block-quote is-layout-flow wp-block-quote-is-layout-flow\">\n<p>Que la France reconnaisse l\u2019\u00c9tat palestinien, c\u2019est bel et bien l\u2019aboutissement d\u2019une lutte.<\/p>\n<\/blockquote>\n<p>C\u2019\u00e9tait le <strong>dernier souffle<\/strong> politique fran\u00e7ais en faveur d\u2019une Palestine libre. 18 ans plus tard, Emmanuel Macron s\u2019appr\u00eate \u00e0 <a href=\"https:\/\/www.politis.fr\/articles\/2025\/04\/regard-denis-sieffert-macron-et-letat-palestinien-et-apres-quoi\/\" target=\"_blank\" rel=\"noreferrer noopener\">reconna\u00eetre, officiellement, l\u2019\u00c9tat palestinien<\/a>. Un symbole. Car, de fait, la France reconna\u00eet d\u00e9j\u00e0 la Palestine\u00a0: elle lui reconna\u00eet une capitale\u00a0; l\u2019Autorit\u00e9 palestinienne dispose d\u2019une ambassade en France. Mais ne boudons pas notre plaisir\u00a0: que la France reconnaisse l\u2019\u00c9tat palestinien, c\u2019est bel et bien l\u2019aboutissement d\u2019une lutte.<\/p>\n<p>            <a href=\"https:\/\/www.politis.fr\/articles\/2025\/08\/insaf-rezagui-la-france-pourrait-etre-poursuivie-pour-complicite-si-elle-continue-de-soutenir-israel\/\" target=\"_blank\" class=\" gt_sujet\" rel=\"noopener\"><\/p>\n<p>            <strong>Sur le m\u00eame sujet :<\/strong> Insaf Rezagui : \u00ab\u00a0La France pourrait \u00eatre poursuivie pour complicit\u00e9\u00a0si elle continue de soutenir Isra\u00ebl\u00a0\u00bb<\/p>\n<p>    <\/a><\/p>\n<p>Une lutte initi\u00e9e de longue date par d\u2019anciens pr\u00e9sidents de la R\u00e9publique fran\u00e7aise. En 1967, le G\u00e9n\u00e9ral de Gaulle se f\u00e2che avec Isra\u00ebl, suite \u00e0 la <a href=\"https:\/\/www.politis.fr\/articles\/2017\/05\/guerre-des-six-jours-50-ans-dhypocrisie-et-de-lachete-37054\/\" target=\"_blank\" rel=\"noreferrer noopener\">guerre des Six Jours<\/a>, quitte \u00e0 se f\u00e2cher aussi avec une bonne partie de son camp politique. D\u00e9bute alors la fameuse \u00ab\u00a0politique arabe de la France\u00a0\u00bb. Val\u00e9ry Giscard d\u2019Estaing, en 1974, embo\u00eete le pas. Il affirme que le peuple palestinien \u00ab\u00a0doit pouvoir disposer d\u2019une patrie\u00a0\u00bb puis, en juin\u00a01980, il fait signer aux Europ\u00e9ens la <a href=\"https:\/\/fr.wikipedia.org\/wiki\/D%C3%A9claration_de_Venise\" target=\"_blank\" rel=\"noreferrer noopener\">d\u00e9claration de Venise<\/a> qui inscrit la reconnaissance du droit des Palestiniens \u00e0 l\u2019autod\u00e9termination et la volont\u00e9 de <strong>n\u00e9gocier<\/strong> avec l\u2019Organisation de lib\u00e9ration de la Palestine (OLP). La \u00ab\u00a0normalisation\u00a0\u00bb de la figure de Yasser Arafat et sa relation avec la France contribuent pour beaucoup dans l\u2019avanc\u00e9e du processus. <\/p>\n<blockquote class=\"wp-block-quote is-layout-flow wp-block-quote-is-layout-flow\">\n<p>Sarkozy puis Hollande seront les meilleurs amis de Netanyahou, quoi qu\u2019il en co\u00fbte. C\u2019en est fini de la politique arabe.<\/p>\n<\/blockquote>\n<p>En 1982, Fran\u00e7ois Mitterrand permet l\u2019\u00e9vacuation de la direction de l\u2019OLP prise au pi\u00e8ge dans Beyrouth assi\u00e9g\u00e9 par Isra\u00ebl. \u00c0 la tribune de la Knesset, il appelle \u00e0 ce que \u00ab\u00a0les habitants arabes de Cisjordanie et de Gaza disposent d\u2019une patrie\u00a0\u00bb. En 1989, ann\u00e9e du bicentenaire de la R\u00e9volution, le pr\u00e9sident socialiste invite Yasser Arafat \u00e0 Paris. Celui-ci d\u00e9clare alors qu\u2019une partie de la charte de l\u2019OLP est \u00ab\u00a0caduque\u00a0\u00bb. Le mot est des <strong>plus importants<\/strong>\u00a0: l\u2019organisation palestinienne abandonne l\u2019id\u00e9e de \u00ab\u00a0d\u00e9truire Isra\u00ebl\u00a0\u00bb. La paix avance. Parall\u00e8lement \u00e0 ces d\u00e9cennies de relations franco palestiniennes, les guerres et les massacres qui brisent la r\u00e9gion sensibilisent les Fran\u00e7ais au sort des Palestiniens.<\/p>\n<p>La rue ne l\u00e2che pas<\/p>\n<p>En 1996, Jacques Chirac marque les esprits avec son \u00ab\u00a0You want me to go back to my plane\u00a0?\u00a0\u00bb, lanc\u00e9 \u00e0 J\u00e9rusalem lors d\u2019une altercation avec des officiers de s\u00e9curit\u00e9 isra\u00e9liens. Mais le 11\u00a0septembre 2001, le monde change. Cette lutte quitte le premier plan des journaux. Partout en Occident, la priorit\u00e9 devient la lutte contre le terrorisme islamiste. <\/p>\n<blockquote class=\"wp-block-quote is-layout-flow wp-block-quote-is-layout-flow\">\n<p>La France, reconnaissant la Palestine, continuera-t-elle d\u2019aider militairement Isra\u00ebl\u00a0\u00e0 tuer les Palestiniens\u00a0?<\/p>\n<\/blockquote>\n<p>La mort d\u2019Arafat, en 2004, ouvre une p\u00e9riode de <strong>forte division<\/strong> parmi les militants palestiniens et contribue\u00a0\u2013 un peu\u00a0\u2013 \u00e0 l\u2019\u00e9clipse de cette lutte aupr\u00e8s des opinions occidentales. La France, jusqu\u2019alors tant investie dans la reconnaissance de l\u2019\u00c9tat palestinien, prend fait et cause pour Isra\u00ebl. Sarkozy puis Hollande seront les meilleurs amis de Netanyahou, quoi qu\u2019il en co\u00fbte. C\u2019en est fini de la politique arabe.<\/p>\n<p>Mais la rue, elle, ne l\u00e2che pas la Palestine. Les mobilisations <strong>s\u2019intensifient<\/strong> \u00e0 chaque guerre. Se radicalisent aussi. La r\u00e9ponse de l\u2019\u00c9tat est <a href=\"https:\/\/www.politis.fr\/articles\/2024\/04\/stop-a-la-criminalisation-du-soutien-a-la-palestine\/\" target=\"_blank\" rel=\"noreferrer noopener\">r\u00e9pressive<\/a>, les <a href=\"https:\/\/www.politis.fr\/articles\/2024\/09\/critique-israel-une-nouvelle-police-de-la-pensee\/\" target=\"_blank\" rel=\"noreferrer noopener\">accusations en antis\u00e9mitisme<\/a> fusent, confondant volontairement ce racisme sp\u00e9cifique \u00e0 l\u2019antisionisme, voire \u00e0 la simple critique de la politique isra\u00e9lienne. Les amalgames ont la belle vie.<\/p>\n<p>            <a href=\"https:\/\/www.politis.fr\/articles\/2023\/11\/antisionisme-et-antisemitisme-une-operation-politique-avortee\/\" target=\"_blank\" class=\" gt_sujet\" rel=\"noopener\"><\/p>\n<p>            <strong>Sur le m\u00eame sujet :<\/strong> Antisionisme et antis\u00e9mitisme, une op\u00e9ration politique avort\u00e9e<\/p>\n<p>    <\/a><\/p>\n<p>Il aura fallu attendre. Attendre que le Hamas, <a href=\"https:\/\/www.politis.fr\/dossiers\/7-octobre-lavant-et-lapres\/\" target=\"_blank\" rel=\"noreferrer noopener\">le 7\u00a0octobre 2023<\/a>, provoque une nouvelle guerre et plonge la Palestine dans la lumi\u00e8re m\u00e9diatique et politique. Emmanuel Macron se montre en retard d\u2019un train sur nombre de ses homologues. Sa reconnaissance de l\u2019\u00c9tat palestinien serait \u00ab\u00a0\u00e0 conditions\u00a0\u00bb\u00a0: lib\u00e9ration de tous les otages\u00a0; \u00e9viction totale du Hamas\u00a0; renouvellement de l\u2019Autorit\u00e9 palestinienne et reconnaissance d\u2019Isra\u00ebl par l\u2019ensemble des \u00c9tats arabes voisins \u2013 un non-sens vis-\u00e0-vis du droit international, un \u00c9tat souverain n\u2019existe sous aucune condition.<\/p>\n<p>Et apr\u00e8s\u00a0? Reste une \u00e9pineuse question\u00a0: la France, reconnaissant la Palestine, continuera-t-elle d\u2019aider militairement Isra\u00ebl\u00a0\u00e0 tuer les Palestiniens\u00a0?<\/p>\n<p>        <a href=\"https:\/\/www.politis.fr\/politis-fr-newsletter\/\" target=\"_blank\" class=\"gt_newsletter\" rel=\"noopener\"><\/p>\n<p>            Tout Politis dans votre bo\u00eete email avec <strong>nos newsletters !<\/strong><\/p>\n<p>    <\/a><\/p>\n","protected":false},"excerpt":{"rendered":"La derni\u00e8re fois qu\u2019un premier ministre fran\u00e7ais a eu un mot pour la Palestine, il \u00e9tait de droite.&hellip;\n","protected":false},"author":2,"featured_media":402560,"comment_status":"","ping_status":"","sticky":false,"template":"","format":"standard","meta":{"footnotes":""},"categories":[4],"tags":[11,1073,1011,27,3090,937,664,12,3521,3518,25],"class_list":{"0":"post-402559","1":"post","2":"type-post","3":"status-publish","4":"format-standard","5":"has-post-thumbnail","7":"category-france","8":"tag-actualites","9":"tag-emmanuel-macron","10":"tag-fr","11":"tag-france","12":"tag-francois-fillon","13":"tag-histoire","14":"tag-israel","15":"tag-news","16":"tag-onu","17":"tag-palestine","18":"tag-republique-francaise"},"share_on_mastodon":{"url":"https:\/\/pubeurope.com\/@fr\/115231485793896865","error":""},"_links":{"self":[{"href":"https:\/\/www.europesays.com\/fr\/wp-json\/wp\/v2\/posts\/402559","targetHints":{"allow":["GET"]}}],"collection":[{"href":"https:\/\/www.europesays.com\/fr\/wp-json\/wp\/v2\/posts"}],"about":[{"href":"https:\/\/www.europesays.com\/fr\/wp-json\/wp\/v2\/types\/post"}],"author":[{"embeddable":true,"href":"https:\/\/www.europesays.com\/fr\/wp-json\/wp\/v2\/users\/2"}],"replies":[{"embeddable":true,"href":"https:\/\/www.europesays.com\/fr\/wp-json\/wp\/v2\/comments?post=402559"}],"version-history":[{"count":0,"href":"https:\/\/www.europesays.com\/fr\/wp-json\/wp\/v2\/posts\/402559\/revisions"}],"wp:featuredmedia":[{"embeddable":true,"href":"https:\/\/www.europesays.com\/fr\/wp-json\/wp\/v2\/media\/402560"}],"wp:attachment":[{"href":"https:\/\/www.europesays.com\/fr\/wp-json\/wp\/v2\/media?parent=402559"}],"wp:term":[{"taxonomy":"category","embeddable":true,"href":"https:\/\/www.europesays.com\/fr\/wp-json\/wp\/v2\/categories?post=402559"},{"taxonomy":"post_tag","embeddable":true,"href":"https:\/\/www.europesays.com\/fr\/wp-json\/wp\/v2\/tags?post=402559"}],"curies":[{"name":"wp","href":"https:\/\/api.w.org\/{rel}","templated":true}]}}