{"id":402576,"date":"2025-09-19T14:52:15","date_gmt":"2025-09-19T14:52:15","guid":{"rendered":"https:\/\/www.europesays.com\/fr\/402576\/"},"modified":"2025-09-19T14:52:15","modified_gmt":"2025-09-19T14:52:15","slug":"vienne-lecrivain-michel-bussi-dedicace-ses-livres-dans-le-temple-dauguste-et-de-livie","status":"publish","type":"post","link":"https:\/\/www.europesays.com\/fr\/402576\/","title":{"rendered":"Vienne. L&rsquo;\u00e9crivain Michel Bussi d\u00e9dicace ses livres dans le Temple d&rsquo;Auguste et de Livie"},"content":{"rendered":"<p>Michel Bussi est un habitu\u00e9 de Vienne. Notamment du festival Sang d&rsquo;encre, o\u00f9 il est venu au moins \u00e0 quatre reprises. \u00ab\u00a0Mais les libraires me r\u00e9servent encore des surprises\u00a0\u00bb, appr\u00e9cie l&rsquo;\u00e9crivain prolixe, en d\u00e9dicace dans le prestigieux\u00a0 temple d&rsquo;Auguste et de Livie.<\/p>\n<p>L&rsquo;un des auteurs qui vend le plus de livres en France \u00e9change en toute simplicit\u00e9 avec les lecteurs, les \u00e9coute avec attention, leur demande leur avis sur son dernier roman, Les ombres du monde, s\u00e9lectionn\u00e9 pour le prix Renaudot.<\/p>\n<p>La file d&rsquo;attente n&rsquo;est pas tr\u00e8s impressionnante mais l&rsquo;heure, en plein milieu d&rsquo;apr\u00e8s-midi, n&rsquo;est peut-\u00eatre pas la plus propice. Les adeptes de Bussi ont jusqu&rsquo;\u00e0 18 h pour le rencontrer.<\/p>\n","protected":false},"excerpt":{"rendered":"Michel Bussi est un habitu\u00e9 de Vienne. Notamment du festival Sang d&rsquo;encre, o\u00f9 il est venu au moins&hellip;\n","protected":false},"author":2,"featured_media":402577,"comment_status":"","ping_status":"","sticky":false,"template":"","format":"standard","meta":{"footnotes":""},"categories":[1357],"tags":[1379,1687,58,111,59,1011,27,1380,2410,1584],"class_list":{"0":"post-402576","1":"post","2":"type-post","3":"status-publish","4":"format-standard","5":"has-post-thumbnail","7":"category-livres","8":"tag-books","9":"tag-culture-loisirs","10":"tag-divertissement","11":"tag-edition-vienne-roussillon","12":"tag-entertainment","13":"tag-fr","14":"tag-france","15":"tag-livres","16":"tag-livres-bd","17":"tag-vienne"},"share_on_mastodon":{"url":"https:\/\/pubeurope.com\/@fr\/115231532226637634","error":""},"_links":{"self":[{"href":"https:\/\/www.europesays.com\/fr\/wp-json\/wp\/v2\/posts\/402576","targetHints":{"allow":["GET"]}}],"collection":[{"href":"https:\/\/www.europesays.com\/fr\/wp-json\/wp\/v2\/posts"}],"about":[{"href":"https:\/\/www.europesays.com\/fr\/wp-json\/wp\/v2\/types\/post"}],"author":[{"embeddable":true,"href":"https:\/\/www.europesays.com\/fr\/wp-json\/wp\/v2\/users\/2"}],"replies":[{"embeddable":true,"href":"https:\/\/www.europesays.com\/fr\/wp-json\/wp\/v2\/comments?post=402576"}],"version-history":[{"count":0,"href":"https:\/\/www.europesays.com\/fr\/wp-json\/wp\/v2\/posts\/402576\/revisions"}],"wp:featuredmedia":[{"embeddable":true,"href":"https:\/\/www.europesays.com\/fr\/wp-json\/wp\/v2\/media\/402577"}],"wp:attachment":[{"href":"https:\/\/www.europesays.com\/fr\/wp-json\/wp\/v2\/media?parent=402576"}],"wp:term":[{"taxonomy":"category","embeddable":true,"href":"https:\/\/www.europesays.com\/fr\/wp-json\/wp\/v2\/categories?post=402576"},{"taxonomy":"post_tag","embeddable":true,"href":"https:\/\/www.europesays.com\/fr\/wp-json\/wp\/v2\/tags?post=402576"}],"curies":[{"name":"wp","href":"https:\/\/api.w.org\/{rel}","templated":true}]}}