{"id":402594,"date":"2025-09-19T15:02:10","date_gmt":"2025-09-19T15:02:10","guid":{"rendered":"https:\/\/www.europesays.com\/fr\/402594\/"},"modified":"2025-09-19T15:02:10","modified_gmt":"2025-09-19T15:02:10","slug":"ce-que-lon-sait-de-mahmoud-khader-abed-alias-hicham-harb-le-meneur-fantome-arrete-en-cisjordanie","status":"publish","type":"post","link":"https:\/\/www.europesays.com\/fr\/402594\/","title":{"rendered":"ce que l\u2019on sait de Mahmoud Khader Abed, alias Hicham Harb, le meneur fant\u00f4me arr\u00eat\u00e9 en Cisjordanie"},"content":{"rendered":"<p><strong>PORTRAIT &#8211;<\/strong> Le meneur pr\u00e9sum\u00e9 de l\u2019attentat de la rue des Rosiers a \u00e9t\u00e9 arr\u00eat\u00e9 par l\u2019Autorit\u00e9 palestinienne 43 ans apr\u00e8s les faits, et deux jours avant la reconnaissance officielle par la France d\u2019un \u00c9tat palestinien.<\/p>\n<p class=\"fig-paragraph\">De lui, on ne sait presque rien, hormis son nom. Mahmoud Khader Abed, alias Hicham Harb, est suspect\u00e9 d\u2019avoir men\u00e9 l\u2019\u00e9pouvantable\u00a0<a href=\"http:\/\/www.lefigaro.fr\/actualite-france\/attentat-de-la-rue-des-rosiers-il-y-a-43-ans-des-juifs-tues-a-paris-au-nom-de-la-palestine-20250824\" data-fig-type=\"Article\" data-gtm-custom-categorie=\"navigation\" data-gtm-custom-action=\"crossclick\" data-gtm-custom-label=\"Contextuel\" data-gtm-event=\"customEventSPE\" data-fig-domain=\"LEFIGARO\" target=\"_blank\" rel=\"noopener\">attentat de la rue des Rosiers<\/a>, le 9 ao\u00fbt 1982 \u00e0 Paris, qui a fait\u00a0<a href=\"https:\/\/www.lefigaro.fr\/actualite-france\/attentat-de-la-rue-des-rosiers-l-interminable-bras-de-fer-judiciaire-20231102\" data-fig-type=\"Article\" data-gtm-custom-categorie=\"navigation\" data-gtm-custom-action=\"crossclick\" data-gtm-custom-label=\"Contextuel\" data-gtm-event=\"customEventSPE\" data-fig-domain=\"LEFIGARO\" target=\"_blank\" rel=\"noopener\">six morts et 19 bless\u00e9s<\/a>\u00a0dans cette rue du quartier juif du Marais. Il fait partie des\u00a0<a href=\"http:\/\/www.lefigaro.fr\/actualite-france\/attentat-de-la-rue-des-rosiers-un-proces-ordonne-contre-six-personnes-20250731\" data-fig-type=\"NewsFlash\" data-gtm-custom-categorie=\"navigation\" data-gtm-custom-action=\"crossclick\" data-gtm-custom-label=\"Contextuel\" data-gtm-event=\"customEventSPE\" data-fig-domain=\"LEFIGARO\" target=\"_blank\" rel=\"noopener\">six hommes renvoy\u00e9s en juillet<\/a>\u00a0devant la cour d\u2019assises sp\u00e9ciales de Paris dans le cadre de l\u2019enqu\u00eate sur la plus ancienne affaire de terrorisme ouverte devant la justice.<\/p>\n<p class=\"fig-paragraph\">Cet attentat antis\u00e9mite, le plus grave qu\u2019avait alors connu la France depuis la Lib\u00e9ration, est longtemps rest\u00e9 nimb\u00e9 de myst\u00e8re. Mais 43 ans apr\u00e8s les faits, le terroriste a \u00e9t\u00e9 arr\u00eat\u00e9 par l\u2019Autorit\u00e9 palestinienne, deux jours avant la reconnaissance officielle par la France d\u2019un \u00c9tat palestinien. Son \u00abextradition rapide\u00bb, annonc\u00e9e par Emmanuel Macron dans la foul\u00e9e, ouvre la voie \u00e0 la comparution prochaine de cet homme de 70 ans. Il aura fallu 32 ans d\u2019enqu\u00eate pour identifier Mahmoud Khader Abed comme l\u2019un des membres du commando.<\/p>\n<p>                                    <a class=\"fig-a11y-skip a11y-hidden\" href=\"#fig-a11y-skip-main-inarticle\"><br \/>\n        Passer la publicit\u00e9<br \/>\n    <\/a><\/p>\n<p class=\"fig-paragraph\">Le juge Brug\u00e8re, en charge du dossier entre 1982 et 2007,<strong> soup\u00e7onne fortement le Fatah-Conseil r\u00e9volutionnaire d\u2019Abou Nidal, u<\/strong>n groupe palestinien dissident de l\u2019Organisation de lib\u00e9ration de la Palestine (OLP). Pour le reste, le magistrat pi\u00e9tine et l\u2019enqu\u00eate finit par s\u2019essouffler. Il faut attendre 2007 et sa reprise en main par le juge Marc Trevidic pour lui donner un nouvel \u00e9lan.<\/p>\n<p>T\u00e9moins 93 et 107<\/p>\n<p class=\"fig-paragraph\">Ce magistrat pugnace et ent\u00eat\u00e9 se lance pendant plusieurs ann\u00e9es dans une enqu\u00eate d\u2019\u00e9chelle plan\u00e9taire. En 2008, il parvient \u00e0 identifier deux anciens du Fatah-CR, dissous en 2002, qui acceptent de t\u00e9moigner anonymement. Ce sont ces deux hommes, connus sous le nom des t\u00e9moins 93 et 107, qui d\u00e9signent Mahmoud Khader Abed, r\u00e9sidant \u00e0 Ramallah en Cisjordanie, comme \u00abchef de groupe sur le terrain\u00bb.<\/p>\n<p class=\"fig-paragraph\">Hicham Harb sera aussi reconnu par l\u2019une des victimes, Guy Benarousse, \u00e2g\u00e9 de 16 ans le jour de l\u2019attentat. D\u2019apr\u00e8s son t\u00e9moignage, Mahmoud Khader Abed aurait tent\u00e9 de l\u2019abattre au moment de s\u2019enfuir avec ses complices. Le jeune homme est touch\u00e9 d\u2019une balle \u00e0 la jambe. Le visage de son agresseur reste grav\u00e9 dans sa m\u00e9moire. Des ann\u00e9es plus tard, il le d\u00e9signe sans h\u00e9sitation aux enqu\u00eateurs qui lui pr\u00e9sentent une s\u00e9rie de photographies.<\/p>\n<p class=\"fig-paragraph\">Si Mouhamad Souhair Al-Abassi, alias Amjad Atta, semble \u00eatre le v\u00e9ritable cerveau de l\u2019op\u00e9ration, Mahmoud Khader Abed en est le bras arm\u00e9 et, en quelque sorte, le num\u00e9ro 2. Les t\u00e9moins 93 et 107 affirment au juge Trevidic qu\u2019Hicham Harb fut d\u2019abord instructeur de tir dans les camps d\u2019entra\u00eenement syriens d\u2019Abou Nidal, avant de devenir responsable de l\u2019armement pour l\u2019Europe et l\u2019Asie. D\u00e9sign\u00e9 pour diriger le commando rue des Rosiers, il effectue avec Amjad Atta une reconnaissance sur place un mois avant le massacre. Les deux hommes se font passer pour des \u00e9tudiants.<\/p>\n<p>Vers une extradition en France\u00a0?<\/p>\n<p class=\"fig-paragraph\">L\u2019enqu\u00eate r\u00e9v\u00e8le \u00e9galement que c\u2019est Hicham Harb qui aurait r\u00e9cup\u00e9r\u00e9 les pistolets-mitrailleurs et les grenades dans une cache secr\u00e8te. Retrouv\u00e9s quelques jours apr\u00e8s le drame dans le bois de Boulogne, ces pistolets WZ-63 de fabrication polonaise seront la signature qui mettra les enqu\u00eateurs sur la piste du Fatah-CR, le groupe n\u2019ayant pas revendiqu\u00e9 l\u2019attentat. C\u2019est encore Mahmoud Khader Abed qui a d\u00e9sign\u00e9 la cible \u00e0 ses complices le 9 ao\u00fbt, leur a indiqu\u00e9 comment s\u2019enfuir et o\u00f9 se d\u00e9barrasser des armes.<\/p>\n<p>                                    <a class=\"fig-a11y-skip a11y-hidden\" href=\"#fig-a11y-skip-main-inarticle_mtf\"><br \/>\n        Passer la publicit\u00e9<br \/>\n    <\/a><\/p>\n<p class=\"fig-paragraph\">Le 20 f\u00e9vrier 2015, le juge Tr\u00e9vidic lance trois mandats d\u2019arr\u00eat internationaux visant les membres identifi\u00e9s du commando, dont Mahmoud Khader Abed. Mais son extradition se heurte pendant plus de 10 ans \u00e0 l\u2019Autorit\u00e9 palestinienne qui argue que son territoire n\u2019a pas le statut d\u2019\u00c9tat reconnu. Il est \u00abinextradable\u00bb, avait encore lanc\u00e9 le ministre de la Justice \u00c9ric Dupond-Moretti en 2022,\u00a0<a href=\"https:\/\/www.assemblee-nationale.fr\/dyn\/16\/comptes-rendus\/seance\/session-extraordinaire-de-2021-2022\/premiere-seance-du-mardi-02-aout-2022\" target=\"_blank\" rel=\"sponsored noopener\" data-gtm-custom-categorie=\"navigation\" data-gtm-custom-action=\"crossclick\" data-gtm-custom-label=\"Contextuel\" data-gtm-event=\"customEventSPE\">devant l\u2019Assembl\u00e9e nationale<\/a>.<\/p>\n<p class=\"fig-paragraph\">Son arrestation a \u00e9t\u00e9 annonc\u00e9e quelques jours avant la reconnaissance par la France d\u2019un \u00c9tat palestinien. Une r\u00e9compense indicible pour les avocats et repr\u00e9sentants des familles de victimes, apr\u00e8s plus de 40 ans d\u2019acharnement. \u00abIl a jou\u00e9 un r\u00f4le pr\u00e9pond\u00e9rant dans ce carnage, il doit \u00eatre jug\u00e9 en France\u00bb, souligne Yohan Taieb, porte-parole de victimes de l\u2019attentat, qui souligne le \u00absoulagement\u00bb de plusieurs familles. La date du proc\u00e8s n\u2019a pas encore \u00e9t\u00e9 communiqu\u00e9e. La comparution de Mahmoud Khader Abed n\u2019a pas non plus, pour l\u2019heure, \u00e9t\u00e9 confirm\u00e9e par la justice fran\u00e7aise.<\/p>\n","protected":false},"excerpt":{"rendered":"PORTRAIT &#8211; Le meneur pr\u00e9sum\u00e9 de l\u2019attentat de la rue des Rosiers a \u00e9t\u00e9 arr\u00eat\u00e9 par l\u2019Autorit\u00e9 palestinienne&hellip;\n","protected":false},"author":2,"featured_media":402595,"comment_status":"","ping_status":"","sticky":false,"template":"","format":"standard","meta":{"footnotes":""},"categories":[4],"tags":[11,5581,1011,27,12,25,53397],"class_list":{"0":"post-402594","1":"post","2":"type-post","3":"status-publish","4":"format-standard","5":"has-post-thumbnail","7":"category-france","8":"tag-actualites","9":"tag-attentat","10":"tag-fr","11":"tag-france","12":"tag-news","13":"tag-republique-francaise","14":"tag-rue-des-rosiers"},"share_on_mastodon":{"url":"https:\/\/pubeurope.com\/@fr\/115231571582538562","error":""},"_links":{"self":[{"href":"https:\/\/www.europesays.com\/fr\/wp-json\/wp\/v2\/posts\/402594","targetHints":{"allow":["GET"]}}],"collection":[{"href":"https:\/\/www.europesays.com\/fr\/wp-json\/wp\/v2\/posts"}],"about":[{"href":"https:\/\/www.europesays.com\/fr\/wp-json\/wp\/v2\/types\/post"}],"author":[{"embeddable":true,"href":"https:\/\/www.europesays.com\/fr\/wp-json\/wp\/v2\/users\/2"}],"replies":[{"embeddable":true,"href":"https:\/\/www.europesays.com\/fr\/wp-json\/wp\/v2\/comments?post=402594"}],"version-history":[{"count":0,"href":"https:\/\/www.europesays.com\/fr\/wp-json\/wp\/v2\/posts\/402594\/revisions"}],"wp:featuredmedia":[{"embeddable":true,"href":"https:\/\/www.europesays.com\/fr\/wp-json\/wp\/v2\/media\/402595"}],"wp:attachment":[{"href":"https:\/\/www.europesays.com\/fr\/wp-json\/wp\/v2\/media?parent=402594"}],"wp:term":[{"taxonomy":"category","embeddable":true,"href":"https:\/\/www.europesays.com\/fr\/wp-json\/wp\/v2\/categories?post=402594"},{"taxonomy":"post_tag","embeddable":true,"href":"https:\/\/www.europesays.com\/fr\/wp-json\/wp\/v2\/tags?post=402594"}],"curies":[{"name":"wp","href":"https:\/\/api.w.org\/{rel}","templated":true}]}}