{"id":402598,"date":"2025-09-19T15:04:11","date_gmt":"2025-09-19T15:04:11","guid":{"rendered":"https:\/\/www.europesays.com\/fr\/402598\/"},"modified":"2025-09-19T15:04:11","modified_gmt":"2025-09-19T15:04:11","slug":"saint-etienne-avec-la-cabane-la-cite-du-design-ouvre-les-portes-de-la-creation-aux-enfants","status":"publish","type":"post","link":"https:\/\/www.europesays.com\/fr\/402598\/","title":{"rendered":"Saint-\u00c9tienne. Avec La Cabane, la Cit\u00e9 du Design ouvre les portes de la cr\u00e9ation aux enfants"},"content":{"rendered":"<p>Nich\u00e9e au c\u0153ur de la Cit\u00e9 du design, La Cabane est un espace ludique de 350 m\u00b2 enti\u00e8rement con\u00e7u pour rendre le design accessible aux enfants d\u00e8s leur plus jeune \u00e2ge. Elle leur propose des ateliers en pratique autonome, des expositions et des animations, le tout en acc\u00e8s libre et gratuit.<\/p>\n<p>  Proposer aux enfants de jouer et de dessiner<\/p>\n<p>\u00c0 partir du samedi 20\u00a0septembre \u00e0 14\u00a0heures, les visiteurs pourront d\u00e9couvrir la premi\u00e8re expo atelier, Utopop, qui les invitera \u00e0 b\u00e2tir des constructions \u00e0 partir de livres pop-up g\u00e9ants mais \u00e9galement plusieurs autres animations.<\/p>\n<p>Parmi elles, La Fabrique, une sculpture atelier, proposera aux enfants de jouer et de dessiner alors que l\u2019exposition Into the wool leur permettra d\u2019explorer la fili\u00e8re des laines oubli\u00e9es et de s\u2019initier au feutrage.<\/p>\n<p>  Une offre cibl\u00e9e pour les tout-petits de moins de 3 ans<\/p>\n<p>Avec La Cabane, la Cit\u00e9 du design s\u2019est dot\u00e9e d\u2019un espace stimulant o\u00f9 les enfants et leurs familles peuvent explorer le design dans une ambiance bienveillante. Cette nouvelle configuration favorise d\u2019ailleurs l\u2019accueil des classes de maternelle en dehors des heures d\u2019ouverture et une offre cibl\u00e9e pour les tout-petits de moins de 3 ans.<\/p>\n<p>Une nouvelle salle p\u00e9dagogique est \u00e9galement destin\u00e9e aux groupes scolaires.<\/p>\n<p>L\u2019ouverture de la Cabane s\u2019inscrit dans le cadre de la transformation du site de la Cit\u00e9 du design qui vise \u00e0 cr\u00e9er un quartier d\u00e9di\u00e9 \u00e0 la cr\u00e9ation et \u00e0 l\u2019exp\u00e9rimentation.<\/p>\n<p>Rappelons que d\u2019autres chantiers sont en cours au rang desquels <a href=\"https:\/\/www.leprogres.fr\/encadres\/2024\/12\/30\/en-2025-le-design-sera-mis-a-l-honneur-a-saint-etienne\" target=\"_blank\" rel=\"nofollow noopener\">l\u2019am\u00e9nagement de la Galerie nationale du design<\/a> qui devrait se terminer au d\u00e9but 2026 pour une ouverture au public en juin\u00a0de la m\u00eame ann\u00e9e.<\/p>\n<p class=\"note\">La Cabane, 5 rue Javelin-Pagnon \u00e0 Saint-\u00c9tienne. Horaires\u00a0: mardi, jeudi et vendredi de 16\u00a0\u00e0 18\u00a0heures. Mercredi, samedi et dimanche de 14 \u00e0 18\u00a0heures. Entr\u00e9e libre et gratuite d\u00e8s 3 ans. Les enfants doivent \u00eatre accompagn\u00e9s d\u2019un adulte. Accueil de groupes (scolaires et p\u00e9riscolaires) sur r\u00e9servation au 04.77.33.33.99.<\/p>\n","protected":false},"excerpt":{"rendered":"Nich\u00e9e au c\u0153ur de la Cit\u00e9 du design, La Cabane est un espace ludique de 350 m\u00b2 enti\u00e8rement&hellip;\n","protected":false},"author":2,"featured_media":402599,"comment_status":"","ping_status":"","sticky":false,"template":"","format":"standard","meta":{"footnotes":""},"categories":[9653],"tags":[1111,11,2430,1687,7539,1777,674,2271,1011,27,12,25,4001,7538],"class_list":{"0":"post-402598","1":"post","2":"type-post","3":"status-publish","4":"format-standard","5":"has-post-thumbnail","7":"category-saint-etienne","8":"tag-actu","9":"tag-actualites","10":"tag-auvergne-rhone-alpes","11":"tag-culture-loisirs","12":"tag-edition-loire-sud","13":"tag-eu","14":"tag-europe","15":"tag-exposition-arts-plastiques","16":"tag-fr","17":"tag-france","18":"tag-news","19":"tag-republique-francaise","20":"tag-saint-etienne","21":"tag-saint-etienne-ville"},"share_on_mastodon":{"url":"https:\/\/pubeurope.com\/@fr\/115231579524841669","error":""},"_links":{"self":[{"href":"https:\/\/www.europesays.com\/fr\/wp-json\/wp\/v2\/posts\/402598","targetHints":{"allow":["GET"]}}],"collection":[{"href":"https:\/\/www.europesays.com\/fr\/wp-json\/wp\/v2\/posts"}],"about":[{"href":"https:\/\/www.europesays.com\/fr\/wp-json\/wp\/v2\/types\/post"}],"author":[{"embeddable":true,"href":"https:\/\/www.europesays.com\/fr\/wp-json\/wp\/v2\/users\/2"}],"replies":[{"embeddable":true,"href":"https:\/\/www.europesays.com\/fr\/wp-json\/wp\/v2\/comments?post=402598"}],"version-history":[{"count":0,"href":"https:\/\/www.europesays.com\/fr\/wp-json\/wp\/v2\/posts\/402598\/revisions"}],"wp:featuredmedia":[{"embeddable":true,"href":"https:\/\/www.europesays.com\/fr\/wp-json\/wp\/v2\/media\/402599"}],"wp:attachment":[{"href":"https:\/\/www.europesays.com\/fr\/wp-json\/wp\/v2\/media?parent=402598"}],"wp:term":[{"taxonomy":"category","embeddable":true,"href":"https:\/\/www.europesays.com\/fr\/wp-json\/wp\/v2\/categories?post=402598"},{"taxonomy":"post_tag","embeddable":true,"href":"https:\/\/www.europesays.com\/fr\/wp-json\/wp\/v2\/tags?post=402598"}],"curies":[{"name":"wp","href":"https:\/\/api.w.org\/{rel}","templated":true}]}}