{"id":402612,"date":"2025-09-19T15:11:09","date_gmt":"2025-09-19T15:11:09","guid":{"rendered":"https:\/\/www.europesays.com\/fr\/402612\/"},"modified":"2025-09-19T15:11:09","modified_gmt":"2025-09-19T15:11:09","slug":"les-sorties-a-ne-pas-manquer-a-montpellier-les-20-et-21-septembre","status":"publish","type":"post","link":"https:\/\/www.europesays.com\/fr\/402612\/","title":{"rendered":"les sorties \u00e0 ne pas manquer \u00e0 Montpellier les 20 et 21 septembre"},"content":{"rendered":"<p>            Par<br \/>\n        <strong><br \/>\n            <a href=\"https:\/\/actu.fr\/auteur\/lea-pippinato\" title=\"Consulter tous les articles de L\u00e9a Pippinato\" rel=\"nofollow noopener\" target=\"_blank\">L\u00e9a Pippinato<\/a><br \/>\n        <\/strong><\/p>\n<p>        Publi\u00e9 le<\/p>\n<p>            19 sept. 2025 \u00e0 16h37        <\/p>\n<p>Imagine : danser sur Bon Entendeur au c\u0153ur d\u2019un h\u00f4pital, partager un brunch musical au bord de l\u2019eau, rire d\u2019un couple catapult\u00e9 au Moyen-\u00c2ge ou \u00e9couter Stravinsky dans un parc. <strong>Ces samedi 20 et dimanche 21 septembre 2025<\/strong>, le d\u00e9partement fourmille d\u2019exp\u00e9riences uniques.<\/p>\n<p>Une ferme urbaine transform\u00e9e en salle de concert<\/p>\n<p class=\" wall-content\"><strong>Le samedi soir<\/strong>, l\u2019Oasis Citadine ferme sa saison \u00ab\u00a0Oasis en acoustik.\u00a0\u00bb Depuis trois ans, cette ferme urbaine nich\u00e9e derri\u00e8re le ch\u00e2teau de Flaugergues m\u00eale musique et engagement \u00e9cologique. Le public y retrouve la fra\u00eecheur d\u2019un jardin, loin des salles bruyantes et des terrasses bond\u00e9es.<\/p>\n<p>    <a href=\"https:\/\/www.google.com\/maps\/embed?pb=!1m18!1m12!1m3!1d11560.434415225096!2d3.8535167999999995!3d43.58345415!2m3!1f0!2f0!3f0!3m2!1i1024!2i768!4f13.1!3m3!1m2!1s0x12b6a59d1e8344ad%3A0x94e122ae90300b61!2sCh%C3%A2teau%20De%20Flaugergues!5e0!3m2!1sfr!2sfr!4v1758197551076!5m2!1sfr!2sfr\" title=\"Ouvrie le lien\" rel=\"nofollow noopener\" target=\"_blank\">Cliquez ici pour visualiser le contenu<\/a><\/p>\n<p class=\" wall-content\">Pour cette derni\u00e8re, deux voix f\u00e9minines se croisent. Sarah Amiel d\u00e9ploie une \u00e9criture fine et musicale. Sa guitare ou son violoncelle tissent des chansons en fran\u00e7ais, minimalistes mais profondes. Face \u00e0 elle, Chamarr\u00e9e. Son nom dit d\u00e9j\u00e0 la couleur : une pop-folk bigarr\u00e9e qui traverse l\u2019amour, le doute mais aussi l\u2019espoir.<\/p>\n<p class=\" wall-content\"><a href=\"https:\/\/www.instagram.com\/p\/DOMPdfuglvC\/embed\" title=\"Ouvrir le lien sur Instagram\" rel=\"nofollow noopener\" target=\"_blank\">Visualiser le contenu sur Instagram<\/a><\/p>\n<p class=\" wall-content\">Les portes ouvrent \u00e0 17h, avec visite guid\u00e9e de la ferme et bar associatif. Le concert d\u00e9marre \u00e0 19h30. La contribution reste libre : <a href=\"https:\/\/www.helloasso.com\/associations\/oasis-citadine\/evenements\/l-oasis-en-acoustique-20-septembre-2025\" rel=\"nofollow noopener\" target=\"_blank\">5, 8 ou 10 euros selon ton envie<\/a>. Chaque billet donne droit \u00e0 l\u2019adh\u00e9sion au bar de l\u2019Oasis.<\/p>\n<p>Bon Entendeur et Yuksek en plein c\u0153ur du CHU<\/p>\n<p class=\" wall-content\">Changement total d\u2019ambiance une dizaine de kilom\u00e8tres plus loin. Toujours samedi, d\u00e8s 15h, le parvis de la Colombi\u00e8re se couvre de platines et de c\u00e2bles. Bon Entendeur et Yuksek, deux figures de l\u2019\u00e9lectro fran\u00e7aise, prennent les commandes pour un open air hors normes.<\/p>\n<p>Vid\u00e9os : en ce moment sur Actu<br \/>\n    <a href=\"https:\/\/www.google.com\/maps\/embed?pb=!1m18!1m12!1m3!1d2888.0446145716587!2d3.8544794260477353!3d43.626430354162004!2m3!1f0!2f0!3f0!3m2!1i1024!2i768!4f13.1!3m3!1m2!1s0x12b6aee701cfe419%3A0x35c7eaee98b0fde0!2sCHU!5e0!3m2!1sfr!2sfr!4v1758198252479!5m2!1sfr!2sfr\" title=\"Ouvrie le lien\" rel=\"nofollow noopener\" target=\"_blank\">Cliquez ici pour visualiser le contenu<\/a><\/p>\n<p class=\" wall-content\">Cette troisi\u00e8me \u00e9dition, imagin\u00e9e par le collectif des Mix Insolites et soutenue par le CHU, marie f\u00eate et solidarit\u00e9. Les patients eux-m\u00eames ont particip\u00e9 \u00e0 la sc\u00e9nographie, fabriquant des structures color\u00e9es et suspendues, visibles derri\u00e8re la sc\u00e8ne. Une partie des b\u00e9n\u00e9fices financera le Fonds Guilhem, qui am\u00e9liore le quotidien des soignants et des malades. <strong>De 15h \u00e0 22h<\/strong>, la f\u00eate battra son plein avec aussi les DJs montpelli\u00e9rains Attalin et Sandii, fondateurs des Mix Insolites. Pour les infatigables, l\u2019after d\u00e9marre \u00e0 23h au Boum Boum, rue d\u2019Alger. <a href=\"https:\/\/xceed.me\/fr\/montpellier\/event\/bon-entendeur-yuksek-open-air-parvis-de-la-colombiere-montpellier-2--187925\" rel=\"nofollow noopener\" target=\"_blank\">Tarifs<\/a> : gratuit pour les moins de 10 ans, r\u00e9duit pour les moins de 15 ans et prix sp\u00e9cifiques pour les soignants.<\/p>\n<p>Votre r\u00e9gion, votre actu !<\/p>\n<p>Recevez chaque jour les infos qui comptent pour vous.<\/p>\n<p>\t<a href=\"https:\/\/actu.fr\/newsletter\" class=\"ac-btn ac-btn--corner ac-btn--medium ac-btn--blue800\" rel=\"nofollow noopener\" target=\"_blank\">S&rsquo;incrire<\/a><br \/>\nBrunch acoustique au French Kiss<\/p>\n<p class=\" wall-content\">Le dimanche 21 septembre \u00e0 midi, cap sur le quartier de la gare \u00e0 Montpellier. Le French Kiss, bar nich\u00e9 dans l\u2019H\u00f4tel Eklo, rue Jules Ferry, inaugure son nouvel \u00e9v\u00e9nement mensuel : le Brunch Acoustique. Un moment musical et convivial autour d\u2019un brunch gourmand, accompagn\u00e9 d\u2019un artiste s\u00e9lectionn\u00e9 pour l\u2019occasion. Apr\u00e8s une premi\u00e8re \u00e9dition r\u00e9ussie en juillet, le rendez-vous devient d\u00e9sormais mensuel. Les entr\u00e9es au brunch acoustique sont r\u00e9serv\u00e9es aux clients participant au brunch du French Kiss. R\u00e9servations : <strong>04.11.93.20.21<\/strong> \u2013 <a href=\"https:\/\/www.frenchkiss.fr\/reservation-montpellier\" rel=\"nofollow noopener\" target=\"_blank\">www.frenchkiss.fr<\/a><\/p>\n<p>Le couple revisit\u00e9 au fil des si\u00e8cles<\/p>\n<p class=\" wall-content\">Si tu pr\u00e9f\u00e8res rire, cap sur le Th\u00e9\u00e2tre Od\u00e9on \u00e0 Montpellier dimanche soir. \u00c0 18h, \u00ab\u00a0La folle histoire du couple\u00a0\u00bb interroge la vie \u00e0 deux. Les disputes changent-elles quand on vit au Moyen-\u00c2ge ? La belle-m\u00e8re devient-elle plus douce sous l\u2019Antiquit\u00e9 ? Les auteurs Fabrice Blind et Bertrand Fournel revisitent ces questions avec un humour d\u00e9capant. Sur sc\u00e8ne, Beno\u00eet Labannierre et Caroline R\u00e9ali incarnent un couple projet\u00e9 d\u2019\u00e9poque en \u00e9poque. Une heure quinze de th\u00e9\u00e2tre comique, <a href=\"https:\/\/www.billetweb.fr\/la-folle-histoire-du-couple14?src=wp&amp;session=11573842\" rel=\"nofollow noopener\" target=\"_blank\">billets \u00e0 partir de 20 euros<\/a>.<\/p>\n<p class=\" wall-content\">\n<p>La musique classique hors les murs<\/p>\n<p class=\" wall-content\">Enfin, l\u2019Orchestre national de Montpellier sort de ses murs <strong>le samedi 20 septembre<\/strong>. Dans les parcs, les jardins et m\u00eame les maisons pour tous, les musiciens offriront un programme riche : Bart\u00f3k, Stravinsky, Sibelius ou Dvo\u0159\u00e1k. Ces concerts gratuits rapprochent l\u2019orchestre de son public. Les notes se m\u00ealent aux conversations, les familles s\u2019installent sur l\u2019herbe, et la musique s\u2019invite dans le quotidien.<\/p>\n<p class=\" wall-content\">Personnalisez votre actualit\u00e9 en ajoutant vos villes et m\u00e9dias en favori avec <a href=\"https:\/\/moncompte.actu.fr\" title=\"D\u00e9couvez Mon Actu\" rel=\"nofollow noopener\" data-trk=\"{&quot;cta&quot;:{&quot;action&quot;:&quot;https:\\\/\\\/moncompte.actu.fr&quot;,&quot;category&quot;:&quot;mon compte&quot;,&quot;from&quot;:&quot;article footer&quot;,&quot;name&quot;:&quot;Mon actu&quot;,&quot;type&quot;:&quot;cta&quot;}}\" target=\"_blank\">Mon Actu<\/a>.<\/p>\n<p>                    <script async src=\"\/\/www.instagram.com\/embed.js\"><\/script><\/p>\n","protected":false},"excerpt":{"rendered":"Par L\u00e9a Pippinato Publi\u00e9 le 19 sept. 2025 \u00e0 16h37 Imagine : danser sur Bon Entendeur au c\u0153ur&hellip;\n","protected":false},"author":2,"featured_media":402613,"comment_status":"","ping_status":"","sticky":false,"template":"","format":"standard","meta":{"footnotes":""},"categories":[9599],"tags":[1111,11,1697,1777,674,1011,27,1652,2208,873,12,2680,25,853],"class_list":{"0":"post-402612","1":"post","2":"type-post","3":"status-publish","4":"format-standard","5":"has-post-thumbnail","7":"category-montpellier","8":"tag-actu","9":"tag-actualites","10":"tag-concert","11":"tag-eu","12":"tag-europe","13":"tag-fr","14":"tag-france","15":"tag-loisirs-culture","16":"tag-montpellier","17":"tag-musique","18":"tag-news","19":"tag-occitanie","20":"tag-republique-francaise","21":"tag-spectacles"},"share_on_mastodon":{"url":"https:\/\/pubeurope.com\/@fr\/115231607042711128","error":""},"_links":{"self":[{"href":"https:\/\/www.europesays.com\/fr\/wp-json\/wp\/v2\/posts\/402612","targetHints":{"allow":["GET"]}}],"collection":[{"href":"https:\/\/www.europesays.com\/fr\/wp-json\/wp\/v2\/posts"}],"about":[{"href":"https:\/\/www.europesays.com\/fr\/wp-json\/wp\/v2\/types\/post"}],"author":[{"embeddable":true,"href":"https:\/\/www.europesays.com\/fr\/wp-json\/wp\/v2\/users\/2"}],"replies":[{"embeddable":true,"href":"https:\/\/www.europesays.com\/fr\/wp-json\/wp\/v2\/comments?post=402612"}],"version-history":[{"count":0,"href":"https:\/\/www.europesays.com\/fr\/wp-json\/wp\/v2\/posts\/402612\/revisions"}],"wp:featuredmedia":[{"embeddable":true,"href":"https:\/\/www.europesays.com\/fr\/wp-json\/wp\/v2\/media\/402613"}],"wp:attachment":[{"href":"https:\/\/www.europesays.com\/fr\/wp-json\/wp\/v2\/media?parent=402612"}],"wp:term":[{"taxonomy":"category","embeddable":true,"href":"https:\/\/www.europesays.com\/fr\/wp-json\/wp\/v2\/categories?post=402612"},{"taxonomy":"post_tag","embeddable":true,"href":"https:\/\/www.europesays.com\/fr\/wp-json\/wp\/v2\/tags?post=402612"}],"curies":[{"name":"wp","href":"https:\/\/api.w.org\/{rel}","templated":true}]}}