{"id":402626,"date":"2025-09-19T15:19:13","date_gmt":"2025-09-19T15:19:13","guid":{"rendered":"https:\/\/www.europesays.com\/fr\/402626\/"},"modified":"2025-09-19T15:19:13","modified_gmt":"2025-09-19T15:19:13","slug":"decouvrez-les-premieres-images-avant-son-ouverture-a-koenigshoffen","status":"publish","type":"post","link":"https:\/\/www.europesays.com\/fr\/402626\/","title":{"rendered":"d\u00e9couvrez les premi\u00e8res images avant son ouverture \u00e0 Koenigshoffen"},"content":{"rendered":"<p>Par Toutatis\u00a0! <a href=\"https:\/\/www.dna.fr\/environnement\/2024\/12\/02\/un-nouveau-parc-paysager-a-l-entree-de-la-ville\" target=\"_blank\" rel=\"noopener\">Le nouveau parc des Romains<\/a> ouvrira ses portes \u00e0 l\u2019entr\u00e9e de Koenigshoffen ce samedi 20\u00a0septembre.<\/p>\n<p>Ce qu&rsquo;en pensent les riverains \u00a0? Parmi les premiers \u00e0 s\u2019approcher du nouvel \u00e9quipement ce vendredi, Sandra appr\u00e9cie \u00ab\u00a0ce nouvel espace vert, joli, avec une piste cycliste s\u00e9curis\u00e9e\u00a0\u00bb. 438 nouveaux arbres de 82 essences diff\u00e9rentes agr\u00e9mentent les 5,5 hectares de cet espace \u00e0 l\u2019entr\u00e9e ouest de Strasbourg, le long de la M35.<\/p>\n<p>Surtout, <a href=\"https:\/\/www.dna.fr\/environnement\/2024\/12\/02\/un-nouveau-parc-paysager-a-l-entree-de-la-ville\" target=\"_blank\" rel=\"noopener\">le parc accueille une aire de jeux de 1\u00a0500 m2\u00a0 pour enfants sur le th\u00e8me des Romains\u00a0qui\u00a0rappelle\u00a0le\u00a0pass\u00e9\u00a0de\u00a0la\u00a0ville<\/a> \u00a0: \u00ab\u00a0C\u2019est la plus grande aire de jeux de Strasbourg, qui reprend le th\u00e8me de l\u2019oppidum (un camp fortifi\u00e9 des Romains, N.D.L.R.)\u00a0\u00bb, indique Suzanne Brolly, adjointe en charge de la ville r\u00e9siliente, \u00e0 propos de cette structure construite par la soci\u00e9t\u00e9 Kompan. \u00ab\u00a0Il n\u2019y avait pas eu de cr\u00e9ation de nouveau parc depuis le parc du Heyritz il y a dix ans. Les quartiers ouest sont moins pourvus en parcs que l\u2019est de la ville.\u00a0\u00bb Les 4,5\u00a0millions d\u2019euros n\u00e9cessaires \u00e0 ce projet ont \u00e9t\u00e9 pris en charge par la Ville et l\u2019EMS.<\/p>\n<p>  Avec le pavillon des Jeux olympiques 2024<\/p>\n<p>Le parc accueille \u00e9galement le <a href=\"https:\/\/www.dna.fr\/jeux-olympiques\/2024\/10\/15\/un-pavillon-des-jo-bientot-implante-au-parc-des-romains\" target=\"_blank\" rel=\"noopener\">pavillon des Jeux Olympiques Paris 2024<\/a> , des tables de pique-nique, des barbecues, une fontaine \u00e0 eau, plusieurs terrains de sport (basket, volley, foot, agr\u00e8s de fitness, tennis de table, jeux d\u2019\u00e9checs, aire de v\u00e9lo pour enfants), ainsi qu\u2019une aire d\u2019\u00e9bats pour chiens et des toilettes publiques cr\u00e9\u00e9es \u00e0 la demande des riverains.<\/p>\n<p>Pour c\u00e9l\u00e9brer l\u2019ouverture, une grande f\u00eate d\u2019inauguration est pr\u00e9vue ce samedi 20\u00a0septembre.\u00a0Au programme\u00a0: balade arch\u00e9ologique, d\u00e9couverte de la nature et du parc, rencontre des acteurs du quartier, spectacles musicaux, restauration et buvette.<\/p>\n<p class=\"note\">Samedi 20\u00a0septembre de 10\u00a0h\u00a030 \u00e0 17\u00a0h, \u00e0 l\u2019entr\u00e9e de la route des Romains.<\/p>\n","protected":false},"excerpt":{"rendered":"Par Toutatis\u00a0! Le nouveau parc des Romains ouvrira ses portes \u00e0 l\u2019entr\u00e9e de Koenigshoffen ce samedi 20\u00a0septembre. Ce&hellip;\n","protected":false},"author":2,"featured_media":402627,"comment_status":"","ping_status":"","sticky":false,"template":"","format":"standard","meta":{"footnotes":""},"categories":[2820],"tags":[1111,11,2649,1687,2880,1777,674,3326,107,1011,27,775,12,25,640,2879],"class_list":{"0":"post-402626","1":"post","2":"type-post","3":"status-publish","4":"format-standard","5":"has-post-thumbnail","7":"category-strasbourg","8":"tag-actu","9":"tag-actualites","10":"tag-bas-rhin","11":"tag-culture-loisirs","12":"tag-edition-strasbourg","13":"tag-eu","14":"tag-europe","15":"tag-fete-locale","16":"tag-fil-info","17":"tag-fr","18":"tag-france","19":"tag-grand-est","20":"tag-news","21":"tag-republique-francaise","22":"tag-strasbourg","23":"tag-strasbourg-ville"},"share_on_mastodon":{"url":"https:\/\/pubeurope.com\/@fr\/115231638538321167","error":""},"_links":{"self":[{"href":"https:\/\/www.europesays.com\/fr\/wp-json\/wp\/v2\/posts\/402626","targetHints":{"allow":["GET"]}}],"collection":[{"href":"https:\/\/www.europesays.com\/fr\/wp-json\/wp\/v2\/posts"}],"about":[{"href":"https:\/\/www.europesays.com\/fr\/wp-json\/wp\/v2\/types\/post"}],"author":[{"embeddable":true,"href":"https:\/\/www.europesays.com\/fr\/wp-json\/wp\/v2\/users\/2"}],"replies":[{"embeddable":true,"href":"https:\/\/www.europesays.com\/fr\/wp-json\/wp\/v2\/comments?post=402626"}],"version-history":[{"count":0,"href":"https:\/\/www.europesays.com\/fr\/wp-json\/wp\/v2\/posts\/402626\/revisions"}],"wp:featuredmedia":[{"embeddable":true,"href":"https:\/\/www.europesays.com\/fr\/wp-json\/wp\/v2\/media\/402627"}],"wp:attachment":[{"href":"https:\/\/www.europesays.com\/fr\/wp-json\/wp\/v2\/media?parent=402626"}],"wp:term":[{"taxonomy":"category","embeddable":true,"href":"https:\/\/www.europesays.com\/fr\/wp-json\/wp\/v2\/categories?post=402626"},{"taxonomy":"post_tag","embeddable":true,"href":"https:\/\/www.europesays.com\/fr\/wp-json\/wp\/v2\/tags?post=402626"}],"curies":[{"name":"wp","href":"https:\/\/api.w.org\/{rel}","templated":true}]}}