{"id":402632,"date":"2025-09-19T15:23:30","date_gmt":"2025-09-19T15:23:30","guid":{"rendered":"https:\/\/www.europesays.com\/fr\/402632\/"},"modified":"2025-09-19T15:23:30","modified_gmt":"2025-09-19T15:23:30","slug":"des-tags-menacants-sur-les-murs-de-nantes-universite-nettoyes-pendant-la-nuit","status":"publish","type":"post","link":"https:\/\/www.europesays.com\/fr\/402632\/","title":{"rendered":"Des tags mena\u00e7ants sur les murs de Nantes universit\u00e9, nettoy\u00e9s pendant la nuit"},"content":{"rendered":"<p>Dans la nuit de ce jeudi\u00a018 au vendredi 19\u00a0septembre, plusieurs b\u00e2timents du campus Tertre de <a href=\"https:\/\/nantes.maville.com\/info\/info-locale\/\" target=\"_self\" rel=\"noopener\">Nantes<\/a> universit\u00e9 ont \u00e9t\u00e9 couverts de tags. <strong>\u00ab\u00a0Un groupe de 30 \u00e0 50\u00a0personnes s\u2019est introduit sur le campus, la situation s\u2019est d\u00e9grad\u00e9e au fil de la nuit<\/strong>, indique Carine Bernault, la pr\u00e9sidente de Nantes universit\u00e9. <strong>Malgr\u00e9 l\u2019implication des services et la vigilance de l\u2019\u00e9tablissement, ces d\u00e9gradations n\u2019ont pas pu \u00eatre \u00e9vit\u00e9es.\u00a0\u00bb<\/strong><\/p>\n<p>Une plainte d\u00e9pos\u00e9e<\/p>\n<p>Certains de ces tags visaient de fa\u00e7on mena\u00e7ante le Premier ministre, S\u00e9bastien Lecornu, et le pr\u00e9sident de la R\u00e9publique, Emmanuel Macron. D\u2019autres comportaient des propos <strong>\u00ab\u00a0insultants et mena\u00e7ants \u00e0 l\u2019\u00e9gard d\u2019\u00e9tudiants\u00a0\u00bb<\/strong>, poursuit la pr\u00e9sidente, qui condamne fermement<strong>\u00a0<a href=\"https:\/\/nantes.maville.com\/actu\/actudet_-degradations-et-tags-haineux-apres-une-fete-sur-le-campus-une-plainte-a-ete-deposee-_8-6673460_actu.Htm\" target=\"_self\" rel=\"noopener\">\u00ab\u00a0cette nouvelle attaque\u00a0\u00bb<\/a> <\/strong>. <strong>\u00ab\u00a0Ce m\u00e9pris est intol\u00e9rable.\u00a0\u00bb<\/strong>.<\/p>\n<p>Gr\u00e2ce \u00e0 la mobilisation des \u00e9quipes pendant la nuit pour proc\u00e9der au nettoyage, les activit\u00e9s du campus ont pu reprendre dans les conditions habituelles ce vendredi matin. Une plainte a \u00e9galement \u00e9t\u00e9 d\u00e9pos\u00e9e.<\/p>\n<p>\u00a0<\/p>\n","protected":false},"excerpt":{"rendered":"Dans la nuit de ce jeudi\u00a018 au vendredi 19\u00a0septembre, plusieurs b\u00e2timents du campus Tertre de Nantes universit\u00e9 ont&hellip;\n","protected":false},"author":2,"featured_media":402633,"comment_status":"","ping_status":"","sticky":false,"template":"","format":"standard","meta":{"footnotes":""},"categories":[2818],"tags":[1111,11,1777,674,1011,27,2047,53398,18257,766,53399,12,293,2636,25,21890,5768],"class_list":{"0":"post-402632","1":"post","2":"type-post","3":"status-publish","4":"format-standard","5":"has-post-thumbnail","7":"category-nantes","8":"tag-actu","9":"tag-actualites","10":"tag-eu","11":"tag-europe","12":"tag-fr","13":"tag-france","14":"tag-mans","15":"tag-menacants","16":"tag-murs","17":"tag-nantes","18":"tag-nettoyes","19":"tag-news","20":"tag-nuit","21":"tag-pays-de-la-loire","22":"tag-republique-francaise","23":"tag-tags","24":"tag-universite"},"share_on_mastodon":{"url":"https:\/\/pubeurope.com\/@fr\/115231654264371401","error":""},"_links":{"self":[{"href":"https:\/\/www.europesays.com\/fr\/wp-json\/wp\/v2\/posts\/402632","targetHints":{"allow":["GET"]}}],"collection":[{"href":"https:\/\/www.europesays.com\/fr\/wp-json\/wp\/v2\/posts"}],"about":[{"href":"https:\/\/www.europesays.com\/fr\/wp-json\/wp\/v2\/types\/post"}],"author":[{"embeddable":true,"href":"https:\/\/www.europesays.com\/fr\/wp-json\/wp\/v2\/users\/2"}],"replies":[{"embeddable":true,"href":"https:\/\/www.europesays.com\/fr\/wp-json\/wp\/v2\/comments?post=402632"}],"version-history":[{"count":0,"href":"https:\/\/www.europesays.com\/fr\/wp-json\/wp\/v2\/posts\/402632\/revisions"}],"wp:featuredmedia":[{"embeddable":true,"href":"https:\/\/www.europesays.com\/fr\/wp-json\/wp\/v2\/media\/402633"}],"wp:attachment":[{"href":"https:\/\/www.europesays.com\/fr\/wp-json\/wp\/v2\/media?parent=402632"}],"wp:term":[{"taxonomy":"category","embeddable":true,"href":"https:\/\/www.europesays.com\/fr\/wp-json\/wp\/v2\/categories?post=402632"},{"taxonomy":"post_tag","embeddable":true,"href":"https:\/\/www.europesays.com\/fr\/wp-json\/wp\/v2\/tags?post=402632"}],"curies":[{"name":"wp","href":"https:\/\/api.w.org\/{rel}","templated":true}]}}