{"id":402638,"date":"2025-09-19T15:26:16","date_gmt":"2025-09-19T15:26:16","guid":{"rendered":"https:\/\/www.europesays.com\/fr\/402638\/"},"modified":"2025-09-19T15:26:16","modified_gmt":"2025-09-19T15:26:16","slug":"a-la-decouverte-de-la-fontaine-de-lhotel-des-douanes-un-joyau-cache-au-fond-dune-cour","status":"publish","type":"post","link":"https:\/\/www.europesays.com\/fr\/402638\/","title":{"rendered":"A la d\u00e9couverte de la fontaine de l\u2019H\u00f4tel des douanes, un joyau cach\u00e9 au fond d\u2019une cour"},"content":{"rendered":"<p>C\u2019est un joyau cach\u00e9 qui vient de retrouver toute sa splendeur. Pour les <a href=\"https:\/\/www.20minutes.fr\/arts-stars\/culture\/4173811-20250918-journees-patrimoine-2025-visites-activites-manquer-bordeaux\" class=\"c-link c-link--is-underlined\" target=\"_blank\" rel=\"noopener\">Journ\u00e9es du patrimoine<\/a>, un <a href=\"https:\/\/www.20minutes.fr\/dossier\/monument\" class=\"c-link c-link--is-underlined\" target=\"_blank\" rel=\"noopener\">monument<\/a> qui se trouve d\u2019ordinaire \u00e0 l\u2019abri des regards, puisqu\u2019il tr\u00f4ne au fond d\u2019une cour ferm\u00e9e de la place de la Bourse \u00e0 <a href=\"https:\/\/www.20minutes.fr\/bordeaux\/\" class=\"c-link c-link--is-underlined\" target=\"_blank\" rel=\"noopener\">Bordeaux<\/a>, va \u00eatre d\u00e9voil\u00e9\u00a0: la fontaine de l\u2019H\u00f4tel des Douanes, dite fontaine \u00ab\u00a0\u00e0 cong\u00e9lations\u00a0\u00bb.<\/p>\n<p class=\"mb-xxl@xs color-ultramarine font-weight-semi-bold@xs font-source-serif-pro heading-s@xs\">L\u2019acc\u00e8s \u00e0 ce contenu a \u00e9t\u00e9 bloqu\u00e9 afin de respecter votre choix de consentement<\/p>\n<p class=\"mb-m@xs text-l@xs\">En cliquant sur\u00ab J\u2019accepte \u00bb, vous acceptez le d\u00e9p\u00f4t de cookies par des services externes et aurez ainsi acc\u00e8s aux contenus de nos partenaires.<\/p>\n<p class=\"mb-xl@xs text-s@xs\">Plus d\u2019informations sur la page<a href=\"https:\/\/www.20minutes.fr\/gestion-cookies\" class=\"mx-xxs@xs color-ultramarine\" target=\"_blank\" rel=\"noopener\">Politique de gestion des cookies<\/a><\/p>\n<p>J\u2019accepte<\/p>\n<p>Toute en pierre, sa restauration s\u2019est achev\u00e9e il y a quelques jours seulement, et sa remise en eau a \u00e9t\u00e9 effectu\u00e9e dans la semaine. La fontaine, qui n\u2019avait pas \u00e9t\u00e9 touch\u00e9e depuis pr\u00e8s de cinquante ans, avait litt\u00e9ralement disparu derri\u00e8re la noirceur de la pollution et l\u2019usure du temps.<\/p>\n<p>Deux sculptures n\u2019ont pu \u00eatre restaur\u00e9es<\/p>\n<p>\u00ab\u00a0Nous avons d\u2019abord effectu\u00e9 un nettoyage haute pression, puis nous avons appliqu\u00e9 un traitement avec des biocides labellis\u00e9s pour pouvoir intervenir sur des monuments historiques, et enfin nous avons resculpt\u00e9 les parties n\u00e9cessaires, explique Jean-Pierre Pires Vaz Meireis, le chef de chantier, de la soci\u00e9t\u00e9 Cazenave, sp\u00e9cialis\u00e9e dans les travaux sur les monuments historiques. Nous avons \u00e9galement r\u00e9alis\u00e9 un travail de micro-injection, \u00e0 l\u2019aide de petites aiguilles, pour combler les microfissures et \u00e9viter la p\u00e9n\u00e9tration de l\u2019eau.\u00a0\u00bb Malheureusement, les visages des deux na\u00efades situ\u00e9es au sommet de l\u2019\u00e9difice, tr\u00e8s ab\u00eem\u00e9s, n\u2019ont pu \u00eatre restaur\u00e9s.<\/p>\n<p><img decoding=\"async\" alt=\"La fontaine a \u00e9t\u00e9 remise en eau il y a quelques jours seulement.\" class=\"c-img\" loading=\"lazy\" fetchpriority=\"auto\" width=\"718\"  src=\"https:\/\/img.20mn.fr\/nkom9ZI5T0aigvzwh-5TPSk\/718x0\" \/>La fontaine a \u00e9t\u00e9 remise en eau il y a quelques jours seulement.\u2002-\u00a0Micka\u00ebl Bosredon<\/p>\n<p>La remise en eau s\u2019est faite \u00e0 l\u2019aide d\u2019un nouveau syst\u00e8me. \u00ab\u00a0Nous avons cr\u00e9\u00e9 un petit bassin de 200 litres d\u2019eau, \u00e9quip\u00e9 de deux pompes, ce qui permet un circuit ferm\u00e9, et \u00e9vite ainsi le gaspillage de l\u2019eau\u00a0\u00bb.<\/p>\n<p>Style \u00ab\u00a0rocaille\u00a0\u00bb<\/p>\n<p>Son nom de fontaine \u00ab\u00a0\u00e0 cong\u00e9lations\u00a0\u00bb lui vient de ses \u00ab\u00a0motifs dessin\u00e9s de chaque c\u00f4t\u00e9 par le sculpteur flamand Jacques Verberckt, qui ressemblent \u00e0 des stalactites\u00a0\u00bb explique Elvire Dufour, m\u00e9diatrice culturelle au mus\u00e9e des Douanes. Le monument a \u00e9t\u00e9 r\u00e9alis\u00e9 en\u00a01738 en m\u00eame temps que l\u2019H\u00f4tel des Fermes du Roi, l\u2019anc\u00eatre de la douane, b\u00e2timent \u00e9difi\u00e9 par l\u2019architecte de la place de la Bourse, Ange-Jacques Gabriel, premier architecte du Roi Louis XV. Le site abrite toujours la direction r\u00e9gionale interr\u00e9gionale des douanes et le mus\u00e9e national des douanes, qui a rouvert en mai dernier.<\/p>\n<p>Cette fontaine \u00ab\u00a0a \u00e9t\u00e9 r\u00e9alis\u00e9e dans un pur style \u00ab\u00a0rocaille\u00a0\u00bb, typique de l\u2019\u00e9poque Louis XV\u00a0\u00bb poursuit Elvire Dufour. Elle est \u00e9galement orn\u00e9e d\u2019une t\u00eate de Neptune cod\u00e9e de roseaux et d\u2019une grande coquille rocaill\u00e9e.<\/p>\n<\/p>\n<p>Cette r\u00e9novation \u00ab\u00a0s\u2019inscrit dans la volont\u00e9 de remettre en valeur le b\u00e2timent des douanes, et sa cour, qui est une des particularit\u00e9s de la place de la Bourse\u00a0\u00bb ajoute Elvire Dufour. Le b\u00e2timent des douanes s\u2019organise en effet autour de cette cour int\u00e9rieure rectangulaire, qui recevait au XVIIIe\u00a0si\u00e8cle les marchandises d\u00e9barqu\u00e9es des navires, pour leur d\u00e9douanement, op\u00e9r\u00e9 dans la grande halle qui accueille aujourd\u2019hui les collections du mus\u00e9e.<\/p>\n<p>Premier port de commerce de France au XVIIIe\u00a0si\u00e8cle<\/p>\n<p>\u00ab\u00a0La marchandise, essentiellement des mati\u00e8res premi\u00e8res, entrait dans la cour, puis passait par un petit bureau pour \u00eatre d\u00e9clar\u00e9e, \u00e9tait stock\u00e9e dans la grande halle pour \u00eatre contr\u00f4l\u00e9e et pes\u00e9e, et ressortait par une double porte donnant \u00e0 nouveau dans la cour, qu\u2019elle traversait avant d\u2019\u00eatre redirig\u00e9e vers une autre partie du b\u00e2timent, d\u2019o\u00f9 elle ressortait\u00a0\u00bb explique la m\u00e9diatrice culturelle.<\/p>\n<p><img decoding=\"async\" alt=\"Le b\u00e2timent qui accueille toujours la direction interr\u00e9gionale des douanes, et le mus\u00e9e des douanes, sera ouvert au public pour les Journ\u00e9es du Patrimoine.\" class=\"c-img\" loading=\"lazy\" fetchpriority=\"auto\" width=\"718\"  src=\"https:\/\/img.20mn.fr\/blGjkifuQLeU4djd2o_ChSk\/718x0\" \/>Le b\u00e2timent qui accueille toujours la direction interr\u00e9gionale des douanes, et le mus\u00e9e des douanes, sera ouvert au public pour les Journ\u00e9es du Patrimoine.\u2002-\u00a0Micka\u00ebl Bosredon<\/p>\n<p>\u00ab\u00a0Les trois-quarts des marchandises coloniales \u00e9taient ensuite r\u00e9exp\u00e9di\u00e9es vers l\u2019Europe du Nord\u00a0\u00bb, poursuit-elle, rappelant que \u00ab\u00a0Bordeaux \u00e9tait le premier port de commerce en France au XVIIIe\u00a0si\u00e8cle, et un grand port international.\u00a0\u00bb Avec cette particularit\u00e9 qu\u2019il \u00e9tait l\u2019un des principaux <a href=\"https:\/\/www.20minutes.fr\/societe\/2797447-20200611-bordeaux-panneaux-explicatifs-accroches-rues-portent-noms-negriers\" class=\"c-link c-link--is-underlined\" target=\"_blank\" rel=\"noopener\">ports dits \u00ab\u00a0n\u00e9griers\u00a0\u00bb<\/a>, c\u2019est-\u00e0-dire qu\u2019il pratiquait le commerce triangulaire impliquant des esclaves.<\/p>\n<p><a href=\"https:\/\/www.20minutes.fr\/dossier\/patrimoine\" class=\"c-link c-btn c-btn--primary\" target=\"_blank\" rel=\"noopener\">Notre dossier sur les Journ\u00e9es du patrimoine<\/a><\/p>\n<p>Le b\u00e2timent, class\u00e9 <a href=\"https:\/\/www.20minutes.fr\/dossier\/monument_historique\" class=\"c-link c-link--is-underlined\" target=\"_blank\" rel=\"noopener\">Monument historique<\/a>, sera exceptionnellement ouvert au public pour les Journ\u00e9es du patrimoine, qui pourra donc admirer cette cour int\u00e9rieure d\u2019habitude ferm\u00e9e, et se plonger dans l\u2019histoire du Bordeaux du XVIIIe si\u00e8cle. Ce sera aussi l\u2019occasion de red\u00e9couvrir le mus\u00e9e des douanes.<\/p>\n","protected":false},"excerpt":{"rendered":"C\u2019est un joyau cach\u00e9 qui vient de retrouver toute sa splendeur. Pour les Journ\u00e9es du patrimoine, un monument&hellip;\n","protected":false},"author":2,"featured_media":402639,"comment_status":"","ping_status":"","sticky":false,"template":"","format":"standard","meta":{"footnotes":""},"categories":[2817],"tags":[1111,11,3177,1997,251,58,1777,674,1011,27,2905,47275,1393,12,2219,2551,25,1669,5896],"class_list":{"0":"post-402638","1":"post","2":"type-post","3":"status-publish","4":"format-standard","5":"has-post-thumbnail","7":"category-bordeaux","8":"tag-actu","9":"tag-actualites","10":"tag-aquitaine","11":"tag-bordeaux","12":"tag-culture","13":"tag-divertissement","14":"tag-eu","15":"tag-europe","16":"tag-fr","17":"tag-france","18":"tag-gironde","19":"tag-journees-europeennes-du-patrimoine","20":"tag-loisirs","21":"tag-news","22":"tag-nouvelle-aquitaine","23":"tag-patrimoine","24":"tag-republique-francaise","25":"tag-sorties","26":"tag-tempo"},"share_on_mastodon":{"url":"https:\/\/pubeurope.com\/@fr\/115231666101236456","error":""},"_links":{"self":[{"href":"https:\/\/www.europesays.com\/fr\/wp-json\/wp\/v2\/posts\/402638","targetHints":{"allow":["GET"]}}],"collection":[{"href":"https:\/\/www.europesays.com\/fr\/wp-json\/wp\/v2\/posts"}],"about":[{"href":"https:\/\/www.europesays.com\/fr\/wp-json\/wp\/v2\/types\/post"}],"author":[{"embeddable":true,"href":"https:\/\/www.europesays.com\/fr\/wp-json\/wp\/v2\/users\/2"}],"replies":[{"embeddable":true,"href":"https:\/\/www.europesays.com\/fr\/wp-json\/wp\/v2\/comments?post=402638"}],"version-history":[{"count":0,"href":"https:\/\/www.europesays.com\/fr\/wp-json\/wp\/v2\/posts\/402638\/revisions"}],"wp:featuredmedia":[{"embeddable":true,"href":"https:\/\/www.europesays.com\/fr\/wp-json\/wp\/v2\/media\/402639"}],"wp:attachment":[{"href":"https:\/\/www.europesays.com\/fr\/wp-json\/wp\/v2\/media?parent=402638"}],"wp:term":[{"taxonomy":"category","embeddable":true,"href":"https:\/\/www.europesays.com\/fr\/wp-json\/wp\/v2\/categories?post=402638"},{"taxonomy":"post_tag","embeddable":true,"href":"https:\/\/www.europesays.com\/fr\/wp-json\/wp\/v2\/tags?post=402638"}],"curies":[{"name":"wp","href":"https:\/\/api.w.org\/{rel}","templated":true}]}}