{"id":402640,"date":"2025-09-19T15:27:09","date_gmt":"2025-09-19T15:27:09","guid":{"rendered":"https:\/\/www.europesays.com\/fr\/402640\/"},"modified":"2025-09-19T15:27:09","modified_gmt":"2025-09-19T15:27:09","slug":"toulouse-concerts-marche-de-createurs-une-grande-fete-des-voisins-va-voir-le-jour-le-long-du-canal","status":"publish","type":"post","link":"https:\/\/www.europesays.com\/fr\/402640\/","title":{"rendered":"Toulouse. Concerts, march\u00e9 de cr\u00e9ateurs&#8230; Une grande f\u00eate des voisins va voir le jour le long du canal"},"content":{"rendered":"<p>            Par<br \/>\n        <strong><br \/>\n            <a href=\"https:\/\/actu.fr\/auteur\/mareva-laville-actu-fr\" title=\"Consulter tous les articles de Mar\u00e9va Laville\" target=\"_blank\" rel=\"noopener\">Mar\u00e9va Laville<\/a><br \/>\n        <\/strong><\/p>\n<p>        Publi\u00e9 le<\/p>\n<p>            19 sept. 2025 \u00e0 17h02        <\/p>\n<p>Ensemble, ils se sont appel\u00e9s \u00ab\u2009Trinque\u2009\u00bb. Et ils comptent bien cogner leurs verres les uns contre les autres ce week-end. Car samedi 20 septembre, en plein <strong>centre-ville de <a href=\"http:\/\/www.actu.fr\/toulouse\" target=\"_blank\" rel=\"noopener\">Toulouse<\/a>,<\/strong> les trois bars-restaurants majeurs du quartier des Amidonniers, le <strong>Flashback Caf\u00e9<\/strong>, <strong>Grave<\/strong> et <strong>les Passionn\u00e9s<\/strong>, organisent une f\u00eate des voisins aux portes de la place Saint-Pierre, sur les all\u00e9es de Brienne.<\/p>\n<p>    <a href=\"https:\/\/www.google.com\/maps\/embed?pb=!1m18!1m12!1m3!1d4344.905613104849!2d1.4290453296336567!3d43.60487388082934!2m3!1f0!2f0!3f0!3m2!1i1024!2i768!4f13.1!3m3!1m2!1s0x12aebb68ab5866c5%3A0x35c7088db7e0869!2s2%20All.%20de%20Brienne%2C%2031000%20Toulouse!5e1!3m2!1sfr!2sfr!4v1758273224480!5m2!1sfr!2sfr\" title=\"Ouvrie le lien\" target=\"_blank\" rel=\"noopener\">Cliquez ici pour visualiser le contenu<\/a><\/p>\n<p class=\" wall-content\">Sorte de petit festival, il rappellera de bons souvenirs \u00e0 ceux qui ont connu ce rendez-vous dans leur village ou leur quartier. Et avec tous les ingr\u00e9dients pour\u2009! Des plats gourmands, du bon vin et des cocktails. Mais pas seulement\u2009!<\/p>\n<p>Un march\u00e9 de cr\u00e9ateurs le long du canal de Brienne<\/p>\n<p class=\" wall-content\">Samedi 20\u00a0septembre 2025, d\u00e8s midi et jusqu\u2019\u00e0 minuit, les all\u00e9es de Brienne s\u2019animeront en tout point. Un<strong> march\u00e9 de cr\u00e9ateurs<\/strong> s\u2019ouvrira d\u00e8s midi avec des stands d\u2019accessoires de mode, de bijoux, de cosm\u00e9tiques, d\u2019illustrations, d\u00e9cos et autres cr\u00e9ations originales. Fifi JoliPois, Studio Loolei, Msieur Le Prof, Ecuries Eph\u00e9m\u00e8res\u2026 Au total, treize artistes, artisans et cr\u00e9ateurs seront au rendez-vous le long de l\u2019all\u00e9e, c\u00f4t\u00e9 Manufacture des Tabacs, pr\u00e8s de la cave-restaurant<a href=\"https:\/\/actu.fr\/occitanie\/toulouse_31555\/les-passionnes-une-nouvelle-cave-a-manger-toulousaine-qui-va-vous-initier-aux-bonnes-choses_3673768.html\" target=\"_blank\" rel=\"noopener\"> les Passionn\u00e9s.<\/a><\/p>\n<p>Des concerts tout au long de la journ\u00e9e<\/p>\n<p class=\" wall-content\">Un peu plus proche de l\u2019\u00e9cluse, au pied du <a href=\"https:\/\/actu.fr\/occitanie\/toulouse_31555\/toulouse-un-bar-inedit-ouvre-dans-ce-lieu-emblematique-pres-de-la-place-saint-pierre_59943415.html\" target=\"_blank\" rel=\"noopener\">Flashback Caf\u00e9<\/a>, une<strong> sc\u00e8ne g\u00e9ante<\/strong> recevra <strong>cinq artistes<\/strong> pour ambiancer le quartier. Le DJ sur vinyles Dodobah, plut\u00f4t orient\u00e9e vers la house\u2009; le groupe de batucada Houba, reconnu pour son \u00e9nergie puissante\u2009; le duo Pamela Nights, qui revisitera les grands classiques funk, soul, pop et R&amp;B\u2009; l\u2019association de DJs Scratch Assembly, f\u00e9rue de funk et hip-hop\u2009; le trio toulousain des Gypsies au r\u00e9pertoire incluant (forc\u00e9ment) les Gipsy Kings, Kendi mais aussi Maluma ou encore des classiques des ann\u00e9es 80 revisit\u00e9s.<\/p>\n<p>Vid\u00e9os : en ce moment sur ActuUn espace pour manger, boire et pour les enfants\u2009!<\/p>\n<p class=\" wall-content\">Un <strong>espace pour les enfants<\/strong> trouvera \u00e9galement sa place le long des all\u00e9es. De quoi bien les occuper pendant que les parents trinquent, d\u00e9jeunent, go\u00fbtent, d\u00eenent, entre voisins et amis. Une vraie f\u00eate des voisins, en somme\u2009! L\u2019espace food se trouvera du c\u00f4t\u00e9 du <a href=\"https:\/\/actu.fr\/occitanie\/toulouse_31555\/toulouse-ce-bar-a-vins-vient-d-ouvrir-avec-vue-sur-l-un-des-plus-beaux-monuments-de-la-ville_61700731.html\" target=\"_blank\" rel=\"noopener\">bar Grave<\/a> et la buvette, au Flashback.<\/p>\n<p class=\" wall-content\"><a href=\"https:\/\/www.instagram.com\/p\/DOlrq0giBHB\/embed\" title=\"Ouvrir le lien sur Instagram\" target=\"_blank\" rel=\"noopener\">Visualiser le contenu sur Instagram<\/a><\/p>\n<p><strong>F\u00eate des voisins<\/strong><br \/>All\u00e9es de Brienne, samedi 20\u00a0septembre, de 12h \u00e0 minuit.<br \/>En plein air et gratuit.<\/p>\n<p>Votre r\u00e9gion, votre actu !<\/p>\n<p>Recevez chaque jour les infos qui comptent pour vous.<\/p>\n<p>\t<a href=\"https:\/\/actu.fr\/newsletter\" class=\"ac-btn ac-btn--corner ac-btn--medium ac-btn--blue800\" target=\"_blank\" rel=\"noopener\">S&rsquo;incrire<\/a><\/p>\n<p class=\" wall-content\">Personnalisez votre actualit\u00e9 en ajoutant vos villes et m\u00e9dias en favori avec <a href=\"https:\/\/moncompte.actu.fr\" title=\"D\u00e9couvez Mon Actu\" rel=\"nofollow noopener\" data-trk=\"{&quot;cta&quot;:{&quot;action&quot;:&quot;https:\\\/\\\/moncompte.actu.fr&quot;,&quot;category&quot;:&quot;mon compte&quot;,&quot;from&quot;:&quot;article footer&quot;,&quot;name&quot;:&quot;Mon actu&quot;,&quot;type&quot;:&quot;cta&quot;}}\" target=\"_blank\">Mon Actu<\/a>.<\/p>\n<p>                    <script async src=\"\/\/www.instagram.com\/embed.js\"><\/script><\/p>\n","protected":false},"excerpt":{"rendered":"Par Mar\u00e9va Laville Publi\u00e9 le 19 sept. 2025 \u00e0 17h02 Ensemble, ils se sont appel\u00e9s \u00ab\u2009Trinque\u2009\u00bb. Et ils&hellip;\n","protected":false},"author":2,"featured_media":402641,"comment_status":"","ping_status":"","sticky":false,"template":"","format":"standard","meta":{"footnotes":""},"categories":[2816],"tags":[1111,11,1777,674,1011,27,1652,12,2680,25,2850,1341,2312],"class_list":{"0":"post-402640","1":"post","2":"type-post","3":"status-publish","4":"format-standard","5":"has-post-thumbnail","7":"category-toulouse","8":"tag-actu","9":"tag-actualites","10":"tag-eu","11":"tag-europe","12":"tag-fr","13":"tag-france","14":"tag-loisirs-culture","15":"tag-news","16":"tag-occitanie","17":"tag-republique-francaise","18":"tag-restaurants-de-toulouse","19":"tag-sortir-a-toulouse","20":"tag-toulouse"},"share_on_mastodon":{"url":"https:\/\/pubeurope.com\/@fr\/115231669896062557","error":""},"_links":{"self":[{"href":"https:\/\/www.europesays.com\/fr\/wp-json\/wp\/v2\/posts\/402640","targetHints":{"allow":["GET"]}}],"collection":[{"href":"https:\/\/www.europesays.com\/fr\/wp-json\/wp\/v2\/posts"}],"about":[{"href":"https:\/\/www.europesays.com\/fr\/wp-json\/wp\/v2\/types\/post"}],"author":[{"embeddable":true,"href":"https:\/\/www.europesays.com\/fr\/wp-json\/wp\/v2\/users\/2"}],"replies":[{"embeddable":true,"href":"https:\/\/www.europesays.com\/fr\/wp-json\/wp\/v2\/comments?post=402640"}],"version-history":[{"count":0,"href":"https:\/\/www.europesays.com\/fr\/wp-json\/wp\/v2\/posts\/402640\/revisions"}],"wp:featuredmedia":[{"embeddable":true,"href":"https:\/\/www.europesays.com\/fr\/wp-json\/wp\/v2\/media\/402641"}],"wp:attachment":[{"href":"https:\/\/www.europesays.com\/fr\/wp-json\/wp\/v2\/media?parent=402640"}],"wp:term":[{"taxonomy":"category","embeddable":true,"href":"https:\/\/www.europesays.com\/fr\/wp-json\/wp\/v2\/categories?post=402640"},{"taxonomy":"post_tag","embeddable":true,"href":"https:\/\/www.europesays.com\/fr\/wp-json\/wp\/v2\/tags?post=402640"}],"curies":[{"name":"wp","href":"https:\/\/api.w.org\/{rel}","templated":true}]}}