{"id":402650,"date":"2025-09-19T15:33:13","date_gmt":"2025-09-19T15:33:13","guid":{"rendered":"https:\/\/www.europesays.com\/fr\/402650\/"},"modified":"2025-09-19T15:33:13","modified_gmt":"2025-09-19T15:33:13","slug":"lyon-serait-la-deuxieme-ville-de-france-la-plus-chere-pour-etre-en-couple-en-2025","status":"publish","type":"post","link":"https:\/\/www.europesays.com\/fr\/402650\/","title":{"rendered":"Lyon serait la deuxi\u00e8me ville de France la plus ch\u00e8re pour \u00eatre en couple en 2025"},"content":{"rendered":"<p itemprop=\"description\"><strong>Une \u00e9tude vient d\u2019\u00eatre publi\u00e9e sur le sujet.<\/strong><\/p>\n<p>Quel est le co\u00fbt d\u2019une journ\u00e9e romantique ? Tel est le sujet d\u2019une \u00e9tude r\u00e9alis\u00e9e par le site <a href=\"https:\/\/www.voyancetchat.fr\/bienvenue?utm_campaign=perf_max_fr&amp;gad_source=1&amp;gad_campaignid=20299207820&amp;gclid=Cj0KCQjw_rPGBhCbARIsABjq9cccnuoa6B1kZcJWkZy6wDCGwCqqhRPzNF3FQZKvZX2JfrdFqglSMVsaAuDREALw_wcB\" target=\"_blank\" rel=\"noopener\">Voyance Tchat<\/a>. Ont notamment \u00e9t\u00e9 pris en compte les repas, l\u2019h\u00e9bergement, les sorties ou encore les transports.\u00a0<\/p>\n<p>Au classement des villes les plus ch\u00e8res pour \u00eatre en couple, Nice arrive en t\u00eate avec des d\u00e9penses romantiques obtenant la note de 9,74 sur 10. Le podium est compl\u00e9t\u00e9 par Annecy (9,47 sur 10) et Paris (9,21 sur 10).\u00a0<\/p>\n<p>Il faut descendre un peu plus bas dans le top 10 pour trouver Lyon au 8e rang. La capitale des Gaules obtient la note de 7,89 sur 10 au niveau des d\u00e9penses romantiques. Comptez notamment 60 euros pour un repas pour 2 personnes pour un restaurant milieu de gamme avec trois plats ou encore 110 euros pour une nuit dans un h\u00f4tel 3 \u00e9toiles. La somme totale d\u2019une journ\u00e9e romantique s\u2019\u00e9l\u00e8ve ainsi \u00e0 222 euros \u00e0 Lyon.<\/p>\n<p>\u00ab\u00a0Malgr\u00e9 ce budget, la ville a beaucoup \u00e0 offrir gratuitement : fl\u00e2ner dans les ruelles pav\u00e9es du Vieux-Lyon, grimper jusqu\u2019\u00e0 la basilique de Fourvi\u00e8re pour contempler la vue panoramique, ou simplement profiter des berges du Rh\u00f4ne et de la Sa\u00f4ne en fin de journ\u00e9e\u00a0\u00bb, peut-on lire.<\/p>\n<p>Strasbourg, Marseille, Dijon ou encore Lille figurent \u00e9galement dans le top 10 de ce classement des villes les plus ch\u00e8res\u2026 pour \u00eatre en couple !<\/p>\n","protected":false},"excerpt":{"rendered":"Une \u00e9tude vient d\u2019\u00eatre publi\u00e9e sur le sujet. Quel est le co\u00fbt d\u2019une journ\u00e9e romantique ? Tel est&hellip;\n","protected":false},"author":2,"featured_media":402651,"comment_status":"","ping_status":"","sticky":false,"template":"","format":"standard","meta":{"footnotes":""},"categories":[1889],"tags":[1111,11,2813,2190,2430,1109,251,1112,2811,1777,674,118,1294,4651,1011,27,1922,1110,1114,2428,4903,4902,12,241,316,25,2812,517,800],"class_list":{"0":"post-402650","1":"post","2":"type-post","3":"status-publish","4":"format-standard","5":"has-post-thumbnail","7":"category-lyon","8":"tag-actu","9":"tag-actualites","10":"tag-article","11":"tag-asvel","12":"tag-auvergne-rhone-alpes","13":"tag-breves","14":"tag-culture","15":"tag-depeches","16":"tag-economique","17":"tag-eu","18":"tag-europe","19":"tag-faits-divers","20":"tag-femme","21":"tag-femmes","22":"tag-fr","23":"tag-france","24":"tag-info","25":"tag-informations","26":"tag-infos","27":"tag-lyon","28":"tag-lyonfemme","29":"tag-lyonfemmes","30":"tag-news","31":"tag-ol","32":"tag-politique","33":"tag-republique-francaise","34":"tag-sociale","35":"tag-sport","36":"tag-transports"},"share_on_mastodon":{"url":"https:\/\/pubeurope.com\/@fr\/115231693483358759","error":""},"_links":{"self":[{"href":"https:\/\/www.europesays.com\/fr\/wp-json\/wp\/v2\/posts\/402650","targetHints":{"allow":["GET"]}}],"collection":[{"href":"https:\/\/www.europesays.com\/fr\/wp-json\/wp\/v2\/posts"}],"about":[{"href":"https:\/\/www.europesays.com\/fr\/wp-json\/wp\/v2\/types\/post"}],"author":[{"embeddable":true,"href":"https:\/\/www.europesays.com\/fr\/wp-json\/wp\/v2\/users\/2"}],"replies":[{"embeddable":true,"href":"https:\/\/www.europesays.com\/fr\/wp-json\/wp\/v2\/comments?post=402650"}],"version-history":[{"count":0,"href":"https:\/\/www.europesays.com\/fr\/wp-json\/wp\/v2\/posts\/402650\/revisions"}],"wp:featuredmedia":[{"embeddable":true,"href":"https:\/\/www.europesays.com\/fr\/wp-json\/wp\/v2\/media\/402651"}],"wp:attachment":[{"href":"https:\/\/www.europesays.com\/fr\/wp-json\/wp\/v2\/media?parent=402650"}],"wp:term":[{"taxonomy":"category","embeddable":true,"href":"https:\/\/www.europesays.com\/fr\/wp-json\/wp\/v2\/categories?post=402650"},{"taxonomy":"post_tag","embeddable":true,"href":"https:\/\/www.europesays.com\/fr\/wp-json\/wp\/v2\/tags?post=402650"}],"curies":[{"name":"wp","href":"https:\/\/api.w.org\/{rel}","templated":true}]}}