{"id":402652,"date":"2025-09-19T15:34:12","date_gmt":"2025-09-19T15:34:12","guid":{"rendered":"https:\/\/www.europesays.com\/fr\/402652\/"},"modified":"2025-09-19T15:34:12","modified_gmt":"2025-09-19T15:34:12","slug":"lyon-ce-grand-festival-qui-attire-des-milliers-de-personnes-revient-a-la-halle-tony-garnier","status":"publish","type":"post","link":"https:\/\/www.europesays.com\/fr\/402652\/","title":{"rendered":"Lyon. Ce grand festival qui attire des milliers de personnes revient \u00e0 la Halle Tony Garnier"},"content":{"rendered":"<p>            Par<br \/>\n        <strong><br \/>\n            <a href=\"https:\/\/actu.fr\/auteur\/julien-damboise\" title=\"Consulter tous les articles de Julien Damboise\" target=\"_blank\" rel=\"noopener\">Julien Damboise<\/a><br \/>\n        <\/strong><\/p>\n<p>        Publi\u00e9 le<\/p>\n<p>            19 sept. 2025 \u00e0 17h24        <\/p>\n<p>C\u2019est un rendez-vous que les adeptes ne manquent pas. Le salon international du tatouage <strong>The Ink Factory<\/strong> revient \u00e0 <a href=\"https:\/\/actu.fr\/auvergne-rhone-alpes\/lyon_69123\" target=\"_blank\" rel=\"noopener\">Lyon<\/a>, du 19 au 21 septembre, \u00e0 la <a href=\"https:\/\/actu.fr\/tag\/halle-tony-garnier\" target=\"_blank\" rel=\"noopener\">Halle Tony Garnier<\/a> dans le 7e arrondissement.<\/p>\n<p class=\" wall-content\">De nouveau, il sera possible de se faire tatouer sur place par <strong>des stars du milieu<\/strong>.\u00a0Des milliers de visiteurs sont attendus pour profiter des nombreuses animations pr\u00e9vues.\u00a0<\/p>\n<p>    <a href=\"https:\/\/www.google.com\/maps\/embed?pb=!1m18!1m12!1m3!1d4438.620682600102!2d4.8228571754547005!3d45.73075427107955!2m3!1f0!2f0!3f0!3m2!1i1024!2i768!4f13.1!3m3!1m2!1s0x47f4ea2b4073f885%3A0xc820a00fb26b3185!2sHalle%20Tony%20Garnier!5e1!3m2!1sfr!2sfr!4v1757065858931!5m2!1sfr!2sfr\" title=\"Ouvrie le lien\" target=\"_blank\" rel=\"noopener\">Cliquez ici pour visualiser le contenu<\/a><\/p>\n<p>350 tatoueurs venus du monde entier<\/p>\n<p class=\" wall-content\">Pour sa 6\u1d49 \u00e9dition, des pointures se donnent rendez-vous dans la capitale des Gaules, comme avec le tatoueur Japonnais Tomo, \u00ab\u00a0mondialement connu, qui ne se d\u00e9place que pour la In Factory. Si vous voulez un de ses tatouages, c\u2019est \u00e0 Lyon ou \u00e0 Nagaoka au Japon\u00a0\u00bb, expliquent les organisateurs. Parmi les autres, Konjo, Luka Lajoie ou encore Shooby.\u00a0<\/p>\n<p class=\" wall-content\"><a href=\"https:\/\/www.instagram.com\/reel\/DNQfUpLy2Xr\/embed\" title=\"Ouvrir le lien sur Instagram\" target=\"_blank\" rel=\"noopener\">Visualiser le contenu sur Instagram<\/a><\/p>\n<blockquote class=\"ac-article-quote wall-content\">\n<p>Ici, chaque univers a sa place. Des motifs tribaux ancestraux \u2013 polyn\u00e9siens, maoris, am\u00e9rindiens \u2013 charg\u00e9s d\u2019histoire et de symboles, aux pi\u00e8ces asiatiques traditionnelles empreintes de finesse et de spiritualit\u00e9. Des tatouages r\u00e9alistes \u00e0 couper le souffle, o\u00f9 portraits, animaux et paysages prennent vie sous l\u2019aiguille. Des cr\u00e9ations graphiques abstraites, minimalistes ou g\u00e9om\u00e9triques pour les amateurs de lignes \u00e9pur\u00e9es. Des \u0153uvres pop et color\u00e9es issues de la mouvance new school, clin d\u2019\u0153il \u00e0 la BD, au street art ou \u00e0 la culture geek. Sans oublier le n\u00e9o-traditionnel, qui revisite avec brio l\u2019imagerie am\u00e9ricaine vintage dans un style affirm\u00e9 et vibrant.<\/p>\n<p>    <strong>The Ink Factory Lyon<\/strong>\n            <\/p><\/blockquote>\n<p class=\" wall-content\"><a href=\"https:\/\/www.instagram.com\/reel\/DMTGSaxCdHh\/embed\" title=\"Ouvrir le lien sur Instagram\" target=\"_blank\" rel=\"noopener\">Visualiser le contenu sur Instagram<\/a><\/p>\n<p class=\" wall-content\"><a href=\"https:\/\/www.instagram.com\/p\/CWlgTsFL_0D\/embed\" title=\"Ouvrir le lien sur Instagram\" target=\"_blank\" rel=\"noopener\">Visualiser le contenu sur Instagram<\/a><\/p>\n<p>10 DJ\u2019s pendant trois jours<\/p>\n<p class=\" wall-content\">Nouveaut\u00e9 cette ann\u00e9e, un v\u00e9ritable festival dans le festival avec le lancement de \u00ab\u00a0House of Ink\u00a0\u00bb, qui rend hommage \u00e0 Lyon, \u00ab\u00a0la capitale historique des musiques \u00e9lectroniques\u00a0\u00bb.<\/p>\n<p class=\" wall-content\">Au programme, une programmation de <strong>10 DJ\u2019s qui s\u2019enchaineront<\/strong> \u00ab\u00a0de la deep house aux sons plus \u00e9lectrisants\u00a0\u00bb samedi et dimanche.\u00a0<\/p>\n<p class=\" wall-content\">Concours, espaces d\u00e9tente, expositions ou encore performances et food court sont aussi au programme de cette 6\u1d49 \u00e9dition. Toute la programmation est \u00e0 retrouver sur le site internet d\u00e9di\u00e9. L\u2019ann\u00e9e derni\u00e8re, 14 000 visiteurs avaient \u00e9t\u00e9 accueillis.<\/p>\n<p>Votre r\u00e9gion, votre actu !<\/p>\n<p>Recevez chaque jour les infos qui comptent pour vous.<\/p>\n<p>\t<a href=\"https:\/\/actu.fr\/newsletter\" class=\"ac-btn ac-btn--corner ac-btn--medium ac-btn--blue800\" target=\"_blank\" rel=\"noopener\">S&rsquo;incrire<\/a><\/p>\n<p>The Ink Factory les 19, 20 et 21 septembre 2025 \u00e0 la Halle Tony Garnier, 20 Place Docteurs Charles et Christophe M\u00e9rieux, 69007 Lyon<br \/>Vendredi : 13h -23h \u2022 Samedi : 11h00 \u2013 22h00 \u2022 Dimanche : 11h00 \u2013 20h00<br \/>Tarifs : 18\u20ac pour un jour et 45\u20ac pour trois jours.<br \/>Gratuit pour les moins de 12 ans.<br \/>13\u20ac pour les \u00e9tudiants et PMR en vente sur place uniquement sur pr\u00e9sentation d\u2019un justificatif.<\/p>\n<p class=\" wall-content\">Personnalisez votre actualit\u00e9 en ajoutant vos villes et m\u00e9dias en favori avec <a href=\"https:\/\/moncompte.actu.fr\" title=\"D\u00e9couvez Mon Actu\" rel=\"nofollow noopener\" data-trk=\"{&quot;cta&quot;:{&quot;action&quot;:&quot;https:\\\/\\\/moncompte.actu.fr&quot;,&quot;category&quot;:&quot;mon compte&quot;,&quot;from&quot;:&quot;article footer&quot;,&quot;name&quot;:&quot;Mon actu&quot;,&quot;type&quot;:&quot;cta&quot;}}\" target=\"_blank\">Mon Actu<\/a>.<\/p>\n<p>                    <script async src=\"\/\/www.instagram.com\/embed.js\"><\/script><\/p>\n","protected":false},"excerpt":{"rendered":"Par Julien Damboise Publi\u00e9 le 19 sept. 2025 \u00e0 17h24 C\u2019est un rendez-vous que les adeptes ne manquent&hellip;\n","protected":false},"author":2,"featured_media":402653,"comment_status":"","ping_status":"","sticky":false,"template":"","format":"standard","meta":{"footnotes":""},"categories":[1889],"tags":[1111,11,2430,1777,674,1011,27,31381,2428,12,25,104,3735],"class_list":{"0":"post-402652","1":"post","2":"type-post","3":"status-publish","4":"format-standard","5":"has-post-thumbnail","7":"category-lyon","8":"tag-actu","9":"tag-actualites","10":"tag-auvergne-rhone-alpes","11":"tag-eu","12":"tag-europe","13":"tag-fr","14":"tag-france","15":"tag-halle-tony-garnier","16":"tag-lyon","17":"tag-news","18":"tag-republique-francaise","19":"tag-societe","20":"tag-tatouage"},"share_on_mastodon":{"url":"https:\/\/pubeurope.com\/@fr\/115231697418933207","error":""},"_links":{"self":[{"href":"https:\/\/www.europesays.com\/fr\/wp-json\/wp\/v2\/posts\/402652","targetHints":{"allow":["GET"]}}],"collection":[{"href":"https:\/\/www.europesays.com\/fr\/wp-json\/wp\/v2\/posts"}],"about":[{"href":"https:\/\/www.europesays.com\/fr\/wp-json\/wp\/v2\/types\/post"}],"author":[{"embeddable":true,"href":"https:\/\/www.europesays.com\/fr\/wp-json\/wp\/v2\/users\/2"}],"replies":[{"embeddable":true,"href":"https:\/\/www.europesays.com\/fr\/wp-json\/wp\/v2\/comments?post=402652"}],"version-history":[{"count":0,"href":"https:\/\/www.europesays.com\/fr\/wp-json\/wp\/v2\/posts\/402652\/revisions"}],"wp:featuredmedia":[{"embeddable":true,"href":"https:\/\/www.europesays.com\/fr\/wp-json\/wp\/v2\/media\/402653"}],"wp:attachment":[{"href":"https:\/\/www.europesays.com\/fr\/wp-json\/wp\/v2\/media?parent=402652"}],"wp:term":[{"taxonomy":"category","embeddable":true,"href":"https:\/\/www.europesays.com\/fr\/wp-json\/wp\/v2\/categories?post=402652"},{"taxonomy":"post_tag","embeddable":true,"href":"https:\/\/www.europesays.com\/fr\/wp-json\/wp\/v2\/tags?post=402652"}],"curies":[{"name":"wp","href":"https:\/\/api.w.org\/{rel}","templated":true}]}}