{"id":402658,"date":"2025-09-19T15:37:11","date_gmt":"2025-09-19T15:37:11","guid":{"rendered":"https:\/\/www.europesays.com\/fr\/402658\/"},"modified":"2025-09-19T15:37:11","modified_gmt":"2025-09-19T15:37:11","slug":"je-suis-pret-a-aller-jusqua-lhospitalisation-pour-faire-partir-son-locataire-un-quinquagenaire-entame-une-greve-de-la-faim","status":"publish","type":"post","link":"https:\/\/www.europesays.com\/fr\/402658\/","title":{"rendered":"\u00ab\u00a0Je suis pr\u00eat\u00a0\u00e0\u00a0aller jusqu\u2019\u00e0\u00a0l\u2019hospitalisation\u00a0\u00bb\u00a0: pour faire partir son locataire, un quinquag\u00e9naire entame une gr\u00e8ve de la faim"},"content":{"rendered":"<p class=\"paragraph text_align_left lp-f-body-02\">Pour r\u00e9cup\u00e9rer son logement, il est all\u00e9 jusqu\u2019\u00e0 en taguer la fa\u00e7ade. Sur le mur blanc d\u2019une petite maison de Mandelieu-la-Napoule (Alpes-Maritimes), une phrase \u00e9crite \u00e0 la bombe noire se d\u00e9tache : \u00ab Rendez-moi ma maison, <a href=\"https:\/\/www.leparisien.fr\/paris-75\/video-paris-un-pere-en-greve-de-la-faim-depuis-13-jours-pour-retrouver-ses-deux-filles-kidnappees-par-leur-mere-03-01-2025-N4YARPRWIFHHNBLZBZZUJHXWAY.php\" target=\"_self\" rel=\"nofollow noopener\">gr\u00e8ve de la faim<\/a> \u00bb, d\u00e9crit <a href=\"https:\/\/www.nicematin.com\/faits-divers\/il-tague-sa-maison-et-fait-la-greve-de-la-faim-pour-recuperer-son-bien-1002232#:~:text=La%20gr%C3%A8ve%20de%20la%20faim%20de%20son%20propri%C3%A9taire%3F,assistante%20sociale%20du%20p%C3%B4le%20Accompagnement.\" target=\"_self\" rel=\"nofollow noopener\">Nice-Matin<\/a>. Un deuxi\u00e8me message est inscrit sur la porte du garage. Une pancarte en carton indique \u00ab Gr\u00e8ve de la faim pour r\u00e9cup\u00e9rer ma maison squatt\u00e9e \u00bb.<\/p>\n<p class=\"paragraph text_align_left lp-f-body-02\">Derri\u00e8re ces inscriptions se cache bel et bien <a href=\"https:\/\/www.leparisien.fr\/immobilier\/plus-dun-proprietaire-sur-cinq-aujourdhui-vend-a-perte-a-paris-mieux-valait-ceder-son-bien-avant-2020-02-09-2025-Z4SKBKB2TBCX5MGSKEHNJBN76Y.php\" target=\"_self\" rel=\"nofollow noopener\">le propri\u00e9taire<\/a> de la maison blanche, un quinquag\u00e9naire d\u00e9termin\u00e9 \u00e0 faire partir son <a href=\"https:\/\/www.leparisien.fr\/immobilier\/jetais-sur-quelle-allait-garder-ma-caution-ne-pas-payer-son-dernier-loyer-la-strategie-risquee-des-locataires-09-08-2025-PANKL4RHERAURNPLX6A5AVMHWM.php\" target=\"_self\" rel=\"nofollow noopener\">locataire<\/a>, dont le bail n\u2019a pas \u00e9t\u00e9 renouvel\u00e9 depuis juin dernier. Le locataire, quinquag\u00e9naire lui aussi, \u00e9tait un ami. Le propri\u00e9taire de l\u2019appartement, un studio de 30 m2, l\u2019avait inform\u00e9 de l\u2019expiration du bail un an \u00e0 l\u2019avance : \u00ab Je souhaitais r\u00e9cup\u00e9rer cet appartement pour loger un soignant pour ma m\u00e8re de 88 ans qui est d\u00e9pendante et habite \u00e0 c\u00f4t\u00e9 de chez moi. Mais il n\u2019est pas parti et n\u2019a plus pay\u00e9 le loyer de 450 euros depuis \u00bb.<\/p>\n<p>\u00ab Un palliatif \u00e0 la violence \u00bb<\/p>\n<p class=\"paragraph text_align_left lp-f-body-02\">Si le propri\u00e9taire a entam\u00e9 des d\u00e9marches plus classiques -il a pris un avocat pour entamer une proc\u00e9dure d\u2019expulsion et a \u00e9crit au maire de sa commune- il a \u00e9galement d\u00e9cid\u00e9 d\u2019arr\u00eater de s\u2019alimenter depuis le jeudi 11 septembre.<\/p>\n<p class=\"paragraph text_align_left lp-f-body-02\">\u00ab Je ne bois que de l\u2019eau et du th\u00e9. J\u2019ai perdu trois kilos. J\u2019ai des coups de mou. Mais je suis pr\u00eat \u00e0 aller jusqu\u2019\u00e0 l\u2019hospitalisation. (\u2026) Ce n\u2019est pas un probl\u00e8me financier &#8211; je n\u2019ai pas de cr\u00e9dit sur l\u2019appartement &#8211; mais une question d\u2019\u00e9thique, de morale, de respect. La gr\u00e8ve de la faim est un palliatif \u00e0 la violence. J\u2019ai la haine \u00bb a-t-il expliqu\u00e9.<\/p>\n<p class=\"lp-card-podcast-highlighting__title  lp-f-subtitle-05\">[4\/6] Jubillar\u00a0: de la disparition au proc\u00e8s, une affaire sans corps ni aveux<\/p>\n<p class=\"lp-card-podcast-highlighting__description lp-f-ui-05\">Crime story raconte chaque semaine les grandes affaires criminelles.<\/p>\n<p><a class=\"lp-card-podcast-highlighting__call-to-action\" data-page-type=\"HP\" data-block-name=\"podcast-highlight\">\u00c9couter<\/a>\u00ab Je ne suis pas parti car je ne peux pas partir \u00bb<\/p>\n<p class=\"paragraph text_align_left lp-f-body-02\">De son c\u00f4t\u00e9, toujours aupr\u00e8s de Nice-Matin, le locataire reconna\u00eet \u00eatre dans l\u2019ill\u00e9galit\u00e9 mais se d\u00e9fend d\u2019\u00eatre un squatteur : \u00ab Je ne suis pas parti car je ne peux pas partir. (\u2026) J\u2019ai pay\u00e9 tous mes loyers. En invalidit\u00e9 depuis 2016 avec une discopathie, je ne peux plus travailler. J\u2019ai demand\u00e9 un logement social. Je cherche une solution \u00bb. Il affirme par ailleurs que son ex-ami et propri\u00e9taire aurait tent\u00e9 \u00e0 plusieurs reprises de l\u2019intimider.<\/p>\n<p class=\"paragraph text_align_left lp-f-body-02\">La mairie a indiqu\u00e9 que les services municipaux cherchent une solution de relogement avec les bailleurs sociaux.<\/p>\n","protected":false},"excerpt":{"rendered":"Pour r\u00e9cup\u00e9rer son logement, il est all\u00e9 jusqu\u2019\u00e0 en taguer la fa\u00e7ade. Sur le mur blanc d\u2019une petite&hellip;\n","protected":false},"author":2,"featured_media":402659,"comment_status":"","ping_status":"","sticky":false,"template":"","format":"standard","meta":{"footnotes":""},"categories":[1888],"tags":[1111,1928,11,1927,459,1777,674,118,1011,27,12,1926,626,1925,25],"class_list":{"0":"post-402658","1":"post","2":"type-post","3":"status-publish","4":"format-standard","5":"has-post-thumbnail","7":"category-paris","8":"tag-actu","9":"tag-actu-paris","10":"tag-actualites","11":"tag-actualites-paris","12":"tag-departements-horsidfo","13":"tag-eu","14":"tag-europe","15":"tag-faits-divers","16":"tag-fr","17":"tag-france","18":"tag-news","19":"tag-news-paris","20":"tag-paris","21":"tag-paris-news","22":"tag-republique-francaise"},"share_on_mastodon":{"url":"https:\/\/pubeurope.com\/@fr\/115231709603567650","error":""},"_links":{"self":[{"href":"https:\/\/www.europesays.com\/fr\/wp-json\/wp\/v2\/posts\/402658","targetHints":{"allow":["GET"]}}],"collection":[{"href":"https:\/\/www.europesays.com\/fr\/wp-json\/wp\/v2\/posts"}],"about":[{"href":"https:\/\/www.europesays.com\/fr\/wp-json\/wp\/v2\/types\/post"}],"author":[{"embeddable":true,"href":"https:\/\/www.europesays.com\/fr\/wp-json\/wp\/v2\/users\/2"}],"replies":[{"embeddable":true,"href":"https:\/\/www.europesays.com\/fr\/wp-json\/wp\/v2\/comments?post=402658"}],"version-history":[{"count":0,"href":"https:\/\/www.europesays.com\/fr\/wp-json\/wp\/v2\/posts\/402658\/revisions"}],"wp:featuredmedia":[{"embeddable":true,"href":"https:\/\/www.europesays.com\/fr\/wp-json\/wp\/v2\/media\/402659"}],"wp:attachment":[{"href":"https:\/\/www.europesays.com\/fr\/wp-json\/wp\/v2\/media?parent=402658"}],"wp:term":[{"taxonomy":"category","embeddable":true,"href":"https:\/\/www.europesays.com\/fr\/wp-json\/wp\/v2\/categories?post=402658"},{"taxonomy":"post_tag","embeddable":true,"href":"https:\/\/www.europesays.com\/fr\/wp-json\/wp\/v2\/tags?post=402658"}],"curies":[{"name":"wp","href":"https:\/\/api.w.org\/{rel}","templated":true}]}}