{"id":402660,"date":"2025-09-19T15:38:10","date_gmt":"2025-09-19T15:38:10","guid":{"rendered":"https:\/\/www.europesays.com\/fr\/402660\/"},"modified":"2025-09-19T15:38:10","modified_gmt":"2025-09-19T15:38:10","slug":"les-tours-de-notre-dame-de-paris-rouvrent-au-public","status":"publish","type":"post","link":"https:\/\/www.europesays.com\/fr\/402660\/","title":{"rendered":"les tours de Notre-Dame de Paris rouvrent au public"},"content":{"rendered":"<p class=\"mb-4 text-lg md:leading-8 break-words\">Les tours de Notre-Dame de Paris seront de nouveau accessibles au public \u00e0 partir de samedi dans le cadre des journ\u00e9es du patrimoine. Suspendu apr\u00e8s l&rsquo;incendie du 15 avril 2019, le parcours de la visite des tours a \u00e9t\u00e9 totalement r\u00e9organis\u00e9 et repens\u00e9 avec \u00e0 la cl\u00e9 l&rsquo;une des plus belles vues de la capitale.<\/p>\n<p class=\"mb-4 text-lg md:leading-8 break-words\"><a class=\"link \" href=\"https:\/\/www.france24.com\/fr\/tag\/notre-dame-de-paris\/\" rel=\"nofollow noopener\" target=\"_blank\" data-ylk=\"slk:Notre-Dame de Paris;elm:context_link;itc:0;sec:content-canvas\">Notre-Dame de Paris<\/a> se d\u00e9voile encore un peu plus aux visiteurs. \u00c0 partir de samedi, il sera de nouveau possible de monter au sommet des tours de la cath\u00e9drale, totalement restaur\u00e9es apr\u00e8s <a href=\"https:\/\/www.france24.com\/fr\/\u00e9missions\/la-question-qui-f\u00e2che\/20241206-n-en-fait-on-pas-trop-pour-notre-dame-de-paris\" rel=\"nofollow noopener\" target=\"_blank\" data-ylk=\"slk:l&#039;incendie ayant ravag\u00e9 l&#039;\u00e9difice en 2019;elm:context_link;itc:0;sec:content-canvas\" class=\"link \">l&rsquo;incendie ayant ravag\u00e9 l&rsquo;\u00e9difice en 2019<\/a>.<\/p>\n<p class=\"mb-4 text-lg md:leading-8 break-words\"><a class=\"link \" href=\"https:\/\/www.france24.com\/fr\/tag\/emmanuel-macron\/\" rel=\"nofollow noopener\" target=\"_blank\" data-ylk=\"slk:Emmanuel Macron;elm:context_link;itc:0;sec:content-canvas\">Emmanuel Macron<\/a> est mont\u00e9 vendredi matin sur le toit du monument pour c\u00e9l\u00e9brer cette r\u00e9ouverture, \u00e0 l&rsquo;occasion des <a class=\"link \" href=\"https:\/\/www.france24.com\/fr\/tag\/journ\u00e9es-du-patrimoine\/\" rel=\"nofollow noopener\" target=\"_blank\" data-ylk=\"slk:Journ\u00e9es du patrimoine;elm:context_link;itc:0;sec:content-canvas\">Journ\u00e9es du patrimoine<\/a> ce week-end, et remercier une fois de plus les acteurs qui ont permis la restauration.<\/p>\n<p>Pourquoi visiter les tours ?<\/p>\n<p class=\"mb-4 text-lg md:leading-8 break-words\">Il faut gravir 424 marches mais l&rsquo;effort est r\u00e9compens\u00e9 : les toits de Notre-Dame offrent l&rsquo;une des plus belles vues, \u00e0 360 degr\u00e9s, sur Paris.<\/p>\n<p class=\"mb-4 text-lg md:leading-8 break-words\">Suspendu apr\u00e8s l&rsquo;incendie du 15 avril 2019, le parcours de la visite des tours a \u00e9t\u00e9 totalement r\u00e9organis\u00e9 et repens\u00e9 pour en faire \u00ab\u00a0une exp\u00e9rience inspirante\u00a0\u00bb, selon Marie Lavandier, pr\u00e9sidente du Centre des monuments nationaux (CMN).<\/p>\n<p class=\"mb-4 text-lg md:leading-8 break-words\">Le circuit, de 45 minutes environ, d\u00e9bute par la tour sud avec une mont\u00e9e dans le beffroi, auparavant invisible, gr\u00e2ce \u00e0 la construction d&rsquo;un grand escalier \u00e0 double r\u00e9volution en ch\u00eane massif.<\/p>\n<p class=\"mb-4 text-lg md:leading-8 break-words\">Le visiteur acc\u00e8de ensuite aux terrasses qui culminent \u00e0 69 m\u00e8tres, puis d\u00e9couvre les deux principales cloches de la cath\u00e9drale, dont l&rsquo;une est nomm\u00e9e Emmanuel, d&rsquo;un poids sup\u00e9rieur \u00e0 13 tonnes, qui ne sonnent que pour les grands \u00e9v\u00e8nements.<\/p>\n<p class=\"mb-4 text-lg md:leading-8 break-words\">Le parcours passe ensuite par la Cour des citernes, qui s\u00e9pare les deux tours et permet de jeter un oeil \u00e0 la \u00ab\u00a0for\u00eat\u00a0\u00bb, la charpente reconstruite apr\u00e8s avoir \u00e9t\u00e9 d\u00e9vast\u00e9e par les flammes. La descente se fait par la tour nord.<\/p>\n<p>Comment les visiter ?<\/p>\n<p class=\"mb-4 text-lg md:leading-8 break-words\">C&rsquo;est moins facile que la cath\u00e9drale puisqu&rsquo;une jauge a \u00e9t\u00e9 fix\u00e9e \u00e0 400 000 visiteurs par an alors qu&rsquo;environ 30 000 personnes entrent chaque jour dans le b\u00e2timent gothique.<\/p>\n<p class=\"mb-4 text-lg md:leading-8 break-words\">Il faut acheter en ligne un billet sur le site <a href=\"https:\/\/www.tours-notre-dame-de-paris.fr\/\" rel=\"nofollow noopener\" target=\"_blank\" data-ylk=\"slk:http:\/\/www.tours-notre-dame-de-Paris.fr;elm:context_link;itc:0;sec:content-canvas\" class=\"link \">http:\/\/www.tours-notre-dame-de-Paris.fr<\/a>. 19 personnes au maximum peuvent entrer en m\u00eame temps. Une bonne condition physique est requise.<\/p>\n<p class=\"mb-4 text-lg md:leading-8 break-words\">\u00c0 voir aussi<a class=\"link \" href=\"https:\/\/www.france24.com\/fr\/vid\u00e9o\/20241207-r\u00e9ouverture-de-notre-dame-de-paris-les-coulisses-de-la-reconstruction\" rel=\"nofollow noopener\" target=\"_blank\" data-ylk=\"slk:R\u00e9ouverture de Notre-Dame de Paris : les coulisses de la reconstruction;elm:context_link;itc:0;sec:content-canvas\">R\u00e9ouverture de Notre-Dame de Paris : les coulisses de la reconstruction<\/a><\/p>\n<p class=\"mb-4 text-lg md:leading-8 break-words\">Les billets pour les deux jours des Journ\u00e9es du Patrimoine se sont arrach\u00e9s en 24 minutes, selon le CMN.<\/p>\n<p class=\"mb-4 text-lg md:leading-8 break-words\">Si la visite de la cath\u00e9drale est gratuite, celle des tours co\u00fbte 16 euros.<\/p>\n<p>Quels travaux ont \u00e9t\u00e9 men\u00e9s?<\/p>\n<p class=\"mb-4 text-lg md:leading-8 break-words\">La priorit\u00e9 a \u00e9t\u00e9 la tour nord puisque les flammes avaient commenc\u00e9 \u00e0 attaquer son beffroi. \u00ab\u00a0Les pompiers ont \u00e9t\u00e9 h\u00e9ro\u00efques pour le sauver\u00a0\u00bb, rappelle Philippe Jost, pr\u00e9sident de l&rsquo;\u00e9tablissement charg\u00e9 de la restauration de la cath\u00e9drale.<\/p>\n<p class=\"mb-4 text-lg md:leading-8 break-words\">Il a donc fallu remplacer les poutres calcin\u00e9es et d\u00e9crocher les huit cloches pour les inspecter dans une fonderie de la Manche. Avec un exploit technique \u00e0 la cl\u00e9: le soul\u00e8vement par v\u00e9rin des 150 tonnes du beffroi.<\/p>\n<p class=\"mb-4 text-lg md:leading-8 break-words\">\u00c0 lire aussi<a class=\"link \" href=\"https:\/\/www.france24.com\/fr\/france\/20241206-comment-l-ia-et-les-nouvelles-technologies-ont-contribu\u00e9-\u00e0-la-reconstruction-de-notre-dame\" rel=\"nofollow noopener\" target=\"_blank\" data-ylk=\"slk:Comment l\u2019IA et les nouvelles technologies ont contribu\u00e9 \u00e0 la reconstruction de Notre-Dame;elm:context_link;itc:0;sec:content-canvas\">Comment l\u2019IA et les nouvelles technologies ont contribu\u00e9 \u00e0 la reconstruction de Notre-Dame<\/a><\/p>\n<p class=\"mb-4 text-lg md:leading-8 break-words\">\u00c9pargn\u00e9e par l&rsquo;incendie, la tour sud a \u00e9t\u00e9 restaur\u00e9e car des poutres \u00e9taient vermoulues. La couverture en plomb du toit a \u00e9t\u00e9 chang\u00e9e.<\/p>\n<p class=\"mb-4 text-lg md:leading-8 break-words\">Des \u00e9quipements importants ont \u00e9t\u00e9 install\u00e9s pour faciliter les visites et renforcer la s\u00e9curit\u00e9, notamment contre les incendies.<\/p>\n<p class=\"mb-4 text-lg md:leading-8 break-words\">Les travaux des tours ont \u00e9t\u00e9 financ\u00e9s dans le cadre de la phase 2 du chantier, celle de la restauration, d&rsquo;un montant de 552 millions d&rsquo;euros selon la Cour des Comptes.<\/p>\n<p>Que reste-t-il \u00e0 faire dans Notre-Dame?<\/p>\n<p class=\"mb-4 text-lg md:leading-8 break-words\">L&rsquo;essentiel a \u00e9t\u00e9 fait, avec l&rsquo;ouverture de la cath\u00e9drale le 8 d\u00e9cembre 2024 puis celle des tours.<\/p>\n<p class=\"mb-4 text-lg md:leading-8 break-words\">\u00ab\u00a0Notre ambition est d\u00e9sormais d&rsquo;aller au bout de la restauration compl\u00e8te\u00a0\u00bb, indique Philippe Jost. Les prochains travaux visent \u00e0 r\u00e9nover le chevet, \u00e0 l&rsquo;extr\u00e9mit\u00e9 est de l&rsquo;\u00e9difice, au-del\u00e0 du choeur.<\/p>\n<p class=\"mb-4 text-lg md:leading-8 break-words\">Avec AFP<\/p>\n","protected":false},"excerpt":{"rendered":"Les tours de Notre-Dame de Paris seront de nouveau accessibles au public \u00e0 partir de samedi dans le&hellip;\n","protected":false},"author":2,"featured_media":5539,"comment_status":"","ping_status":"","sticky":false,"template":"","format":"standard","meta":{"footnotes":""},"categories":[1888],"tags":[1111,1928,11,1927,53400,1777,674,1011,27,48159,12,1926,626,1925,25,1390],"class_list":{"0":"post-402660","1":"post","2":"type-post","3":"status-publish","4":"format-standard","5":"has-post-thumbnail","7":"category-paris","8":"tag-actu","9":"tag-actu-paris","10":"tag-actualites","11":"tag-actualites-paris","12":"tag-centre-des-monuments-nationaux","13":"tag-eu","14":"tag-europe","15":"tag-fr","16":"tag-france","17":"tag-journees-du-patrimoine","18":"tag-news","19":"tag-news-paris","20":"tag-paris","21":"tag-paris-news","22":"tag-republique-francaise","23":"tag-tours"},"share_on_mastodon":{"url":"https:\/\/pubeurope.com\/@fr\/115231713198086129","error":""},"_links":{"self":[{"href":"https:\/\/www.europesays.com\/fr\/wp-json\/wp\/v2\/posts\/402660","targetHints":{"allow":["GET"]}}],"collection":[{"href":"https:\/\/www.europesays.com\/fr\/wp-json\/wp\/v2\/posts"}],"about":[{"href":"https:\/\/www.europesays.com\/fr\/wp-json\/wp\/v2\/types\/post"}],"author":[{"embeddable":true,"href":"https:\/\/www.europesays.com\/fr\/wp-json\/wp\/v2\/users\/2"}],"replies":[{"embeddable":true,"href":"https:\/\/www.europesays.com\/fr\/wp-json\/wp\/v2\/comments?post=402660"}],"version-history":[{"count":0,"href":"https:\/\/www.europesays.com\/fr\/wp-json\/wp\/v2\/posts\/402660\/revisions"}],"wp:featuredmedia":[{"embeddable":true,"href":"https:\/\/www.europesays.com\/fr\/wp-json\/wp\/v2\/media\/5539"}],"wp:attachment":[{"href":"https:\/\/www.europesays.com\/fr\/wp-json\/wp\/v2\/media?parent=402660"}],"wp:term":[{"taxonomy":"category","embeddable":true,"href":"https:\/\/www.europesays.com\/fr\/wp-json\/wp\/v2\/categories?post=402660"},{"taxonomy":"post_tag","embeddable":true,"href":"https:\/\/www.europesays.com\/fr\/wp-json\/wp\/v2\/tags?post=402660"}],"curies":[{"name":"wp","href":"https:\/\/api.w.org\/{rel}","templated":true}]}}