{"id":402665,"date":"2025-09-19T15:41:11","date_gmt":"2025-09-19T15:41:11","guid":{"rendered":"https:\/\/www.europesays.com\/fr\/402665\/"},"modified":"2025-09-19T15:41:11","modified_gmt":"2025-09-19T15:41:11","slug":"ses-enfants-sont-en-russie-avec-leur-mere-il-ne-les-a-pas-vus-depuis-2017","status":"publish","type":"post","link":"https:\/\/www.europesays.com\/fr\/402665\/","title":{"rendered":"ses enfants sont en Russie avec leur m\u00e8re, il ne les a pas vus depuis 2017"},"content":{"rendered":"<p>Il n\u2019a \u00ab\u00a0plus aucune preuve de vie\u00a0\u00bb depuis plus de deux ann\u00e9es. Cela fait huit ans maintenant qu\u2019un habitant de Bourges (<a target=\"_self\" href=\"https:\/\/www.lanouvellerepublique.fr\/cher\" rel=\"nofollow noopener\">Cher<\/a>) multiplie les d\u00e9marches judiciaires pour revoir ses trois enfants, n\u00e9s en\u00a02011 et\u00a02015. Leur m\u00e8re les a emmen\u00e9s en Russie, en juin\u00a02017, sans jamais revenir de ce qu\u2019elle pr\u00e9sentait comme des vacances, raconte <a target=\"_blank\" href=\"https:\/\/www.leberry.fr\/bourges-18000\/actualites\/sils-restent-la-bas-ils-sont-foutus-a-bourges-le-combat-d-un-pere-pour-revoir-ses-enfants-emmenes-par-leur-mere-en-russie_14750819\/\" rel=\"nofollow noopener\">Le Berry R\u00e9publicain<\/a>. La cour d\u2019appel examinait le dossier, le 18\u00a0septembre 2025.<\/p>\n<p>Un droit de visite en Russie<\/p>\n<p>Son d\u00e9lib\u00e9r\u00e9 est attendu, le 16\u00a0octobre 2025. En 2018 puis en 2020, les justices fran\u00e7aise et russe avaient donn\u00e9 raison au p\u00e8re de famille. Le tribunal correctionnel avait ensuite relax\u00e9 la m\u00e8re, poursuivie pour soustraction d\u2019enfant et r\u00e9tention hors de France. La Russe avait aussi eu gain de cause quand les cours de cassation et d\u2019appel avaient accord\u00e9 au Berruyer, divorc\u00e9 en 2019, un droit de voir ses enfants, mais <a target=\"_self\" href=\"https:\/\/www.lanouvellerepublique.fr\/a-la-une\/la-russie-puissance-de-la-desinformation-1752261173\" rel=\"nofollow noopener\">en Russie<\/a>.<\/p>\n<p>\u00c0 Bourges, l\u2019avocate g\u00e9n\u00e9rale a requis contre la m\u00e8re une peine de prison ferme, mettant en avant un d\u00e9part pr\u00e9m\u00e9dit\u00e9. La d\u00e9fense a de son c\u00f4t\u00e9 \u00e9voqu\u00e9 les \u00ab\u00a0violences verbales et psychologiques\u00a0\u00bb du Fran\u00e7ais. Celui-ci s\u2019inqui\u00e8te pour ses enfants, qui ne parlent plus fran\u00e7ais, et notamment pour l\u2019a\u00een\u00e9, photographi\u00e9 en uniforme militaire russe. \u00ab\u00a0Si je fais cela, c\u2019est pour sauver la vie de mes enfants\u00a0\u00bb, a pr\u00e9cis\u00e9 le Berruyer.<\/p>\n","protected":false},"excerpt":{"rendered":"Il n\u2019a \u00ab\u00a0plus aucune preuve de vie\u00a0\u00bb depuis plus de deux ann\u00e9es. Cela fait huit ans maintenant qu\u2019un&hellip;\n","protected":false},"author":2,"featured_media":402666,"comment_status":"","ping_status":"","sticky":false,"template":"","format":"standard","meta":{"footnotes":""},"categories":[1591],"tags":[11,3139,1674,1887,12,1885,1886,132],"class_list":{"0":"post-402665","1":"post","2":"type-post","3":"status-publish","4":"format-standard","5":"has-post-thumbnail","7":"category-russie","8":"tag-actualites","9":"tag-cher","10":"tag-communes","11":"tag-federation-de-russie","12":"tag-news","13":"tag-russia","14":"tag-russian-federation","15":"tag-russie"},"share_on_mastodon":{"url":"https:\/\/pubeurope.com\/@fr\/115231724941507092","error":""},"_links":{"self":[{"href":"https:\/\/www.europesays.com\/fr\/wp-json\/wp\/v2\/posts\/402665","targetHints":{"allow":["GET"]}}],"collection":[{"href":"https:\/\/www.europesays.com\/fr\/wp-json\/wp\/v2\/posts"}],"about":[{"href":"https:\/\/www.europesays.com\/fr\/wp-json\/wp\/v2\/types\/post"}],"author":[{"embeddable":true,"href":"https:\/\/www.europesays.com\/fr\/wp-json\/wp\/v2\/users\/2"}],"replies":[{"embeddable":true,"href":"https:\/\/www.europesays.com\/fr\/wp-json\/wp\/v2\/comments?post=402665"}],"version-history":[{"count":0,"href":"https:\/\/www.europesays.com\/fr\/wp-json\/wp\/v2\/posts\/402665\/revisions"}],"wp:featuredmedia":[{"embeddable":true,"href":"https:\/\/www.europesays.com\/fr\/wp-json\/wp\/v2\/media\/402666"}],"wp:attachment":[{"href":"https:\/\/www.europesays.com\/fr\/wp-json\/wp\/v2\/media?parent=402665"}],"wp:term":[{"taxonomy":"category","embeddable":true,"href":"https:\/\/www.europesays.com\/fr\/wp-json\/wp\/v2\/categories?post=402665"},{"taxonomy":"post_tag","embeddable":true,"href":"https:\/\/www.europesays.com\/fr\/wp-json\/wp\/v2\/tags?post=402665"}],"curies":[{"name":"wp","href":"https:\/\/api.w.org\/{rel}","templated":true}]}}