{"id":402669,"date":"2025-09-19T15:43:10","date_gmt":"2025-09-19T15:43:10","guid":{"rendered":"https:\/\/www.europesays.com\/fr\/402669\/"},"modified":"2025-09-19T15:43:10","modified_gmt":"2025-09-19T15:43:10","slug":"le-nouveau-responsable-de-la-fed-dit-ne-pas-avoir-recu-dinstruction-de-vote-de-trump","status":"publish","type":"post","link":"https:\/\/www.europesays.com\/fr\/402669\/","title":{"rendered":"le nouveau responsable de la Fed dit ne pas avoir re\u00e7u d&rsquo;instruction de vote de Trump"},"content":{"rendered":"<p class=\"fig-paragraph\">Un des gouverneurs de la banque centrale des \u00c9tats-Unis (Fed), tout juste promu par Donald Trump, a affirm\u00e9 vendredi qu&rsquo;il n&rsquo;avait re\u00e7u aucune consigne du pr\u00e9sident cette semaine avant de voter sur les taux d&rsquo;int\u00e9r\u00eat. \u00abLe pr\u00e9sident m&rsquo;a appel\u00e9 pour me f\u00e9liciter, il ne m&rsquo;a pas demand\u00e9 de faire quoi que ce soit, je ne me suis engag\u00e9 \u00e0 rien en particulier\u00bb, a d\u00e9clar\u00e9 Stephen Miran dans une interview \u00e0 la cha\u00eene de t\u00e9l\u00e9vision CNBC. Stephen Miran est devenu gouverneur de la Fed mardi, juste \u00e0 temps pour voter sur les taux d&rsquo;int\u00e9r\u00eat am\u00e9ricains, qu&rsquo;il voulait voir baisser davantage que ses coll\u00e8gues.<\/p>\n","protected":false},"excerpt":{"rendered":"Un des gouverneurs de la banque centrale des \u00c9tats-Unis (Fed), tout juste promu par Donald Trump, a affirm\u00e9&hellip;\n","protected":false},"author":2,"featured_media":402670,"comment_status":"","ping_status":"","sticky":false,"template":"","format":"standard","meta":{"footnotes":""},"categories":[1589],"tags":[11,75,73,1866,7512,36464,12,1864,1865,1863,308],"class_list":{"0":"post-402669","1":"post","2":"type-post","3":"status-publish","4":"format-standard","5":"has-post-thumbnail","7":"category-etats-unis","8":"tag-actualites","9":"tag-donald-trump","10":"tag-etats-unis","11":"tag-etats-unis-damerique","12":"tag-fed","13":"tag-independance","14":"tag-news","15":"tag-united-states","16":"tag-united-states-of-america","17":"tag-us","18":"tag-usa"},"share_on_mastodon":{"url":"https:\/\/pubeurope.com\/@fr\/115231732793571655","error":""},"_links":{"self":[{"href":"https:\/\/www.europesays.com\/fr\/wp-json\/wp\/v2\/posts\/402669","targetHints":{"allow":["GET"]}}],"collection":[{"href":"https:\/\/www.europesays.com\/fr\/wp-json\/wp\/v2\/posts"}],"about":[{"href":"https:\/\/www.europesays.com\/fr\/wp-json\/wp\/v2\/types\/post"}],"author":[{"embeddable":true,"href":"https:\/\/www.europesays.com\/fr\/wp-json\/wp\/v2\/users\/2"}],"replies":[{"embeddable":true,"href":"https:\/\/www.europesays.com\/fr\/wp-json\/wp\/v2\/comments?post=402669"}],"version-history":[{"count":0,"href":"https:\/\/www.europesays.com\/fr\/wp-json\/wp\/v2\/posts\/402669\/revisions"}],"wp:featuredmedia":[{"embeddable":true,"href":"https:\/\/www.europesays.com\/fr\/wp-json\/wp\/v2\/media\/402670"}],"wp:attachment":[{"href":"https:\/\/www.europesays.com\/fr\/wp-json\/wp\/v2\/media?parent=402669"}],"wp:term":[{"taxonomy":"category","embeddable":true,"href":"https:\/\/www.europesays.com\/fr\/wp-json\/wp\/v2\/categories?post=402669"},{"taxonomy":"post_tag","embeddable":true,"href":"https:\/\/www.europesays.com\/fr\/wp-json\/wp\/v2\/tags?post=402669"}],"curies":[{"name":"wp","href":"https:\/\/api.w.org\/{rel}","templated":true}]}}