{"id":402673,"date":"2025-09-19T15:45:11","date_gmt":"2025-09-19T15:45:11","guid":{"rendered":"https:\/\/www.europesays.com\/fr\/402673\/"},"modified":"2025-09-19T15:45:11","modified_gmt":"2025-09-19T15:45:11","slug":"lallemagne-envisage-dejecter-la-france-du-programme-scaf","status":"publish","type":"post","link":"https:\/\/www.europesays.com\/fr\/402673\/","title":{"rendered":"L\u2019Allemagne envisage d\u2019\u00e9jecter la France du programme SCAF"},"content":{"rendered":"\n<p>Le torchon continue de br\u00fbler entre Paris et Berlin, \u00e0 propos du futur chasseur europ\u00e9en. Le programme SCAF (Syst\u00e8me de combat a\u00e9rien du futur), qui comporte notamment \u00a0un chasseur de nouvelle g\u00e9n\u00e9ration [le NGF] destin\u00e9 \u00e0 remplacer le Rafale et l&rsquo;Eurofighter Typhoon d&rsquo;ici 2040, mais aussi des drones et un cloud de combat, est au point mort. L\u2019industriel fran\u00e7ais Dassault et le groupe europ\u00e9en Airbus continuent de se disputer le partage des t\u00e2ches, le leadership ou la vision strat\u00e9gique. Si bien que ce jeudi, deux des trois parties au programme ont fait une d\u00e9claration aux allures d\u2019ultimatum lanc\u00e9 \u00e0 la France. \u00ab\u00a0Nous partageons le m\u00eame avis: la situation actuelle n&rsquo;est pas satisfaisante. Nous n&rsquo;avan\u00e7ons pas dans ce projet\u00a0\u00bb, a d\u00e9clar\u00e9 le chancelier allemand Friedrich Merz lors d\u2019une conf\u00e9rence de presse tenue \u00e0 Madrid. \u00ab\u00a0Nous sommes tous deux en discussion avec le gouvernement fran\u00e7ais et nous voulons tous deux trouver une solution le plus rapidement possible\u00a0\u00bb, a-t-il ajout\u00e9, pr\u00e9cisant vouloir \u00ab\u00a0essayer d&rsquo;arriver \u00e0 une solution d&rsquo;ici fin 2025\u00a0\u00bb.<\/p>\n<p> <strong>Options su\u00e9doise et britannique<\/strong>  <\/p>\n<p>Mais en coulisse, le plan allemand est bien moins diplomate. Derri\u00e8re ce discours plein de bonne volont\u00e9 apparente, Berlin chercherait en parall\u00e8le \u00e0 se d\u00e9barrasser de la France. <a href=\"https:\/\/www.politico.eu\/article\/germany-france-europe-fighter-jet-defense-aviation\/\" target=\"_blank\" rel=\"nofollow noopener\">D\u2019apr\u00e8s Politico,<\/a> le minist\u00e8re allemand de la D\u00e9fense a \u00e9voqu\u00e9 avec Airbus, qui est responsable de la partie allemande du programme, la possibilit\u00e9 d\u2019\u00e9carter Dassault du projet. D\u2019apr\u00e8s un responsable du Bundestag, les responsables de l&rsquo;arm\u00e9e de l&rsquo;air allemande ont \u00e9galement inform\u00e9 les d\u00e9put\u00e9s en d\u00e9but de semaine. Furieux \u00e0 l\u2019id\u00e9e que l\u2019industriel fran\u00e7ais prenne une place trop importante \u00e0 leurs yeux, les Allemands refusent d\u2019envisager une nouvelle r\u00e9partition des charges qui profiterait \u00e0 la France.<\/p>\n<p>\u00c0 la place, Berlin serait pr\u00eat \u00e0 envisager un rapprochement avec la Su\u00e8de et le Royaume-Uni. Stockholm, qui a quitt\u00e9 le programme&#8230;<\/p>\n","protected":false},"excerpt":{"rendered":"Le torchon continue de br\u00fbler entre Paris et Berlin, \u00e0 propos du futur chasseur europ\u00e9en. Le programme SCAF&hellip;\n","protected":false},"author":2,"featured_media":402674,"comment_status":"","ping_status":"","sticky":false,"template":"","format":"standard","meta":{"footnotes":""},"categories":[1587],"tags":[11,672,17918,1804,8654,1805,1803,123,1777,674,4710,1801,14,12,38578,1802,29284],"class_list":{"0":"post-402673","1":"post","2":"type-post","3":"status-publish","4":"format-standard","5":"has-post-thumbnail","7":"category-allemagne","8":"tag-actualites","9":"tag-allemagne","10":"tag-avion-de-chasse","11":"tag-bundesrepublik-deutschland","12":"tag-couple-franco-allemand","13":"tag-de","14":"tag-deutschland","15":"tag-espagne","16":"tag-eu","17":"tag-europe","18":"tag-friedrich-merz","19":"tag-germany","20":"tag-international","21":"tag-news","22":"tag-relation-franco-allemande","23":"tag-republique-federale-dallemagne","24":"tag-scaf"},"share_on_mastodon":{"url":"https:\/\/pubeurope.com\/@fr\/115231740684627112","error":""},"_links":{"self":[{"href":"https:\/\/www.europesays.com\/fr\/wp-json\/wp\/v2\/posts\/402673","targetHints":{"allow":["GET"]}}],"collection":[{"href":"https:\/\/www.europesays.com\/fr\/wp-json\/wp\/v2\/posts"}],"about":[{"href":"https:\/\/www.europesays.com\/fr\/wp-json\/wp\/v2\/types\/post"}],"author":[{"embeddable":true,"href":"https:\/\/www.europesays.com\/fr\/wp-json\/wp\/v2\/users\/2"}],"replies":[{"embeddable":true,"href":"https:\/\/www.europesays.com\/fr\/wp-json\/wp\/v2\/comments?post=402673"}],"version-history":[{"count":0,"href":"https:\/\/www.europesays.com\/fr\/wp-json\/wp\/v2\/posts\/402673\/revisions"}],"wp:featuredmedia":[{"embeddable":true,"href":"https:\/\/www.europesays.com\/fr\/wp-json\/wp\/v2\/media\/402674"}],"wp:attachment":[{"href":"https:\/\/www.europesays.com\/fr\/wp-json\/wp\/v2\/media?parent=402673"}],"wp:term":[{"taxonomy":"category","embeddable":true,"href":"https:\/\/www.europesays.com\/fr\/wp-json\/wp\/v2\/categories?post=402673"},{"taxonomy":"post_tag","embeddable":true,"href":"https:\/\/www.europesays.com\/fr\/wp-json\/wp\/v2\/tags?post=402673"}],"curies":[{"name":"wp","href":"https:\/\/api.w.org\/{rel}","templated":true}]}}