{"id":402677,"date":"2025-09-19T15:47:27","date_gmt":"2025-09-19T15:47:27","guid":{"rendered":"https:\/\/www.europesays.com\/fr\/402677\/"},"modified":"2025-09-19T15:47:27","modified_gmt":"2025-09-19T15:47:27","slug":"lespagne-soutient-le-plan-de-lue-sur-les-avoirs-russes-geles","status":"publish","type":"post","link":"https:\/\/www.europesays.com\/fr\/402677\/","title":{"rendered":"L\u2019Espagne soutient le plan de l\u2019UE sur les avoirs russes gel\u00e9s"},"content":{"rendered":"<p>                    <img decoding=\"async\" style=\"aspect-ratio:16\/9\" src=\"https:\/\/www.europesays.com\/fr\/wp-content\/uploads\/2025\/09\/Carlos-Cuerpo-1.jpg\" width=\"100%\" loading=\"eager\"\/><\/p>\n<p>                            <a href=\"https:\/\/fr.businessam.be\/author\/redactie\/\" class=\"author-thumbnail\" style=\"border: 2px inset #00000099;\" rel=\"nofollow noopener\" target=\"_blank\"><img loading=\"lazy\" decoding=\"async\" src=\"https:\/\/www.europesays.com\/fr\/wp-content\/uploads\/2025\/09\/1758296847_154_cropped-favicon-192x192.png\" width=\"80\" height=\"80\" alt=\"Business AM\"\/><\/a>\ue05bpar <a href=\"https:\/\/fr.businessam.be\/author\/redactie\/\" rel=\"nofollow noopener\" target=\"_blank\">Business AM<\/a><br \/>\ue010publi\u00e9 le vendredi 19 septembre 2025 \u00e0 17:28 \u2022 <br \/>\ue00c2 min de lecture<\/p>\n<p>Principaux renseignements<\/p>\n<ul class=\"wp-block-list\">\n<li><strong>L\u2019Espagne soutient le plan de l\u2019UE visant \u00e0 utiliser les avoirs russes gel\u00e9s pour aider l\u2019Ukraine.<\/strong><\/li>\n<li><strong>Le pays a toujours apport\u00e9 un soutien financier important \u00e0 l\u2019Ukraine.<\/strong><\/li>\n<li><strong>L\u2019Espagne entend r\u00e9duire sa d\u00e9pendance \u00e0 l\u2019\u00e9gard du gaz naturel liqu\u00e9fi\u00e9 russe en diversifiant ses sources d\u2019\u00e9nergie.<\/strong><\/li>\n<\/ul>\n<p>L\u2019Espagne soutient fermement le projet de la Commission europ\u00e9enne d\u2019utiliser les avoirs russes gel\u00e9s au profit de l\u2019Ukraine. Le ministre de l\u2019\u00c9conomie <a href=\"https:\/\/fr.businessam.be\/leurope-est-confrontee-a-des-troubles-politiques-et-a-un-monde-en-mutation\/\" target=\"_blank\" rel=\"noreferrer noopener nofollow\">Carlos Cuerpo<\/a> a exprim\u00e9 ce soutien lors d\u2019une r\u00e9cente interview. Il a soulign\u00e9 l\u2019engagement constant de l\u2019Espagne \u00e0 fournir une aide financi\u00e8re substantielle \u00e0 l\u2019Ukraine, en particulier dans le climat g\u00e9opolitique actuel.<\/p>\n<p>Soutien espagnol \u00e0 l\u2019exploitation des actifs gel\u00e9s<\/p>\n<p>Cuerpo a soulign\u00e9 l\u2019importance de trouver des solutions cr\u00e9atives pour tirer parti de ces actifs immobilis\u00e9s et maximiser l\u2019aide financi\u00e8re disponible pour l\u2019Ukraine. En outre, il a expos\u00e9 la strat\u00e9gie de l\u2019Espagne pour r\u00e9duire sa d\u00e9pendance \u00e0 l\u2019\u00e9gard du gaz naturel liqu\u00e9fi\u00e9 russe. Cela implique de diversifier les sources d\u2019\u00e9nergie et d\u2019explorer des partenariats avec des pays comme les \u00c9tats-Unis.<\/p>\n<p><a href=\"https:\/\/news.google.com\/publications\/CAowtseUCw?hl=fr&amp;gl=BE&amp;ceid=BE%3Afr\" target=\"_blank\" rel=\"nofollow noopener\">Suivez \u00e9galement Business AM sur Google Actualit\u00e9s<\/a><\/p>\n<p><a href=\"https:\/\/portalfr.businessam.be\/plans\/business-am-fr-offre-dete\/\" target=\"_blank\" rel=\"nofollow noopener\">Si vous souhaitez acc\u00e9der \u00e0 tous les articles, abonnez-vous ici!<\/a><\/p>\n","protected":false},"excerpt":{"rendered":"\ue05bpar Business AM\ue010publi\u00e9 le vendredi 19 septembre 2025 \u00e0 17:28 \u2022 \ue00c2 min de lecture Principaux renseignements L\u2019Espagne&hellip;\n","protected":false},"author":2,"featured_media":402678,"comment_status":"","ping_status":"","sticky":false,"template":"","format":"standard","meta":{"footnotes":""},"categories":[1586],"tags":[11,123,1777,674,1779,1011,27,12,25,132,1778,364],"class_list":{"0":"post-402677","1":"post","2":"type-post","3":"status-publish","4":"format-standard","5":"has-post-thumbnail","7":"category-europe","8":"tag-actualites","9":"tag-espagne","10":"tag-eu","11":"tag-europe","12":"tag-european-union","13":"tag-fr","14":"tag-france","15":"tag-news","16":"tag-republique-francaise","17":"tag-russie","18":"tag-ue","19":"tag-union-europeenne"},"share_on_mastodon":{"url":"https:\/\/pubeurope.com\/@fr\/115231748996504035","error":""},"_links":{"self":[{"href":"https:\/\/www.europesays.com\/fr\/wp-json\/wp\/v2\/posts\/402677","targetHints":{"allow":["GET"]}}],"collection":[{"href":"https:\/\/www.europesays.com\/fr\/wp-json\/wp\/v2\/posts"}],"about":[{"href":"https:\/\/www.europesays.com\/fr\/wp-json\/wp\/v2\/types\/post"}],"author":[{"embeddable":true,"href":"https:\/\/www.europesays.com\/fr\/wp-json\/wp\/v2\/users\/2"}],"replies":[{"embeddable":true,"href":"https:\/\/www.europesays.com\/fr\/wp-json\/wp\/v2\/comments?post=402677"}],"version-history":[{"count":0,"href":"https:\/\/www.europesays.com\/fr\/wp-json\/wp\/v2\/posts\/402677\/revisions"}],"wp:featuredmedia":[{"embeddable":true,"href":"https:\/\/www.europesays.com\/fr\/wp-json\/wp\/v2\/media\/402678"}],"wp:attachment":[{"href":"https:\/\/www.europesays.com\/fr\/wp-json\/wp\/v2\/media?parent=402677"}],"wp:term":[{"taxonomy":"category","embeddable":true,"href":"https:\/\/www.europesays.com\/fr\/wp-json\/wp\/v2\/categories?post=402677"},{"taxonomy":"post_tag","embeddable":true,"href":"https:\/\/www.europesays.com\/fr\/wp-json\/wp\/v2\/tags?post=402677"}],"curies":[{"name":"wp","href":"https:\/\/api.w.org\/{rel}","templated":true}]}}